{"id":88430,"date":"2023-06-24T10:55:36","date_gmt":"2023-06-24T13:55:36","guid":{"rendered":"https:\/\/www.centraldenoticias.com.ar\/?p=88430"},"modified":"2023-06-24T10:55:36","modified_gmt":"2023-06-24T13:55:36","slug":"kress-y-yenko-triunfaron-en-la-liga-bonaerense-de-freestyle","status":"publish","type":"post","link":"https:\/\/cdnoticias.com\/index.php\/2023\/06\/24\/kress-y-yenko-triunfaron-en-la-liga-bonaerense-de-freestyle\/","title":{"rendered":"Kress y Yenko triunfaron en la Liga Bonaerense de Freestyle"},"content":{"rendered":"<p>El evento se realiz\u00f3 en 25 de Mayo. De esta forma, clasificaron a la instancia provincial que se realizar\u00e1 en el Estadio \u00danico de La Plata.<!--more--><\/p>\n<hr \/>\n<p>Los freestylers <strong>olavarrienses Kress y Yenko se consagraron campeones regionales de la Liga Bonaerense de Freestyle en la ciudad de 25 de Mayo<\/strong> y clasificaron a la final provincial que se realizar\u00e1 en septiembre en el Estadio \u00danico de La Plata.<\/p>\n<p>&nbsp;<\/p>\n<blockquote><p>El evento se realiz\u00f3 el pasado martes y la dupla local sigue sumando victorias: ahora, tendr\u00e1n un gran desaf\u00edo en el mes de septiembre d\u00f3nde se enfrentar\u00e1n en competencia contra las parejas finalistas de las ocho regionales de la provincia y buscar\u00e1n ser los ganadores de esta primera edici\u00f3n de la Liga.<\/p><\/blockquote>\n<p>&nbsp;<\/p>\n<p><strong>La Liga Bonaerense de Freestyle es una propuesta impulsada por el Gobierno de la Provincia de Buenos Aires a trav\u00e9s del Instituto Cultural<\/strong> y consiste en competencias 2vs2 con el objetivo de fomentar el trabajo en equipo, con instancias pre regionales, que en esta regi\u00f3n se llevaron adelante en Azul y Gral. Alvear, instancias regionales que comenzaron con esta fecha y la instancia final o provincial que se realizar\u00e1 con un evento multitudinario en el Estadio Unico de La Plata donde competir\u00e1n 16 finalistas en jornada de competencia simple (de octavos de final en adelante).<\/p>\n<p>&nbsp;<\/p>\n<p><strong>Yenko viene de su tercera presentaci\u00f3n en RedBull batalla de gallos<\/strong> y no se baja de los escenarios. Sobre esta \u00faltima victoria expres\u00f3 que <em>\u201cKress es el mejor compa\u00f1ero que puedo tener, nos complementamos y aprendemos constantemente el uno del otro. Nos entendemos arriba y abajo del escenario, por eso ademas de ser mi mejor amigo es tambi\u00e9n mi mayor rival. Compartimos el sue\u00f1o de ser los mejores del mundo y es algo que vamos a lograr juntos\u201d.<\/em><\/p>\n<p>&nbsp;<\/p>\n<p><strong>Kress mantiene su posicionamiento entre los mejores freestylers del pa\u00eds en el ranking de ascenso de FMS y tambi\u00e9n hizo referencia a su relaci\u00f3n con Yenko<\/strong>: <em>&#8220;La hermandad que construimos con Yenko nos da seguridad, nos conocemos mucho. Nos toca ser rivales en algunas competencias y tambi\u00e9n lo disfrutamos, pero cuando estamos juntos sabemos cu\u00e1les son nuestras virtudes, ambos buscamos sacar lo mejor del otro y eso se ve en los resultados&#8221;<\/em> concluy\u00f3.<\/p>\n<p>&nbsp;<\/p>\n<p>Se\u00f1alaron que <em>\u201cesto no es un hecho aislado\u201d<\/em>, es una demostraci\u00f3n del <strong><em>\u201calto nivel que tenemos en nuestra ciudad y el fruto de la constancia, el trabajo de j\u00f3venes que mantienen activa est\u00e1 cultura urbana buscando el desarrollo art\u00edstico, el profesionalismo y la inclusi\u00f3n de los j\u00f3venes a trav\u00e9s del arte\u201d.<\/em><\/strong><\/p>\n","protected":false},"excerpt":{"rendered":"<p>El evento se realiz\u00f3 en 25 de Mayo. De esta forma, clasificaron a la instancia provincial que se realizar\u00e1 en<\/p>\n","protected":false},"author":2,"featured_media":88431,"comment_status":"closed","ping_status":"closed","sticky":false,"template":"","format":"standard","meta":{"_jetpack_memberships_contains_paid_content":false,"footnotes":""},"categories":[9,1],"tags":[],"class_list":["post-88430","post","type-post","status-publish","format-standard","has-post-thumbnail","hentry","category-cultura","category-portada"],"jetpack_featured_media_url":"https:\/\/i0.wp.com\/cdnoticias.com\/wp-content\/uploads\/2023\/06\/Screenshot_2023-06-23-11-37-55-478-edit_com.instagram.android.jpg?fit=1080%2C808&ssl=1","jetpack_sharing_enabled":true,"_links":{"self":[{"href":"https:\/\/cdnoticias.com\/index.php\/wp-json\/wp\/v2\/posts\/88430","targetHints":{"allow":["GET"]}}],"collection":[{"href":"https:\/\/cdnoticias.com\/index.php\/wp-json\/wp\/v2\/posts"}],"about":[{"href":"https:\/\/cdnoticias.com\/index.php\/wp-json\/wp\/v2\/types\/post"}],"author":[{"embeddable":true,"href":"https:\/\/cdnoticias.com\/index.php\/wp-json\/wp\/v2\/users\/2"}],"replies":[{"embeddable":true,"href":"https:\/\/cdnoticias.com\/index.php\/wp-json\/wp\/v2\/comments?post=88430"}],"version-history":[{"count":0,"href":"https:\/\/cdnoticias.com\/index.php\/wp-json\/wp\/v2\/posts\/88430\/revisions"}],"wp:featuredmedia":[{"embeddable":true,"href":"https:\/\/cdnoticias.com\/index.php\/wp-json\/wp\/v2\/media\/88431"}],"wp:attachment":[{"href":"https:\/\/cdnoticias.com\/index.php\/wp-json\/wp\/v2\/media?parent=88430"}],"wp:term":[{"taxonomy":"category","embeddable":true,"href":"https:\/\/cdnoticias.com\/index.php\/wp-json\/wp\/v2\/categories?post=88430"},{"taxonomy":"post_tag","embeddable":true,"href":"https:\/\/cdnoticias.com\/index.php\/wp-json\/wp\/v2\/tags?post=88430"}],"curies":[{"name":"wp","href":"https:\/\/api.w.org\/{rel}","templated":true}]}}