{"id":88396,"date":"2023-06-23T18:00:07","date_gmt":"2023-06-23T21:00:07","guid":{"rendered":"https:\/\/www.centraldenoticias.com.ar\/?p=88396"},"modified":"2023-06-23T18:30:17","modified_gmt":"2023-06-23T21:30:17","slug":"la-fundacion-loma-negra-firmo-un-acuerdo-con-el-municipio","status":"publish","type":"post","link":"https:\/\/cdnoticias.com\/index.php\/2023\/06\/23\/la-fundacion-loma-negra-firmo-un-acuerdo-con-el-municipio\/","title":{"rendered":"La Fundaci\u00f3n Loma Negra firm\u00f3 un acuerdo con el Municipio"},"content":{"rendered":"<p>El objetivo es capacitar a docentes y alumnos en habilidades digitales y llevar a cabo distintas iniciativas que promuevan la digitalizaci\u00f3n y el acercamiento a tecnolog\u00edas de vanguardia.<!--more--><\/p>\n<hr \/>\n<p>El <strong>Municipio de Olavarr\u00eda y la Fundaci\u00f3n Loma Negra firmaron un acuerdo marco de colaboraci\u00f3n<\/strong> con el objetivo de<strong> capacitar a docentes y alumnos en habilidades digitales<\/strong> y llevar a cabo distintas iniciativas que promuevan la digitalizaci\u00f3n y el acercamiento a tecnolog\u00edas de vanguardia.<\/p>\n<p>&nbsp;<\/p>\n<p>Como parte de este acuerdo se establecieron los ejes de trabajo de los siguientes proyectos tecnol\u00f3gicos:<\/p>\n<ul>\n<li>Minecraft for education: Capacitaci\u00f3n a cargo de la C\u00e1mara de Empresas del Polo Inform\u00e1tico de Tandil (CEPIT) para docentes y alumnos para adoptar metodolog\u00edas de gamificaci\u00f3n digital para el desarrollo de contenidos curriculares y habilidades digitales.<\/li>\n<li>24hs de Innovaci\u00f3n FIO: Proyecto para que los j\u00f3venes de la localidad desarrollen soluciones innovadoras a problemas de la comunidad.<\/li>\n<li>Seminario IoT: Organizado por la Gerencia de Tecnolog\u00eda de Loma Negra y estar\u00e1 destinado para alumnos de la Tudei y carreras de formaci\u00f3n espec\u00edfica similares, contenidos te\u00f3ricos- pr\u00e1cticos sobre la aplicaci\u00f3n de la transformaci\u00f3n digital en la industria local.<\/li>\n<li>Infraestructura: Presentaci\u00f3n de 2 proyectos para financiamiento a trav\u00e9s de cr\u00e9dito fiscal del Ministerio de Producci\u00f3n, uno destinado a fortalecer la capacidad del ITECO (Instituto Tecnol\u00f3gico de Olavarr\u00eda) para formar en Internet de las Cosas (IoT) y otro a trav\u00e9s del Instituto de Desarrollo Empresario Bonaerense (IDEB) para fortalecer al Club Social de Innovaci\u00f3n en equipamiento para programaci\u00f3n.<\/li>\n<\/ul>\n<p>&nbsp;<\/p>\n<p>Adem\u00e1s, este viernes por la tarde se realiz\u00f3 en el ITECO la segunda edici\u00f3n de <em><strong>\u201cPicada Tech\u201d<\/strong><\/em>, una reuni\u00f3n de m\u00e1s de 15 compa\u00f1\u00edas desarrolladoras de software y empresas tecnol\u00f3gicas locales que buscan compartir l\u00edneas de trabajo e ideas para el desarrollo del sector en un espacio de articulaci\u00f3n tendiente a mejorar las condiciones ante la transformaci\u00f3n digital.<\/p>\n<p>&nbsp;<\/p>\n<p><em><strong>&#8220;Esto demuestra el compromiso tanto de la Fundaci\u00f3n Loma Negra, CEPIT y Municipio de Olavarr\u00eda, como de empresas locales vinculadas al polo tecnol\u00f3gico para promover junto al sistema educativo un c\u00edrculo virtuoso para el desarrollo local&#8221;<\/strong> <\/em>expresaron desde la Fundaci\u00f3n Loma Negra.<\/p>\n<p>&nbsp;<\/p>\n<p>&nbsp;<\/p>\n","protected":false},"excerpt":{"rendered":"<p>El objetivo es capacitar a docentes y alumnos en habilidades digitales y llevar a cabo distintas iniciativas que promuevan la<\/p>\n","protected":false},"author":6,"featured_media":88397,"comment_status":"closed","ping_status":"closed","sticky":false,"template":"","format":"standard","meta":{"_jetpack_memberships_contains_paid_content":false,"footnotes":""},"categories":[5,1],"tags":[],"class_list":["post-88396","post","type-post","status-publish","format-standard","has-post-thumbnail","hentry","category-informacion-general","category-portada"],"jetpack_featured_media_url":"https:\/\/i0.wp.com\/cdnoticias.com\/wp-content\/uploads\/2023\/06\/Municipio.jpeg?fit=1599%2C690&ssl=1","jetpack_sharing_enabled":true,"_links":{"self":[{"href":"https:\/\/cdnoticias.com\/index.php\/wp-json\/wp\/v2\/posts\/88396","targetHints":{"allow":["GET"]}}],"collection":[{"href":"https:\/\/cdnoticias.com\/index.php\/wp-json\/wp\/v2\/posts"}],"about":[{"href":"https:\/\/cdnoticias.com\/index.php\/wp-json\/wp\/v2\/types\/post"}],"author":[{"embeddable":true,"href":"https:\/\/cdnoticias.com\/index.php\/wp-json\/wp\/v2\/users\/6"}],"replies":[{"embeddable":true,"href":"https:\/\/cdnoticias.com\/index.php\/wp-json\/wp\/v2\/comments?post=88396"}],"version-history":[{"count":0,"href":"https:\/\/cdnoticias.com\/index.php\/wp-json\/wp\/v2\/posts\/88396\/revisions"}],"wp:featuredmedia":[{"embeddable":true,"href":"https:\/\/cdnoticias.com\/index.php\/wp-json\/wp\/v2\/media\/88397"}],"wp:attachment":[{"href":"https:\/\/cdnoticias.com\/index.php\/wp-json\/wp\/v2\/media?parent=88396"}],"wp:term":[{"taxonomy":"category","embeddable":true,"href":"https:\/\/cdnoticias.com\/index.php\/wp-json\/wp\/v2\/categories?post=88396"},{"taxonomy":"post_tag","embeddable":true,"href":"https:\/\/cdnoticias.com\/index.php\/wp-json\/wp\/v2\/tags?post=88396"}],"curies":[{"name":"wp","href":"https:\/\/api.w.org\/{rel}","templated":true}]}}