{"id":88380,"date":"2023-06-23T13:12:03","date_gmt":"2023-06-23T16:12:03","guid":{"rendered":"https:\/\/www.centraldenoticias.com.ar\/?p=88380"},"modified":"2023-06-23T18:00:27","modified_gmt":"2023-06-23T21:00:27","slug":"paso-2023-guillermina-amespil-se-queda-en-el-concejo","status":"publish","type":"post","link":"https:\/\/cdnoticias.com\/index.php\/2023\/06\/23\/paso-2023-guillermina-amespil-se-queda-en-el-concejo\/","title":{"rendered":"PASO 2023: Guillermina Amespil se queda en el Concejo"},"content":{"rendered":"<p>La actual concejal del oficialismo y una de las principales figuras de la bancada tendr\u00e1 el segundo lugar en lista que encabezar\u00e1 Hilario Galli. Trascendieron m\u00e1s nombres: acuerdo con Evoluci\u00f3n Radical.<\/p>\n<p><!--more--><\/p>\n<hr \/>\n<p><a href=\"https:\/\/cdnoticias.com\/index.php\/2023\/06\/23\/paso-2023-hilario-galli-primer-precandidato-al-hcd-en-el-oficialismo\/\" target=\"_blank\" rel=\"noopener\">Tras la confirmaci\u00f3n de que Hilario Galli encabezar\u00e1 la lista de precandidatos a concejales del oficialismo municipal,<\/a> se conocieron<strong> m\u00e1s nombres de quienes eligi\u00f3 el intendente Ezequiel Galli<\/strong> para continuar el bloque Juntos.<\/p>\n<p>&nbsp;<\/p>\n<p>Adem\u00e1s de evidenciar la selecci\u00f3n de los propios, <strong>se destaca el acuerdo logrado con el sector de Evoluci\u00f3n Radical<\/strong> que, al confirmarse el armado, echa por tierra las intenciones mostradas de avanzar con una lista propia y competir en las PASO.<\/p>\n<p>&nbsp;<\/p>\n<p>El nombre m\u00e1s resonante es el de <strong>la segunda precandidata: la actual concejal Guillermina Amespil<\/strong> tendr\u00e1 el &#8220;2&#8221; en la lista de precandidatos a concejales y con ello <strong>pr\u00e1cticamente se asegura la reelecci\u00f3n.<\/strong><\/p>\n<p>&nbsp;<\/p>\n<blockquote><p>Del ri\u00f1\u00f3n del Pro de Olavarr\u00eda, Amespil es una de las principales figuras de la bancada oficialista de Juntos y actualmente se desempe\u00f1a como presidenta de la comisi\u00f3n de Legislaci\u00f3n, clave en las discusiones legislativas. En sus cuatro a\u00f1os de mandato -asumi\u00f3 en 2019- se gan\u00f3 un lugar destacado en el bloque y ahora Galli repiti\u00f3 su postulaci\u00f3n.<\/p><\/blockquote>\n<p>&nbsp;<\/p>\n<figure id=\"attachment_88382\" aria-describedby=\"caption-attachment-88382\" style=\"width: 1000px\" class=\"wp-caption aligncenter\"><img data-recalc-dims=\"1\" loading=\"lazy\" decoding=\"async\" class=\"wp-image-88382 size-full\" src=\"https:\/\/i0.wp.com\/cdnoticias.com\/wp-content\/uploads\/2023\/06\/candidatos-juntos-hcd-0.jpg?resize=800%2C210&#038;ssl=1\" alt=\"\" width=\"800\" height=\"210\" srcset=\"https:\/\/i0.wp.com\/cdnoticias.com\/wp-content\/uploads\/2023\/06\/candidatos-juntos-hcd-0.jpg?w=1000&amp;ssl=1 1000w, https:\/\/i0.wp.com\/cdnoticias.com\/wp-content\/uploads\/2023\/06\/candidatos-juntos-hcd-0.jpg?resize=300%2C79&amp;ssl=1 300w, https:\/\/i0.wp.com\/cdnoticias.com\/wp-content\/uploads\/2023\/06\/candidatos-juntos-hcd-0.jpg?resize=768%2C202&amp;ssl=1 768w\" sizes=\"auto, (max-width: 800px) 100vw, 800px\" \/><figcaption id=\"caption-attachment-88382\" class=\"wp-caption-text\">Hilario Galli, Guillermina Amespil, Francisco Gonz\u00e1lez y Cecilia Krivochen, los primeros lugares para la lista de &#8220;las palomas&#8221; en Juntos.<\/figcaption><\/figure>\n<p>&nbsp;<\/p>\n<p>Hasta aqu\u00ed los datos confirmados por <strong>Central de Noticias<\/strong>. A partir de este punto, son los nombres que trascendieron pero no se confirmaron de manera oficial por fuentes de Juntos.<\/p>\n<p>&nbsp;<\/p>\n<p><strong>El tercer lugar ser\u00eda para el radical Francisco \u201cPancho\u201d Gonz\u00e1lez<\/strong>, quien fue presidente de la UCR local y ya ha ocupado banca de concejal aunque como suplente.<\/p>\n<p>&nbsp;<\/p>\n<p>De confirmarse la versi\u00f3n, el referente del sector Evoluci\u00f3n Radical, que controla el comit\u00e9 Olavarr\u00eda del Radicalismo, <strong>tambi\u00e9n tiene asegurado su ingreso al Concejo Deliberante.<\/strong><\/p>\n<p>&nbsp;<\/p>\n<p>A su vez, trascendi\u00f3 <strong>otro nombre de una dirigente radical que ir\u00eda m\u00e1s atr\u00e1s en la lista oficialista<\/strong> aunque en un lugar <strong>\u201centrable\u201d<\/strong>, considerando la chance de que, de darse la reelecci\u00f3n de Ezequiel Galli como intendente, no todos los integrantes de la lista permanezcan como concejales, sino que pasen (o vuelvan) al Ejecutivo.<\/p>\n<p>&nbsp;<\/p>\n<blockquote><p>El cuarto lugar de la lista de Juntos ser\u00eda para otra figura destacada en el Concejo, de amplia trayectoria tambi\u00e9n en el Ejecutivo local y de m\u00e1xima confianza para Ezequiel Galli: Cecilia Krivochen, actual presidenta del HCD, tambi\u00e9n quedar\u00eda a las puertas de la reelecci\u00f3n.<\/p><\/blockquote>\n<p>&nbsp;<\/p>\n<p>Con esta informaci\u00f3n, la cual deber\u00e1 revalidarse el s\u00e1bado cuando se conozca el listado oficial tras la efectiva presentaci\u00f3n de la lista, se puede remarcar que <strong>en principio el oficialismo no muestra figuras nuevas para los principales cargos<\/strong> y busca apoyarse en quienes hoy constituyen las espadas m\u00e1s fuertes, tanto en el Ejecutivo como en el Legislativo.<\/p>\n<p>&nbsp;<\/p>\n","protected":false},"excerpt":{"rendered":"<p>La actual concejal del oficialismo y una de las principales figuras de la bancada tendr\u00e1 el segundo lugar en lista<\/p>\n","protected":false},"author":4,"featured_media":72340,"comment_status":"closed","ping_status":"closed","sticky":false,"template":"","format":"standard","meta":{"_jetpack_memberships_contains_paid_content":false,"footnotes":""},"categories":[4,1],"tags":[],"class_list":["post-88380","post","type-post","status-publish","format-standard","has-post-thumbnail","hentry","category-politica","category-portada"],"jetpack_featured_media_url":"https:\/\/i0.wp.com\/cdnoticias.com\/wp-content\/uploads\/2022\/12\/amespil-guillermina-hcd.jpg?fit=1280%2C712&ssl=1","jetpack_sharing_enabled":true,"_links":{"self":[{"href":"https:\/\/cdnoticias.com\/index.php\/wp-json\/wp\/v2\/posts\/88380","targetHints":{"allow":["GET"]}}],"collection":[{"href":"https:\/\/cdnoticias.com\/index.php\/wp-json\/wp\/v2\/posts"}],"about":[{"href":"https:\/\/cdnoticias.com\/index.php\/wp-json\/wp\/v2\/types\/post"}],"author":[{"embeddable":true,"href":"https:\/\/cdnoticias.com\/index.php\/wp-json\/wp\/v2\/users\/4"}],"replies":[{"embeddable":true,"href":"https:\/\/cdnoticias.com\/index.php\/wp-json\/wp\/v2\/comments?post=88380"}],"version-history":[{"count":0,"href":"https:\/\/cdnoticias.com\/index.php\/wp-json\/wp\/v2\/posts\/88380\/revisions"}],"wp:featuredmedia":[{"embeddable":true,"href":"https:\/\/cdnoticias.com\/index.php\/wp-json\/wp\/v2\/media\/72340"}],"wp:attachment":[{"href":"https:\/\/cdnoticias.com\/index.php\/wp-json\/wp\/v2\/media?parent=88380"}],"wp:term":[{"taxonomy":"category","embeddable":true,"href":"https:\/\/cdnoticias.com\/index.php\/wp-json\/wp\/v2\/categories?post=88380"},{"taxonomy":"post_tag","embeddable":true,"href":"https:\/\/cdnoticias.com\/index.php\/wp-json\/wp\/v2\/tags?post=88380"}],"curies":[{"name":"wp","href":"https:\/\/api.w.org\/{rel}","templated":true}]}}