{"id":88374,"date":"2023-06-23T12:07:16","date_gmt":"2023-06-23T15:07:16","guid":{"rendered":"https:\/\/www.centraldenoticias.com.ar\/?p=88374"},"modified":"2023-06-23T12:08:09","modified_gmt":"2023-06-23T15:08:09","slug":"corte-de-agua-en-los-barrios-uocra-y-ceco-ii","status":"publish","type":"post","link":"https:\/\/cdnoticias.com\/index.php\/2023\/06\/23\/corte-de-agua-en-los-barrios-uocra-y-ceco-ii\/","title":{"rendered":"Corte de agua en los barrios UOCRA y CECO II"},"content":{"rendered":"<p>Se produjo para reparar una ca\u00f1er\u00eda que fue da\u00f1ada por una empresa que realizaba tareas de tendido de fibra \u00f3ptica.<!--more--><\/p>\n<hr \/>\n<p>Seg\u00fan se inform\u00f3, terceros ajenos a Coopelectric que se realizaban tareas de tendido de fibra \u00f3ptica, da\u00f1aron de forma involuntaria una ca\u00f1er\u00eda de PVC de 200 mm perteneciente al servicio de Obras Sanitarias, lo cual ocasion\u00f3 una <strong>p\u00e9rdida de gran caudal de agua en Calle 26 de Septiembre al 4700.<\/strong><\/p>\n<p>&nbsp;<\/p>\n<p>Para poder llevar a cabo la reparaci\u00f3n correspondiente, el personal de Coopelectric <strong>debi\u00f3 interrumpir el suministro de agua en los barrios UOCRA y CECO II.<\/strong><\/p>\n<p>&nbsp;<\/p>\n<p>Las tareas operativas contin\u00faan desarroll\u00e1ndose y una vez que finalicen se restituir\u00e1 el servicio permitiendo la normalizaci\u00f3n de la presi\u00f3n de forma paulatina.<\/p>\n","protected":false},"excerpt":{"rendered":"<p>Se produjo para reparar una ca\u00f1er\u00eda que fue da\u00f1ada por una empresa que realizaba tareas de tendido de fibra \u00f3ptica.<\/p>\n","protected":false},"author":5,"featured_media":83306,"comment_status":"closed","ping_status":"closed","sticky":false,"template":"","format":"standard","meta":{"_jetpack_memberships_contains_paid_content":false,"footnotes":""},"categories":[5,1],"tags":[],"class_list":["post-88374","post","type-post","status-publish","format-standard","has-post-thumbnail","hentry","category-informacion-general","category-portada"],"jetpack_featured_media_url":"https:\/\/i0.wp.com\/cdnoticias.com\/wp-content\/uploads\/2023\/04\/obras-sanitarias-coopelectric-02.jpg?fit=800%2C445&ssl=1","jetpack_sharing_enabled":true,"_links":{"self":[{"href":"https:\/\/cdnoticias.com\/index.php\/wp-json\/wp\/v2\/posts\/88374","targetHints":{"allow":["GET"]}}],"collection":[{"href":"https:\/\/cdnoticias.com\/index.php\/wp-json\/wp\/v2\/posts"}],"about":[{"href":"https:\/\/cdnoticias.com\/index.php\/wp-json\/wp\/v2\/types\/post"}],"author":[{"embeddable":true,"href":"https:\/\/cdnoticias.com\/index.php\/wp-json\/wp\/v2\/users\/5"}],"replies":[{"embeddable":true,"href":"https:\/\/cdnoticias.com\/index.php\/wp-json\/wp\/v2\/comments?post=88374"}],"version-history":[{"count":0,"href":"https:\/\/cdnoticias.com\/index.php\/wp-json\/wp\/v2\/posts\/88374\/revisions"}],"wp:featuredmedia":[{"embeddable":true,"href":"https:\/\/cdnoticias.com\/index.php\/wp-json\/wp\/v2\/media\/83306"}],"wp:attachment":[{"href":"https:\/\/cdnoticias.com\/index.php\/wp-json\/wp\/v2\/media?parent=88374"}],"wp:term":[{"taxonomy":"category","embeddable":true,"href":"https:\/\/cdnoticias.com\/index.php\/wp-json\/wp\/v2\/categories?post=88374"},{"taxonomy":"post_tag","embeddable":true,"href":"https:\/\/cdnoticias.com\/index.php\/wp-json\/wp\/v2\/tags?post=88374"}],"curies":[{"name":"wp","href":"https:\/\/api.w.org\/{rel}","templated":true}]}}