{"id":88365,"date":"2023-06-23T11:24:53","date_gmt":"2023-06-23T14:24:53","guid":{"rendered":"https:\/\/www.centraldenoticias.com.ar\/?p=88365"},"modified":"2023-06-23T13:12:46","modified_gmt":"2023-06-23T16:12:46","slug":"paso-2023-hilario-galli-primer-precandidato-al-hcd-en-el-oficialismo","status":"publish","type":"post","link":"https:\/\/cdnoticias.com\/index.php\/2023\/06\/23\/paso-2023-hilario-galli-primer-precandidato-al-hcd-en-el-oficialismo\/","title":{"rendered":"PASO 2023: Hilario Galli, primer precandidato al HCD en el oficialismo"},"content":{"rendered":"<p>El actual Secretario de Gobierno es el elegido por el Intendente para encabezar la lista de postulantes al Concejo Deliberante.<\/p>\n<hr \/>\n<p><!--more--><\/p>\n<p><a href=\"https:\/\/cdnoticias.com\/index.php\/2023\/06\/22\/cierre-de-listas-en-olavarria-un-estado-de-situacion-a-48-horas-de-la-presentacion\/\" target=\"_blank\" rel=\"noopener\">Tal como se preve\u00eda y adelant\u00f3 <strong>Central de Noticias<\/strong><\/a>, <strong>este viernes qued\u00f3 confirmada la postulaci\u00f3n de Hilario Galli como cabeza de lista en Juntos para el Concejo Deliberante<\/strong>.<\/p>\n<p>&nbsp;<\/p>\n<p>A un d\u00eda del cierre, <strong>el actual Secretario de Gobierno es el elegido por el Intendente para el primer lugar<\/strong> de cara a las PASO a realizarse el segundo domingo de agosto.<\/p>\n<p>&nbsp;<\/p>\n<p><img data-recalc-dims=\"1\" loading=\"lazy\" decoding=\"async\" class=\"size-full wp-image-46784 aligncenter\" src=\"https:\/\/i0.wp.com\/cdnoticias.com\/wp-content\/uploads\/2022\/02\/Galli-Hilario-Ezequiel-Transporte-01.jpg?resize=800%2C445&#038;ssl=1\" alt=\"\" width=\"800\" height=\"445\" srcset=\"https:\/\/i0.wp.com\/cdnoticias.com\/wp-content\/uploads\/2022\/02\/Galli-Hilario-Ezequiel-Transporte-01.jpg?w=800&amp;ssl=1 800w, https:\/\/i0.wp.com\/cdnoticias.com\/wp-content\/uploads\/2022\/02\/Galli-Hilario-Ezequiel-Transporte-01.jpg?resize=300%2C167&amp;ssl=1 300w, https:\/\/i0.wp.com\/cdnoticias.com\/wp-content\/uploads\/2022\/02\/Galli-Hilario-Ezequiel-Transporte-01.jpg?resize=768%2C427&amp;ssl=1 768w\" sizes=\"auto, (max-width: 800px) 100vw, 800px\" \/><\/p>\n<p>&nbsp;<\/p>\n<blockquote><p>Lo confirm\u00f3 el propio intendente a trav\u00e9s de sus redes sociales, donde explic\u00f3 su decisi\u00f3n: \u201cvalores, compromiso y experiencia. Ganas y decisi\u00f3n para seguir cambiando la vida de los olavarrienses\u201d.<\/p><\/blockquote>\n<p>&nbsp;<\/p>\n<p>Tras ello, inform\u00f3 que <strong>\u201cHilario Galli va a ser el primer candidato a concejal en la lista\u201d<\/strong>.<\/p>\n<p>&nbsp;<\/p>\n<blockquote class=\"twitter-tweet\">\n<p dir=\"ltr\" lang=\"es\">Valores, compromiso y experiencia. Ganas y decisi\u00f3n para seguir cambiando la vida de los olavarrienses.<a href=\"https:\/\/twitter.com\/HilarioGalli?ref_src=twsrc%5Etfw\">@HilarioGalli<\/a> va a ser el primer candidato a concejal en la lista.<br \/>\nS\u00e9 que juntos y con el acompa\u00f1amiento de ustedes vamos a continuar el camino que iniciamos en 2015. <a href=\"https:\/\/t.co\/edFkaumNBy\">pic.twitter.com\/edFkaumNBy<\/a><\/p>\n<p>\u2014 Ezequiel Galli (@ezequielgalli) <a href=\"https:\/\/twitter.com\/ezequielgalli\/status\/1672248105394135041?ref_src=twsrc%5Etfw\">June 23, 2023<\/a><\/p><\/blockquote>\n<p><script async src=\"https:\/\/platform.twitter.com\/widgets.js\" charset=\"utf-8\"><\/script><\/p>\n<p>&nbsp;<\/p>\n<p>En el oficialismo municipal, el jefe comunal, Ezequiel Galli, va por la re re y ahora,<strong> su primo y mano derecha en la gesti\u00f3n, es por primera vez postulante al legislativo local<\/strong> en Juntos.<\/p>\n<p>&nbsp;<\/p>\n<p>En cuanto a las definiciones de postulaciones en el plano local, para el sector de Juntos por el Cambio que tiene a Ezequiel Galli como l\u00edder y armador se adelant\u00f3 que<strong> ya est\u00e1 todo definido para las presentaciones del s\u00e1bado<\/strong> con el cierre de listas. En tanto, reci\u00e9n el mismo s\u00e1bado habr\u00e1 certezas en torno a las precandidaturas de la S\u00e9ptima secci\u00f3n.<\/p>\n<p>&nbsp;<\/p>\n<p>Este sector llevar\u00e1 a <strong>Horacio Rodr\u00edguez Larreta como precandidato a presidente<\/strong> y a <strong>Diego Santilli, para la gobernaci\u00f3n bonarense<\/strong>.<\/p>\n<p>&nbsp;<\/p>\n<blockquote class=\"wp-embedded-content\" data-secret=\"o7B8fqvdiF\"><p><a href=\"https:\/\/cdnoticias.com\/index.php\/2023\/06\/22\/cierre-de-listas-en-olavarria-un-estado-de-situacion-a-48-horas-de-la-presentacion\/\">Cierre de listas en Olavarr\u00eda: un estado de situaci\u00f3n a 48 horas de la presentaci\u00f3n<\/a><\/p><\/blockquote>\n<p><iframe loading=\"lazy\" class=\"wp-embedded-content\" sandbox=\"allow-scripts\" security=\"restricted\" style=\"position: absolute; clip: rect(1px, 1px, 1px, 1px);\" title=\"&#8220;Cierre de listas en Olavarr\u00eda: un estado de situaci\u00f3n a 48 horas de la presentaci\u00f3n&#8221; &#8212; Central de Noticias | Olavarr\u00eda\" src=\"https:\/\/cdnoticias.com\/index.php\/2023\/06\/22\/cierre-de-listas-en-olavarria-un-estado-de-situacion-a-48-horas-de-la-presentacion\/embed\/#?secret=joHHVhFPXs#?secret=o7B8fqvdiF\" data-secret=\"o7B8fqvdiF\" width=\"600\" height=\"338\" frameborder=\"0\" marginwidth=\"0\" marginheight=\"0\" scrolling=\"no\"><\/iframe><\/p>\n<p>&nbsp;<\/p>\n","protected":false},"excerpt":{"rendered":"<p>El actual Secretario de Gobierno es el elegido por el Intendente para encabezar la lista de postulantes al Concejo Deliberante.<\/p>\n","protected":false},"author":4,"featured_media":65005,"comment_status":"closed","ping_status":"closed","sticky":false,"template":"","format":"standard","meta":{"_jetpack_memberships_contains_paid_content":false,"footnotes":""},"categories":[4,1],"tags":[],"class_list":["post-88365","post","type-post","status-publish","format-standard","has-post-thumbnail","hentry","category-politica","category-portada"],"jetpack_featured_media_url":"https:\/\/i0.wp.com\/cdnoticias.com\/wp-content\/uploads\/2022\/09\/hilario-galli-02.jpg?fit=800%2C445&ssl=1","jetpack_sharing_enabled":true,"_links":{"self":[{"href":"https:\/\/cdnoticias.com\/index.php\/wp-json\/wp\/v2\/posts\/88365","targetHints":{"allow":["GET"]}}],"collection":[{"href":"https:\/\/cdnoticias.com\/index.php\/wp-json\/wp\/v2\/posts"}],"about":[{"href":"https:\/\/cdnoticias.com\/index.php\/wp-json\/wp\/v2\/types\/post"}],"author":[{"embeddable":true,"href":"https:\/\/cdnoticias.com\/index.php\/wp-json\/wp\/v2\/users\/4"}],"replies":[{"embeddable":true,"href":"https:\/\/cdnoticias.com\/index.php\/wp-json\/wp\/v2\/comments?post=88365"}],"version-history":[{"count":0,"href":"https:\/\/cdnoticias.com\/index.php\/wp-json\/wp\/v2\/posts\/88365\/revisions"}],"wp:featuredmedia":[{"embeddable":true,"href":"https:\/\/cdnoticias.com\/index.php\/wp-json\/wp\/v2\/media\/65005"}],"wp:attachment":[{"href":"https:\/\/cdnoticias.com\/index.php\/wp-json\/wp\/v2\/media?parent=88365"}],"wp:term":[{"taxonomy":"category","embeddable":true,"href":"https:\/\/cdnoticias.com\/index.php\/wp-json\/wp\/v2\/categories?post=88365"},{"taxonomy":"post_tag","embeddable":true,"href":"https:\/\/cdnoticias.com\/index.php\/wp-json\/wp\/v2\/tags?post=88365"}],"curies":[{"name":"wp","href":"https:\/\/api.w.org\/{rel}","templated":true}]}}