{"id":88363,"date":"2023-06-23T11:12:10","date_gmt":"2023-06-23T14:12:10","guid":{"rendered":"https:\/\/www.centraldenoticias.com.ar\/?p=88363"},"modified":"2023-06-23T11:12:10","modified_gmt":"2023-06-23T14:12:10","slug":"colonia-san-miguel-el-transporte-interurbano-con-nuevo-recorrido","status":"publish","type":"post","link":"https:\/\/cdnoticias.com\/index.php\/2023\/06\/23\/colonia-san-miguel-el-transporte-interurbano-con-nuevo-recorrido\/","title":{"rendered":"Colonia San Miguel: el transporte interurbano con nuevo recorrido"},"content":{"rendered":"<p>Es debido a la obra de pavimento que se realiza en la localidad. De esta forma la l\u00ednea 510 de \u201cLas Sierras de Olavarr\u00eda\u201d cambi\u00f3 su itinerario.<!--more--><\/p>\n<hr \/>\n<p>El transporte interurbano de pasajeros cambia su recorrido en Colonia San Miguel. Seg\u00fan se inform\u00f3, la medida se debe a la <strong>obra de pavimento que se realiza en la localidad.<\/strong><\/p>\n<p>&nbsp;<\/p>\n<p>De esta forma, la l\u00ednea 510 de la empresa \u201cLas Sierras de Olavarr\u00eda\u201d se realiza por: <strong>Los Patricios, Los Fundadores, 25 de Mayo, San Mart\u00edn, San Miguel de Arc\u00e1ngel, Los Fundadores, Los Patricios.<\/strong><\/p>\n<p>&nbsp;<\/p>\n<p>Debido a esta obra, se cerr\u00f3 la entrada a Colonia San Miguel con el <strong>corte de tr\u00e1nsito en calle Santa Rosa<\/strong>. En ese sentido, el ingreso y salida se efect\u00faa por calle Los Patricios.<\/p>\n<p>&nbsp;<\/p>\n<p>Se prev\u00e9 que este cambio en la circulaci\u00f3n se extienda por unas tres semanas: <strong>\u201cse ha previsto la culminaci\u00f3n de las tareas y habilitaci\u00f3n al tr\u00e1nsito en 20 d\u00edas\u201d.<\/strong><\/p>\n","protected":false},"excerpt":{"rendered":"<p>Es debido a la obra de pavimento que se realiza en la localidad. De esta forma la l\u00ednea 510 de<\/p>\n","protected":false},"author":5,"featured_media":64806,"comment_status":"closed","ping_status":"closed","sticky":false,"template":"","format":"standard","meta":{"_jetpack_memberships_contains_paid_content":false,"footnotes":""},"categories":[5,1],"tags":[],"class_list":["post-88363","post","type-post","status-publish","format-standard","has-post-thumbnail","hentry","category-informacion-general","category-portada"],"jetpack_featured_media_url":"https:\/\/i0.wp.com\/cdnoticias.com\/wp-content\/uploads\/2022\/09\/transporte-las-sierras-colectivo-01.jpg?fit=800%2C445&ssl=1","jetpack_sharing_enabled":true,"_links":{"self":[{"href":"https:\/\/cdnoticias.com\/index.php\/wp-json\/wp\/v2\/posts\/88363","targetHints":{"allow":["GET"]}}],"collection":[{"href":"https:\/\/cdnoticias.com\/index.php\/wp-json\/wp\/v2\/posts"}],"about":[{"href":"https:\/\/cdnoticias.com\/index.php\/wp-json\/wp\/v2\/types\/post"}],"author":[{"embeddable":true,"href":"https:\/\/cdnoticias.com\/index.php\/wp-json\/wp\/v2\/users\/5"}],"replies":[{"embeddable":true,"href":"https:\/\/cdnoticias.com\/index.php\/wp-json\/wp\/v2\/comments?post=88363"}],"version-history":[{"count":0,"href":"https:\/\/cdnoticias.com\/index.php\/wp-json\/wp\/v2\/posts\/88363\/revisions"}],"wp:featuredmedia":[{"embeddable":true,"href":"https:\/\/cdnoticias.com\/index.php\/wp-json\/wp\/v2\/media\/64806"}],"wp:attachment":[{"href":"https:\/\/cdnoticias.com\/index.php\/wp-json\/wp\/v2\/media?parent=88363"}],"wp:term":[{"taxonomy":"category","embeddable":true,"href":"https:\/\/cdnoticias.com\/index.php\/wp-json\/wp\/v2\/categories?post=88363"},{"taxonomy":"post_tag","embeddable":true,"href":"https:\/\/cdnoticias.com\/index.php\/wp-json\/wp\/v2\/tags?post=88363"}],"curies":[{"name":"wp","href":"https:\/\/api.w.org\/{rel}","templated":true}]}}