{"id":88355,"date":"2023-06-24T11:02:29","date_gmt":"2023-06-24T14:02:29","guid":{"rendered":"https:\/\/www.centraldenoticias.com.ar\/?p=88355"},"modified":"2023-06-24T11:02:29","modified_gmt":"2023-06-24T14:02:29","slug":"jornada-de-salud-en-territoriales-comienza-en-julio-con-controles-ginecologicos","status":"publish","type":"post","link":"https:\/\/cdnoticias.com\/index.php\/2023\/06\/24\/jornada-de-salud-en-territoriales-comienza-en-julio-con-controles-ginecologicos\/","title":{"rendered":"Jornada de Salud en Territoriales: comienza en julio con controles ginecol\u00f3gicos"},"content":{"rendered":"<p>Ser\u00e1 los primeros s\u00e1bados de cada mes en distintos centros de salud. El ciclo est\u00e1 destinado a mujeres y comunidad LGBT+. \u201cQueremos incluir desde la convocatoria para que sea para todos\u201d, indic\u00f3 la Dra. Virgina Draghi. <!--more--><\/p>\n<hr \/>\n<p>La doctora <strong>Virginia Draghi<\/strong> habl\u00f3 sobre el ciclo de jornadas de salud que se realizar\u00e1 en los <strong>Servicios Municipales Territoriales.<\/strong> En declaraciones al programa radial Levantate (FM Sapiens) detall\u00f3 las caracter\u00edsticas de la iniciativa que comenzar\u00e1 en julio y estar\u00e1 a cargo de la Direcci\u00f3n de APS y el Programa Municipal de Salud Sexual y Reproductiva.<\/p>\n<p>&nbsp;<\/p>\n<p>Las jornadas sanitarias se llevar\u00e1n a cabo los primeros s\u00e1bados de cada mes, y consisten en la realizaci\u00f3n de <strong>controles ginecol\u00f3gicos y colocaci\u00f3n de m\u00e9todos anticonceptivos de larga duraci\u00f3n. Est\u00e1n destinadas a mujeres y LGBT+ con vulva.<\/strong><\/p>\n<p>&nbsp;<\/p>\n<blockquote><p>\u201cCon los Centros de Atenci\u00f3n Primaria de la Salud tenemos acceso a la poblaci\u00f3n en los diferentes barrios, pero por ah\u00ed es una manera de que las mujeres y la comunidad LGTB+ que no puede llegar en el d\u00eda de la semana a estos CAPS, pueda hacerlo el primer s\u00e1bado de cada mes a los diferentes territorios\u201d, explic\u00f3 Draghi.<\/p><\/blockquote>\n<p>&nbsp;<\/p>\n<p>Adem\u00e1s, resalt\u00f3 la labor desarrollada en los CAPS que se encuentran \u201cubicados estrat\u00e9gicamente en la ciudad y en la zona rural\u201d y que cuentan con \u201cm\u00e9dicos generalistas y en algunos tambi\u00e9n hay pediatras y hay ginec\u00f3logos\u201d. En estos espacios \u201cse pueden acercar a hacer todos los controles de salud de las diferentes edades y tambi\u00e9n las demandas espont\u00e1neas\u201d, indic\u00f3 la profesional.<\/p>\n<p>&nbsp;<\/p>\n<blockquote><p>Por otra parte, afirm\u00f3 que la intenci\u00f3n \u201cdesde el Programa de Salud Sexual, Atenci\u00f3n Primaria de la Salud y el servicio de ginecolog\u00eda es incluir a la comunidad LGBT+, que puedan llegar a la atenci\u00f3n en todo el sistema de salud de manera espont\u00e1nea y que no presente barreras\u201d.<\/p><\/blockquote>\n<p>&nbsp;<\/p>\n<p>Reconoci\u00f3 que<strong> \u201csabemos que a veces existen esas barreras pero con el tiempo fueron cambiando. Queremos incluir desde la convocatoria para que sea para todos\u201d<\/strong>, afirm\u00f3.<\/p>\n<p>&nbsp;<\/p>\n<p><strong>La primera jornada<\/strong><\/p>\n<p>&nbsp;<\/p>\n<p>La primera jornada del ciclo se desarrollar\u00e1 el <strong>s\u00e1bado 1\u00b0 de julio en el horario de 9 a 13 horas, sin la necesidad de sacar turno.<\/strong> Se realizar\u00e1 en el <strong>Servicio Municipal Territorial N\u00b0 4 u<\/strong>bicado en Berutti 4100, donde se ofrecer\u00e1:<\/p>\n<p>&nbsp;<\/p>\n<p>Consejer\u00eda en Salud sexual y reproductiva.<\/p>\n<p>Consultorio de enfermer\u00eda: controles y vacunaci\u00f3n<\/p>\n<p>Consultorio m\u00e9dico (controles)<\/p>\n<p>Realizaci\u00f3n de PAP<\/p>\n<p>Colposcopias (en casos que se requiera).<\/p>\n<p>Colocaci\u00f3n de MAC<\/p>\n<p>Ecograf\u00edas (consultorio inclusivo).<\/p>\n","protected":false},"excerpt":{"rendered":"<p>Ser\u00e1 los primeros s\u00e1bados de cada mes en distintos centros de salud. El ciclo est\u00e1 destinado a mujeres y comunidad<\/p>\n","protected":false},"author":5,"featured_media":88356,"comment_status":"closed","ping_status":"closed","sticky":false,"template":"","format":"standard","meta":{"_jetpack_memberships_contains_paid_content":false,"footnotes":""},"categories":[5,1],"tags":[],"class_list":["post-88355","post","type-post","status-publish","format-standard","has-post-thumbnail","hentry","category-informacion-general","category-portada"],"jetpack_featured_media_url":"https:\/\/i0.wp.com\/cdnoticias.com\/wp-content\/uploads\/2023\/06\/Salud-Virginia-Draghi-480x320-1.jpg?fit=480%2C320&ssl=1","jetpack_sharing_enabled":true,"_links":{"self":[{"href":"https:\/\/cdnoticias.com\/index.php\/wp-json\/wp\/v2\/posts\/88355","targetHints":{"allow":["GET"]}}],"collection":[{"href":"https:\/\/cdnoticias.com\/index.php\/wp-json\/wp\/v2\/posts"}],"about":[{"href":"https:\/\/cdnoticias.com\/index.php\/wp-json\/wp\/v2\/types\/post"}],"author":[{"embeddable":true,"href":"https:\/\/cdnoticias.com\/index.php\/wp-json\/wp\/v2\/users\/5"}],"replies":[{"embeddable":true,"href":"https:\/\/cdnoticias.com\/index.php\/wp-json\/wp\/v2\/comments?post=88355"}],"version-history":[{"count":0,"href":"https:\/\/cdnoticias.com\/index.php\/wp-json\/wp\/v2\/posts\/88355\/revisions"}],"wp:featuredmedia":[{"embeddable":true,"href":"https:\/\/cdnoticias.com\/index.php\/wp-json\/wp\/v2\/media\/88356"}],"wp:attachment":[{"href":"https:\/\/cdnoticias.com\/index.php\/wp-json\/wp\/v2\/media?parent=88355"}],"wp:term":[{"taxonomy":"category","embeddable":true,"href":"https:\/\/cdnoticias.com\/index.php\/wp-json\/wp\/v2\/categories?post=88355"},{"taxonomy":"post_tag","embeddable":true,"href":"https:\/\/cdnoticias.com\/index.php\/wp-json\/wp\/v2\/tags?post=88355"}],"curies":[{"name":"wp","href":"https:\/\/api.w.org\/{rel}","templated":true}]}}