{"id":88352,"date":"2023-06-23T10:39:15","date_gmt":"2023-06-23T13:39:15","guid":{"rendered":"https:\/\/www.centraldenoticias.com.ar\/?p=88352"},"modified":"2023-06-23T10:39:15","modified_gmt":"2023-06-23T13:39:15","slug":"taller-de-arte-plastico-como-hace-niebla-eso-que-hace","status":"publish","type":"post","link":"https:\/\/cdnoticias.com\/index.php\/2023\/06\/23\/taller-de-arte-plastico-como-hace-niebla-eso-que-hace\/","title":{"rendered":"Taller de arte pl\u00e1stico: \u201c\u00bfC\u00f3mo hace Niebla eso que hace?\u201d"},"content":{"rendered":"<p>Se dictar\u00e1 este s\u00e1bado en el Centro Cultural Universitario. Es gratuito y se requiere inscripci\u00f3n previa.<\/p>\n<p><!--more--><\/p>\n<hr \/>\n<p><strong>Este s\u00e1bado 24 de junio<\/strong> la artista visual <strong>Gabriela Niebla<\/strong> cierra su exposici\u00f3n en el<strong> Centro Cultural Universitario<\/strong> con una actividad que propone<strong> experimentar con las distintas t\u00e9cnicas<\/strong> que aplica en sus obras.<\/p>\n<p>&nbsp;<\/p>\n<p>Para ello, brindar\u00e1 un <strong>taller de arte pl\u00e1stico<\/strong> con la premisa <strong>\u201c\u00bfC\u00f3mo hace Niebla eso que hace?\u201d.<\/strong><\/p>\n<p>&nbsp;<\/p>\n<p><strong>Quienes participen podr\u00e1n llevarse la obra realizada<\/strong>. El encuentro comenzar\u00e1 a las 16 en la sede de San Mart\u00edn 1955.<\/p>\n<p>&nbsp;<\/p>\n<p>La actividad es <strong>gratuita<\/strong>, incluye los materiales y est\u00e1 destinada a personas adultas, ni\u00f1as y ni\u00f1os a partir de 8 a\u00f1os.<\/p>\n<p>&nbsp;<\/p>\n<p>Dado que <strong>los cupos son limitados<\/strong>, es necesario anotarse previamente comunic\u00e1ndose al <strong>2284 52 5439.<\/strong><\/p>\n<p>&nbsp;<\/p>\n","protected":false},"excerpt":{"rendered":"<p>Se dictar\u00e1 este s\u00e1bado en el Centro Cultural Universitario. Es gratuito y se requiere inscripci\u00f3n previa.<\/p>\n","protected":false},"author":4,"featured_media":88353,"comment_status":"closed","ping_status":"closed","sticky":false,"template":"","format":"standard","meta":{"_jetpack_memberships_contains_paid_content":false,"footnotes":""},"categories":[9,1],"tags":[],"class_list":["post-88352","post","type-post","status-publish","format-standard","has-post-thumbnail","hentry","category-cultura","category-portada"],"jetpack_featured_media_url":"https:\/\/i0.wp.com\/cdnoticias.com\/wp-content\/uploads\/2023\/06\/taller-karina-niebla-00.jpg?fit=747%2C415&ssl=1","jetpack_sharing_enabled":true,"_links":{"self":[{"href":"https:\/\/cdnoticias.com\/index.php\/wp-json\/wp\/v2\/posts\/88352","targetHints":{"allow":["GET"]}}],"collection":[{"href":"https:\/\/cdnoticias.com\/index.php\/wp-json\/wp\/v2\/posts"}],"about":[{"href":"https:\/\/cdnoticias.com\/index.php\/wp-json\/wp\/v2\/types\/post"}],"author":[{"embeddable":true,"href":"https:\/\/cdnoticias.com\/index.php\/wp-json\/wp\/v2\/users\/4"}],"replies":[{"embeddable":true,"href":"https:\/\/cdnoticias.com\/index.php\/wp-json\/wp\/v2\/comments?post=88352"}],"version-history":[{"count":0,"href":"https:\/\/cdnoticias.com\/index.php\/wp-json\/wp\/v2\/posts\/88352\/revisions"}],"wp:featuredmedia":[{"embeddable":true,"href":"https:\/\/cdnoticias.com\/index.php\/wp-json\/wp\/v2\/media\/88353"}],"wp:attachment":[{"href":"https:\/\/cdnoticias.com\/index.php\/wp-json\/wp\/v2\/media?parent=88352"}],"wp:term":[{"taxonomy":"category","embeddable":true,"href":"https:\/\/cdnoticias.com\/index.php\/wp-json\/wp\/v2\/categories?post=88352"},{"taxonomy":"post_tag","embeddable":true,"href":"https:\/\/cdnoticias.com\/index.php\/wp-json\/wp\/v2\/tags?post=88352"}],"curies":[{"name":"wp","href":"https:\/\/api.w.org\/{rel}","templated":true}]}}