{"id":88347,"date":"2023-06-23T10:21:43","date_gmt":"2023-06-23T13:21:43","guid":{"rendered":"https:\/\/www.centraldenoticias.com.ar\/?p=88347"},"modified":"2023-06-23T11:25:22","modified_gmt":"2023-06-23T14:25:22","slug":"nueva-entrega-de-mobiliario-a-escuelas-publicas-de-olavarria","status":"publish","type":"post","link":"https:\/\/cdnoticias.com\/index.php\/2023\/06\/23\/nueva-entrega-de-mobiliario-a-escuelas-publicas-de-olavarria\/","title":{"rendered":"Nueva entrega de mobiliario a escuelas p\u00fablicas de Olavarr\u00eda"},"content":{"rendered":"<p>Este a\u00f1o se equiparon 8 aulas gracias a la recuperaci\u00f3n de la F\u00e1brica de Mobiliario Escolar de la Direcci\u00f3n General de Cultura y Educaci\u00f3n bonaerense.<\/p>\n<p><!--more--><\/p>\n<hr \/>\n<p>El <strong>consejero escolar de Uni\u00f3n por la Patria, Ariel Rodr\u00edguez<\/strong>, destac\u00f3 el avance de la <strong>entrega de mobiliario para distintas escuelas<\/strong> de la ciudad.<\/p>\n<p>&nbsp;<\/p>\n<blockquote><p>Seg\u00fan se inform\u00f3, recibieron sillas y mesas las escuelas primarias N\u00b022 y N\u00b080, las secundarias N\u00b021 y N\u00b013, el CENS N\u00b0451, la Escuela de Artes Visuales &#8220;Miguel \u00c1ngel Galgano&#8221; y la Escuela de Educaci\u00f3n Especial N\u00b0502.<\/p><\/blockquote>\n<p>&nbsp;<\/p>\n<p><img data-recalc-dims=\"1\" loading=\"lazy\" decoding=\"async\" class=\"size-full wp-image-88350 aligncenter\" src=\"https:\/\/i0.wp.com\/cdnoticias.com\/wp-content\/uploads\/2023\/06\/mobiliario-escuelas-02.jpg?resize=800%2C445&#038;ssl=1\" alt=\"\" width=\"800\" height=\"445\" srcset=\"https:\/\/i0.wp.com\/cdnoticias.com\/wp-content\/uploads\/2023\/06\/mobiliario-escuelas-02.jpg?w=800&amp;ssl=1 800w, https:\/\/i0.wp.com\/cdnoticias.com\/wp-content\/uploads\/2023\/06\/mobiliario-escuelas-02.jpg?resize=300%2C167&amp;ssl=1 300w, https:\/\/i0.wp.com\/cdnoticias.com\/wp-content\/uploads\/2023\/06\/mobiliario-escuelas-02.jpg?resize=768%2C427&amp;ssl=1 768w\" sizes=\"auto, (max-width: 800px) 100vw, 800px\" \/><\/p>\n<p>&nbsp;<\/p>\n<p>De las entregas participaron la <strong>Jefa Regional de Educaci\u00f3n Marta Casanella<\/strong>, los <strong>consejeros escolares Ariel Rodr\u00edguez, Leonardo Wagner y Mariana Mart\u00ednez<\/strong>.<\/p>\n<p>&nbsp;<\/p>\n<p><em>&#8220;Esta pol\u00edtica que permite mejorar las condiciones de estudio en las escuelas p\u00fablicas bonaerenses se puede ejecutar gracias a la recuperaci\u00f3n en 2022 de la F\u00e1brica de Mobiliario Escolar de la DGCyE, tras seis a\u00f1os sin funcionar&#8221;<\/em> se destac\u00f3 a trav\u00e9s de un comunicado.<\/p>\n<p>&nbsp;<\/p>\n<p><img data-recalc-dims=\"1\" loading=\"lazy\" decoding=\"async\" class=\"size-full wp-image-88349 aligncenter\" src=\"https:\/\/i0.wp.com\/cdnoticias.com\/wp-content\/uploads\/2023\/06\/mobiliario-escuelas-01.jpg?resize=800%2C445&#038;ssl=1\" alt=\"\" width=\"800\" height=\"445\" srcset=\"https:\/\/i0.wp.com\/cdnoticias.com\/wp-content\/uploads\/2023\/06\/mobiliario-escuelas-01.jpg?w=800&amp;ssl=1 800w, https:\/\/i0.wp.com\/cdnoticias.com\/wp-content\/uploads\/2023\/06\/mobiliario-escuelas-01.jpg?resize=300%2C167&amp;ssl=1 300w, https:\/\/i0.wp.com\/cdnoticias.com\/wp-content\/uploads\/2023\/06\/mobiliario-escuelas-01.jpg?resize=768%2C427&amp;ssl=1 768w\" sizes=\"auto, (max-width: 800px) 100vw, 800px\" \/><\/p>\n<p>&nbsp;<\/p>\n<p>Desde febrero, el gobierno bonaerense distribuy\u00f3 48 mil sillas y 24 mil mesas para equipar un total de 1600 aulas de escuelas p\u00fablicas de toda la provincia de Buenos Aires.<\/p>\n<p>&nbsp;<\/p>\n<p>La f\u00e1brica que funciona en La Plata produce 150 mesas y 300 sillas por d\u00eda. Adem\u00e1s de reponer mobiliario, permiti\u00f3 equipar los m\u00e1s de 160 nuevos edificios escolares inaugurados por el gobernador Axel Kicillof desde el 2019.<\/p>\n<p>&nbsp;<\/p>\n","protected":false},"excerpt":{"rendered":"<p>Este a\u00f1o se equiparon 8 aulas gracias a la recuperaci\u00f3n de la F\u00e1brica de Mobiliario Escolar de la Direcci\u00f3n General<\/p>\n","protected":false},"author":4,"featured_media":88348,"comment_status":"closed","ping_status":"closed","sticky":false,"template":"","format":"standard","meta":{"_jetpack_memberships_contains_paid_content":false,"footnotes":""},"categories":[5,1],"tags":[],"class_list":["post-88347","post","type-post","status-publish","format-standard","has-post-thumbnail","hentry","category-informacion-general","category-portada"],"jetpack_featured_media_url":"https:\/\/i0.wp.com\/cdnoticias.com\/wp-content\/uploads\/2023\/06\/mobiliario-escuelas-00.jpg?fit=800%2C445&ssl=1","jetpack_sharing_enabled":true,"_links":{"self":[{"href":"https:\/\/cdnoticias.com\/index.php\/wp-json\/wp\/v2\/posts\/88347","targetHints":{"allow":["GET"]}}],"collection":[{"href":"https:\/\/cdnoticias.com\/index.php\/wp-json\/wp\/v2\/posts"}],"about":[{"href":"https:\/\/cdnoticias.com\/index.php\/wp-json\/wp\/v2\/types\/post"}],"author":[{"embeddable":true,"href":"https:\/\/cdnoticias.com\/index.php\/wp-json\/wp\/v2\/users\/4"}],"replies":[{"embeddable":true,"href":"https:\/\/cdnoticias.com\/index.php\/wp-json\/wp\/v2\/comments?post=88347"}],"version-history":[{"count":0,"href":"https:\/\/cdnoticias.com\/index.php\/wp-json\/wp\/v2\/posts\/88347\/revisions"}],"wp:featuredmedia":[{"embeddable":true,"href":"https:\/\/cdnoticias.com\/index.php\/wp-json\/wp\/v2\/media\/88348"}],"wp:attachment":[{"href":"https:\/\/cdnoticias.com\/index.php\/wp-json\/wp\/v2\/media?parent=88347"}],"wp:term":[{"taxonomy":"category","embeddable":true,"href":"https:\/\/cdnoticias.com\/index.php\/wp-json\/wp\/v2\/categories?post=88347"},{"taxonomy":"post_tag","embeddable":true,"href":"https:\/\/cdnoticias.com\/index.php\/wp-json\/wp\/v2\/tags?post=88347"}],"curies":[{"name":"wp","href":"https:\/\/api.w.org\/{rel}","templated":true}]}}