{"id":88342,"date":"2023-06-26T13:36:24","date_gmt":"2023-06-26T16:36:24","guid":{"rendered":"https:\/\/www.centraldenoticias.com.ar\/?p=88342"},"modified":"2023-06-26T13:36:24","modified_gmt":"2023-06-26T16:36:24","slug":"el-viernes-proximo-vuelve-la-posta","status":"publish","type":"post","link":"https:\/\/cdnoticias.com\/index.php\/2023\/06\/26\/el-viernes-proximo-vuelve-la-posta\/","title":{"rendered":"El viernes pr\u00f3ximo vuelve La Posta"},"content":{"rendered":"<p>El espacio de intercambio vuelve a feriar en el campus universitario en el marco de su sexto aniversario. Ya se pueden realizar los pedidos.<\/p>\n<p><!--more--><\/p>\n<hr \/>\n<p><strong>La Posta<\/strong> es un espacio de comercializaci\u00f3n en el \u00e1mbito de la Universidad P\u00fablica, la cual asume el rol de intermediaci\u00f3n solidaria. Pertenece al <strong>Programa de Econom\u00eda Social, Solidaria y Popular de la Facultad de Ciencias Sociales<\/strong> y est\u00e1 integrado por productores de la Econom\u00eda Popular que realizan su feria en aulas comunes del campus universitario.<\/p>\n<p>&nbsp;<\/p>\n<p><strong>El pr\u00f3ximo viernes 30 de junio de 11 a 13 se realizar\u00e1 la primera del a\u00f1o.<\/strong> Para acceder a los productos y realizar una compra anticipada cada consumidor debe ingresar <em>https:\/\/tiendaschasqui.ar\/laposta\/catalogo<\/em>.<\/p>\n<p>&nbsp;<\/p>\n<p><img data-recalc-dims=\"1\" loading=\"lazy\" decoding=\"async\" class=\"size-large wp-image-57057 aligncenter\" src=\"https:\/\/i0.wp.com\/cdnoticias.com\/wp-content\/uploads\/2022\/06\/La-Posta-6.jpg?resize=800%2C534&#038;ssl=1\" alt=\"\" width=\"800\" height=\"534\" srcset=\"https:\/\/i0.wp.com\/cdnoticias.com\/wp-content\/uploads\/2022\/06\/La-Posta-6.jpg?resize=1024%2C683&amp;ssl=1 1024w, https:\/\/i0.wp.com\/cdnoticias.com\/wp-content\/uploads\/2022\/06\/La-Posta-6.jpg?resize=300%2C200&amp;ssl=1 300w, https:\/\/i0.wp.com\/cdnoticias.com\/wp-content\/uploads\/2022\/06\/La-Posta-6.jpg?resize=768%2C512&amp;ssl=1 768w, https:\/\/i0.wp.com\/cdnoticias.com\/wp-content\/uploads\/2022\/06\/La-Posta-6.jpg?resize=272%2C182&amp;ssl=1 272w, https:\/\/i0.wp.com\/cdnoticias.com\/wp-content\/uploads\/2022\/06\/La-Posta-6.jpg?w=1480&amp;ssl=1 1480w\" sizes=\"auto, (max-width: 800px) 100vw, 800px\" \/><\/p>\n<p>&nbsp;<\/p>\n<p>En la tienda virtual podr\u00e1n encontrar <strong>panificados dulces y salados, congelados, frutas y verduras, semillas, cosm\u00e9tica natural, artesan\u00edas<\/strong>. En esta oportunidad adem\u00e1s encontrar\u00e1n un<strong> Ki\u00f1erun Aniversario<\/strong>. Este t\u00e9rmino significa &#8220;Juntos&#8221; en Mapuzung\u00fan, napuche, y bajo ese nombre <em>&#8220;hacemos propuestas que buscan promover el consumo responsable, impulsar el consumo de productos del sector cooperativo y comprar a productores de la econom\u00eda popular local&#8221;<\/em>. En este caso estar\u00e1 compuesto por<strong> 1 kilo de yerba cooperativa, media docena de tortas fritas en una bolsa de papel confeccionada con papel de la empresa recuperada Bolsas Olavarr\u00eda por estudiantes de Corim, todo a $1500<\/strong>.<\/p>\n<p>&nbsp;<\/p>\n<blockquote><p>Se destac\u00f3 que \u201cadem\u00e1s de ser un espacio de encuentro entre productores y consumidores, La Posta crea espacios de participaci\u00f3n, debate y formaci\u00f3n en el marco de la construcci\u00f3n de la Econom\u00eda Social, Solidaria y Popular\u201d.<\/p><\/blockquote>\n<p>&nbsp;<\/p>\n","protected":false},"excerpt":{"rendered":"<p>El espacio de intercambio vuelve a feriar en el campus universitario en el marco de su sexto aniversario. Ya se<\/p>\n","protected":false},"author":4,"featured_media":88344,"comment_status":"closed","ping_status":"closed","sticky":false,"template":"","format":"standard","meta":{"_jetpack_memberships_contains_paid_content":false,"footnotes":""},"categories":[5,1],"tags":[],"class_list":["post-88342","post","type-post","status-publish","format-standard","has-post-thumbnail","hentry","category-informacion-general","category-portada"],"jetpack_featured_media_url":"https:\/\/i0.wp.com\/cdnoticias.com\/wp-content\/uploads\/2023\/06\/mercado-la-posta-facso.jpg?fit=800%2C445&ssl=1","jetpack_sharing_enabled":true,"_links":{"self":[{"href":"https:\/\/cdnoticias.com\/index.php\/wp-json\/wp\/v2\/posts\/88342","targetHints":{"allow":["GET"]}}],"collection":[{"href":"https:\/\/cdnoticias.com\/index.php\/wp-json\/wp\/v2\/posts"}],"about":[{"href":"https:\/\/cdnoticias.com\/index.php\/wp-json\/wp\/v2\/types\/post"}],"author":[{"embeddable":true,"href":"https:\/\/cdnoticias.com\/index.php\/wp-json\/wp\/v2\/users\/4"}],"replies":[{"embeddable":true,"href":"https:\/\/cdnoticias.com\/index.php\/wp-json\/wp\/v2\/comments?post=88342"}],"version-history":[{"count":0,"href":"https:\/\/cdnoticias.com\/index.php\/wp-json\/wp\/v2\/posts\/88342\/revisions"}],"wp:featuredmedia":[{"embeddable":true,"href":"https:\/\/cdnoticias.com\/index.php\/wp-json\/wp\/v2\/media\/88344"}],"wp:attachment":[{"href":"https:\/\/cdnoticias.com\/index.php\/wp-json\/wp\/v2\/media?parent=88342"}],"wp:term":[{"taxonomy":"category","embeddable":true,"href":"https:\/\/cdnoticias.com\/index.php\/wp-json\/wp\/v2\/categories?post=88342"},{"taxonomy":"post_tag","embeddable":true,"href":"https:\/\/cdnoticias.com\/index.php\/wp-json\/wp\/v2\/tags?post=88342"}],"curies":[{"name":"wp","href":"https:\/\/api.w.org\/{rel}","templated":true}]}}