{"id":88330,"date":"2023-06-23T08:43:04","date_gmt":"2023-06-23T11:43:04","guid":{"rendered":"https:\/\/www.centraldenoticias.com.ar\/?p=88330"},"modified":"2023-06-23T08:43:21","modified_gmt":"2023-06-23T11:43:21","slug":"leonardo-oscar-messineo-leo-q-e-p-d","status":"publish","type":"post","link":"https:\/\/cdnoticias.com\/index.php\/2023\/06\/23\/leonardo-oscar-messineo-leo-q-e-p-d\/","title":{"rendered":"Leonardo Oscar Messineo &#8220;Leo&#8221; (Q.E.P.D.)"},"content":{"rendered":"<p>&nbsp;<\/p>\n<p>Falleci\u00f3 en Olavarr\u00eda el d\u00eda 22 de Junio de 2023 a los 30 a\u00f1os de edad.<\/p>\n<p>&nbsp;<\/p>\n<p>Su concubina Macarena Mosqueira. Su hermana Celeste Messineo. Su padre Oscar Messineo. Su abuela Blanca Cavilla. Sus hermanos pol\u00edticos Natanael Navone, Lautaro y Victoriano Mosqueira. Sus sobrinos Santino y Sim\u00f3n. Sus t\u00edos Pablo y Eli. Sus primos. Sus amigos y dem\u00e1s deudos participan su fallecimiento.<\/p>\n<p>&nbsp;<\/p>\n<p>Velatorio: Espa\u00f1a 2942 departamento &#8220;B&#8221;. El velatorio comienza este viernes a las 8 horas. Sin responso. Inhumaci\u00f3n: Cementerio Loma de Paz, viernes 23 de Junio a las 13:30 horas. Servicio adherido a Coopelectric.<\/p>\n<p>&nbsp;<\/p>\n<p>Vecino de Barrio Pueblo Nuevo.<\/p>\n<p>Nacido en Olavarr\u00eda.<\/p>\n<p>Actividad que desarrollaba: Empleado.<\/p>\n<p>&nbsp;<\/p>\n","protected":false},"excerpt":{"rendered":"<p>&nbsp; Falleci\u00f3 en Olavarr\u00eda el d\u00eda 22 de Junio de 2023 a los 30 a\u00f1os de edad. &nbsp; Su concubina<\/p>\n","protected":false},"author":4,"featured_media":51544,"comment_status":"closed","ping_status":"closed","sticky":false,"template":"","format":"standard","meta":{"_jetpack_memberships_contains_paid_content":false,"footnotes":""},"categories":[10],"tags":[],"class_list":["post-88330","post","type-post","status-publish","format-standard","has-post-thumbnail","hentry","category-necrologicas"],"jetpack_featured_media_url":"https:\/\/i0.wp.com\/cdnoticias.com\/wp-content\/uploads\/2022\/04\/necrologicas-390-x-240.jpg?fit=390%2C240&ssl=1","jetpack_sharing_enabled":true,"_links":{"self":[{"href":"https:\/\/cdnoticias.com\/index.php\/wp-json\/wp\/v2\/posts\/88330","targetHints":{"allow":["GET"]}}],"collection":[{"href":"https:\/\/cdnoticias.com\/index.php\/wp-json\/wp\/v2\/posts"}],"about":[{"href":"https:\/\/cdnoticias.com\/index.php\/wp-json\/wp\/v2\/types\/post"}],"author":[{"embeddable":true,"href":"https:\/\/cdnoticias.com\/index.php\/wp-json\/wp\/v2\/users\/4"}],"replies":[{"embeddable":true,"href":"https:\/\/cdnoticias.com\/index.php\/wp-json\/wp\/v2\/comments?post=88330"}],"version-history":[{"count":0,"href":"https:\/\/cdnoticias.com\/index.php\/wp-json\/wp\/v2\/posts\/88330\/revisions"}],"wp:featuredmedia":[{"embeddable":true,"href":"https:\/\/cdnoticias.com\/index.php\/wp-json\/wp\/v2\/media\/51544"}],"wp:attachment":[{"href":"https:\/\/cdnoticias.com\/index.php\/wp-json\/wp\/v2\/media?parent=88330"}],"wp:term":[{"taxonomy":"category","embeddable":true,"href":"https:\/\/cdnoticias.com\/index.php\/wp-json\/wp\/v2\/categories?post=88330"},{"taxonomy":"post_tag","embeddable":true,"href":"https:\/\/cdnoticias.com\/index.php\/wp-json\/wp\/v2\/tags?post=88330"}],"curies":[{"name":"wp","href":"https:\/\/api.w.org\/{rel}","templated":true}]}}