{"id":88327,"date":"2023-06-23T08:26:54","date_gmt":"2023-06-23T11:26:54","guid":{"rendered":"https:\/\/www.centraldenoticias.com.ar\/?p=88327"},"modified":"2023-06-23T10:53:34","modified_gmt":"2023-06-23T13:53:34","slug":"elba-leonor-tello-franco-viuda-de-duarte-q-e-p-d","status":"publish","type":"post","link":"https:\/\/cdnoticias.com\/index.php\/2023\/06\/23\/elba-leonor-tello-franco-viuda-de-duarte-q-e-p-d\/","title":{"rendered":"Elba Leonor Tello Franco viuda de Duarte (Q.E.P.D.)"},"content":{"rendered":"<p>&nbsp;<\/p>\n<p>Falleci\u00f3 en Olavarr\u00eda el d\u00eda 22 de Junio de 2023 a los 83 a\u00f1os de edad.<\/p>\n<p>&nbsp;<\/p>\n<p>Su hijo Jorge Duarte. Su hija pol\u00edtica Mar\u00eda Rivas. Sus nietos. Sus nietos pol\u00edticos. Sus bisnietos. Sus hermanos. Sus hermanos pol\u00edticos. Sus sobrinos y dem\u00e1s deudos participan su fallecimiento.<\/p>\n<p>&nbsp;<\/p>\n<p>Velatorio: Espa\u00f1a 2942 departamento &#8220;A&#8221;. El velatorio comienza este viernes 23 a las 8 y finaliza a las 12 horas. Responso: Capilla Ardiente. Cremaci\u00f3n: Crematorio Pinos de Paz, este s\u00e1bado 23 de junio a las 15:00hs. Servicio adherido a Coopelectric.<\/p>\n<p>&nbsp;<\/p>\n<p>Vecina de Barrio Bel\u00e9n.<\/p>\n<p>Nacida en General La Madrid.<\/p>\n<p>Actividad que desarrollaba: Jubilada y Pensionada.<\/p>\n<p>&nbsp;<\/p>\n","protected":false},"excerpt":{"rendered":"<p>&nbsp; Falleci\u00f3 en Olavarr\u00eda el d\u00eda 22 de Junio de 2023 a los 83 a\u00f1os de edad. &nbsp; Su hijo<\/p>\n","protected":false},"author":4,"featured_media":51544,"comment_status":"closed","ping_status":"closed","sticky":false,"template":"","format":"standard","meta":{"_jetpack_memberships_contains_paid_content":false,"footnotes":""},"categories":[10],"tags":[],"class_list":["post-88327","post","type-post","status-publish","format-standard","has-post-thumbnail","hentry","category-necrologicas"],"jetpack_featured_media_url":"https:\/\/i0.wp.com\/cdnoticias.com\/wp-content\/uploads\/2022\/04\/necrologicas-390-x-240.jpg?fit=390%2C240&ssl=1","jetpack_sharing_enabled":true,"_links":{"self":[{"href":"https:\/\/cdnoticias.com\/index.php\/wp-json\/wp\/v2\/posts\/88327","targetHints":{"allow":["GET"]}}],"collection":[{"href":"https:\/\/cdnoticias.com\/index.php\/wp-json\/wp\/v2\/posts"}],"about":[{"href":"https:\/\/cdnoticias.com\/index.php\/wp-json\/wp\/v2\/types\/post"}],"author":[{"embeddable":true,"href":"https:\/\/cdnoticias.com\/index.php\/wp-json\/wp\/v2\/users\/4"}],"replies":[{"embeddable":true,"href":"https:\/\/cdnoticias.com\/index.php\/wp-json\/wp\/v2\/comments?post=88327"}],"version-history":[{"count":0,"href":"https:\/\/cdnoticias.com\/index.php\/wp-json\/wp\/v2\/posts\/88327\/revisions"}],"wp:featuredmedia":[{"embeddable":true,"href":"https:\/\/cdnoticias.com\/index.php\/wp-json\/wp\/v2\/media\/51544"}],"wp:attachment":[{"href":"https:\/\/cdnoticias.com\/index.php\/wp-json\/wp\/v2\/media?parent=88327"}],"wp:term":[{"taxonomy":"category","embeddable":true,"href":"https:\/\/cdnoticias.com\/index.php\/wp-json\/wp\/v2\/categories?post=88327"},{"taxonomy":"post_tag","embeddable":true,"href":"https:\/\/cdnoticias.com\/index.php\/wp-json\/wp\/v2\/tags?post=88327"}],"curies":[{"name":"wp","href":"https:\/\/api.w.org\/{rel}","templated":true}]}}