{"id":88324,"date":"2023-06-22T21:09:32","date_gmt":"2023-06-23T00:09:32","guid":{"rendered":"https:\/\/www.centraldenoticias.com.ar\/?p=88324"},"modified":"2023-06-23T10:39:26","modified_gmt":"2023-06-23T13:39:26","slug":"otro-accidente-en-ruta-226-hubo-un-herido","status":"publish","type":"post","link":"https:\/\/cdnoticias.com\/index.php\/2023\/06\/22\/otro-accidente-en-ruta-226-hubo-un-herido\/","title":{"rendered":"Otro accidente en ruta 226: hubo un herido"},"content":{"rendered":"<p>El hecho se produjo esta tarde, a la altura del puente que atraviesa el arroyo Vallimanca.<!--more--><\/p>\n<hr \/>\n<p>En la tarde de este jueves y<a href=\"https:\/\/cdnoticias.com\/index.php\/2023\/06\/22\/un-olavarriense-fallecio-en-el-siniestro-vial-de-ruta-226\/\" target=\"_blank\" rel=\"noopener\"> horas despu\u00e9s del violento accidente en el que falleci\u00f3 un olavarriense<\/a>, <strong>otro siniestro vial en la ruta 226 camino a Bol\u00edvar tuvo como saldo una persona herida.<\/strong><\/p>\n<p>&nbsp;<\/p>\n<p>El hecho se produjo en el <strong>puente que atraviesa el arroyo Vallimanca y seg\u00fan testigos en el lugar fue por alcance<\/strong>, es decir, uno de los veh\u00edculos choc\u00f3 a otro de atr\u00e1s en plena ruta. De todas maneras, <strong>apuntaron hacia un tercer participante, un transportista que conduc\u00eda un tractor con semiacoplado quien habr\u00eda generado el accidente.<\/strong><\/p>\n<p>&nbsp;<\/p>\n<p>Uno de los conductores de los veh\u00edculos implicados, identificado como Carlos Alvarado Camilneto<strong>, debi\u00f3 ser rescatado del habit\u00e1culo dado que qued\u00f3 atrapado. Tras lograr salir, lo trasladaron al Hospital de la vecina ciudad para su atenci\u00f3n.<\/strong> El otro conductor no tuvo consecuencias f\u00edsicas.<\/p>\n<p>&nbsp;<\/p>\n<p>Seg\u00fan inform\u00f3 <em><strong>La Ma\u00f1ana de Bol\u00edvar<\/strong><\/em>,<strong> la ruta se encuentra cortada al tr\u00e1nsito en la direcci\u00f3n hacia Olavarr\u00eda y se visualiza una extensa cola de rodados.<\/strong> Los veh\u00edculos involucrados a\u00fan permanecen en el lugar y se aguarda por las pericias pertinentes que arrojar\u00e1n luz a la ocurrencia de los hechos.<\/p>\n<p>&nbsp;<\/p>\n<p>Adem\u00e1s de personal policial, participaron en el rescate dos unidades de Bomberos Voluntarios de Bol\u00edvar.<\/p>\n","protected":false},"excerpt":{"rendered":"<p>El hecho se produjo esta tarde, a la altura del puente que atraviesa el arroyo Vallimanca.<\/p>\n","protected":false},"author":2,"featured_media":88325,"comment_status":"closed","ping_status":"closed","sticky":false,"template":"","format":"standard","meta":{"_jetpack_memberships_contains_paid_content":false,"footnotes":""},"categories":[14],"tags":[],"class_list":["post-88324","post","type-post","status-publish","format-standard","has-post-thumbnail","hentry","category-policiales"],"jetpack_featured_media_url":"https:\/\/i0.wp.com\/cdnoticias.com\/wp-content\/uploads\/2023\/06\/WhatsApp-Image-2023-06-22-at-20.43.39.jpeg?fit=1600%2C900&ssl=1","jetpack_sharing_enabled":true,"_links":{"self":[{"href":"https:\/\/cdnoticias.com\/index.php\/wp-json\/wp\/v2\/posts\/88324","targetHints":{"allow":["GET"]}}],"collection":[{"href":"https:\/\/cdnoticias.com\/index.php\/wp-json\/wp\/v2\/posts"}],"about":[{"href":"https:\/\/cdnoticias.com\/index.php\/wp-json\/wp\/v2\/types\/post"}],"author":[{"embeddable":true,"href":"https:\/\/cdnoticias.com\/index.php\/wp-json\/wp\/v2\/users\/2"}],"replies":[{"embeddable":true,"href":"https:\/\/cdnoticias.com\/index.php\/wp-json\/wp\/v2\/comments?post=88324"}],"version-history":[{"count":0,"href":"https:\/\/cdnoticias.com\/index.php\/wp-json\/wp\/v2\/posts\/88324\/revisions"}],"wp:featuredmedia":[{"embeddable":true,"href":"https:\/\/cdnoticias.com\/index.php\/wp-json\/wp\/v2\/media\/88325"}],"wp:attachment":[{"href":"https:\/\/cdnoticias.com\/index.php\/wp-json\/wp\/v2\/media?parent=88324"}],"wp:term":[{"taxonomy":"category","embeddable":true,"href":"https:\/\/cdnoticias.com\/index.php\/wp-json\/wp\/v2\/categories?post=88324"},{"taxonomy":"post_tag","embeddable":true,"href":"https:\/\/cdnoticias.com\/index.php\/wp-json\/wp\/v2\/tags?post=88324"}],"curies":[{"name":"wp","href":"https:\/\/api.w.org\/{rel}","templated":true}]}}