{"id":88320,"date":"2023-06-22T20:51:03","date_gmt":"2023-06-22T23:51:03","guid":{"rendered":"https:\/\/www.centraldenoticias.com.ar\/?p=88320"},"modified":"2023-06-23T09:05:00","modified_gmt":"2023-06-23T12:05:00","slug":"cierre-de-listas-en-olavarria-un-estado-de-situacion-a-48-horas-de-la-presentacion","status":"publish","type":"post","link":"https:\/\/cdnoticias.com\/index.php\/2023\/06\/22\/cierre-de-listas-en-olavarria-un-estado-de-situacion-a-48-horas-de-la-presentacion\/","title":{"rendered":"Cierre de listas en Olavarr\u00eda: un estado de situaci\u00f3n a 48 horas de la presentaci\u00f3n"},"content":{"rendered":"<p>Hubo algunas definiciones que se conocer\u00e1n durante el viernes. Guillermo Lascano ser\u00e1 el primer precandidato a concejal de Celeste Arouxet. Las definiciones del oficialismo local y las internas: pocos lugares para varios espacios. <!--more--><\/p>\n<hr \/>\n<p>A poco m\u00e1s de <strong>48 horas del cierre de listas en Olavarr\u00eda<\/strong>, la Secci\u00f3n, la Provincia y las candidaturas nacionales, en la ciudad hubo variado movimiento y algunos primeros nombres comenzaron a asomarse mientras las dudas sobre la realizaci\u00f3n de PASO en los diversos frentes a\u00fan es una inc\u00f3gnita. <strong>S\u00ed, habr\u00e1 PASO, pero \u00bfcu\u00e1ntas listas?<\/strong><\/p>\n<p>&nbsp;<\/p>\n<p>El oficialismo \u2013que apoya a Horacio Rodr\u00edguez Larreta y Diego Santilli- tiene, por ahora, uno de los cierres m\u00e1s armoniosos: con <strong>Ezequiel Galli en b\u00fasqueda de una nueva reelecci\u00f3n, la lista local ya tendr\u00eda pr\u00e1cticamente todo listo y se esperan anuncios durante el viernes. \u00bfEl nombre que pic\u00f3 en punta para encabezar la n\u00f3mina? Se mencion\u00f3 el de Hilario Galli, secretario de Gobierno.<\/strong><\/p>\n<p>&nbsp;<\/p>\n<p><img data-recalc-dims=\"1\" loading=\"lazy\" decoding=\"async\" class=\"alignnone size-large wp-image-88321\" src=\"https:\/\/i0.wp.com\/cdnoticias.com\/wp-content\/uploads\/2023\/06\/FtxQnsyWYAMvSOU.jpeg?resize=800%2C534&#038;ssl=1\" alt=\"\" width=\"800\" height=\"534\" srcset=\"https:\/\/i0.wp.com\/cdnoticias.com\/wp-content\/uploads\/2023\/06\/FtxQnsyWYAMvSOU.jpeg?resize=1024%2C684&amp;ssl=1 1024w, https:\/\/i0.wp.com\/cdnoticias.com\/wp-content\/uploads\/2023\/06\/FtxQnsyWYAMvSOU.jpeg?resize=300%2C200&amp;ssl=1 300w, https:\/\/i0.wp.com\/cdnoticias.com\/wp-content\/uploads\/2023\/06\/FtxQnsyWYAMvSOU.jpeg?resize=768%2C513&amp;ssl=1 768w, https:\/\/i0.wp.com\/cdnoticias.com\/wp-content\/uploads\/2023\/06\/FtxQnsyWYAMvSOU.jpeg?resize=1536%2C1026&amp;ssl=1 1536w, https:\/\/i0.wp.com\/cdnoticias.com\/wp-content\/uploads\/2023\/06\/FtxQnsyWYAMvSOU.jpeg?resize=272%2C182&amp;ssl=1 272w, https:\/\/i0.wp.com\/cdnoticias.com\/wp-content\/uploads\/2023\/06\/FtxQnsyWYAMvSOU.jpeg?w=1600&amp;ssl=1 1600w\" sizes=\"auto, (max-width: 800px) 100vw, 800px\" \/><\/p>\n<p>&nbsp;<\/p>\n<p>Si bien restaban algunos detalles y muchas de las \u00faltimas decisiones se tomar\u00edan a \u00faltima hora de este jueves, <strong>no se descart\u00f3 un acuerdo, adem\u00e1s del que se esperaba con el curismo, con el radicalismo de Evoluci\u00f3n<\/strong>, que tiene representaci\u00f3n local en la gesti\u00f3n del comit\u00e9 local. Los espacios trabajan juntos a nivel nacional y provincial, por lo que no suena descabellado que la UCR integre, una vez m\u00e1s, lista con el intendente Galli.<\/p>\n<p>&nbsp;<\/p>\n<p><img data-recalc-dims=\"1\" loading=\"lazy\" decoding=\"async\" class=\"alignnone size-full wp-image-76030\" src=\"https:\/\/i0.wp.com\/cdnoticias.com\/wp-content\/uploads\/2023\/02\/HCD-ucr-vergel-matrella.jpg?resize=800%2C445&#038;ssl=1\" alt=\"\" width=\"800\" height=\"445\" srcset=\"https:\/\/i0.wp.com\/cdnoticias.com\/wp-content\/uploads\/2023\/02\/HCD-ucr-vergel-matrella.jpg?w=800&amp;ssl=1 800w, https:\/\/i0.wp.com\/cdnoticias.com\/wp-content\/uploads\/2023\/02\/HCD-ucr-vergel-matrella.jpg?resize=300%2C167&amp;ssl=1 300w, https:\/\/i0.wp.com\/cdnoticias.com\/wp-content\/uploads\/2023\/02\/HCD-ucr-vergel-matrella.jpg?resize=768%2C427&amp;ssl=1 768w\" sizes=\"auto, (max-width: 800px) 100vw, 800px\" \/><\/p>\n<p>&nbsp;<\/p>\n<p><strong>En la Secci\u00f3n, por ahora, no hubo ninguna novedad<\/strong>: \u201ceso se define el s\u00e1bado y el escenario se define a \u00faltimo momento\u201d indicaron a Central de Noticias. <strong>Ezequiel Galli ser\u00e1 la referencia principal y armador, por lo que se prev\u00e9 que Olavarr\u00eda tenga \u201cprioridad\u201d en la n\u00f3mina de precandidatos de los autodenominados \u201cpalomas\u201d.<\/strong><\/p>\n<p>&nbsp;<\/p>\n<p>Juntos tendr\u00e1 internas: a la lista de Horacio Rodr\u00edguez Larreta se enfrentar\u00e1 la de Patricia Bullrich.<strong> En Olavarr\u00eda, por ahora hay cuatro espacios disput\u00e1ndose los lugares relevantes, pero se logr\u00f3 saber que Dalton J\u00e1uregui (referenciado en Cristian Ritondo) tendr\u00eda una luz de ventaja sobre los otros dirigentes que tambi\u00e9n buscan el lugar.<\/strong><\/p>\n<p>&nbsp;<\/p>\n<p><img data-recalc-dims=\"1\" loading=\"lazy\" decoding=\"async\" class=\"alignnone size-large wp-image-66104\" src=\"https:\/\/i0.wp.com\/cdnoticias.com\/wp-content\/uploads\/2022\/09\/dalton-jauregui.jpg?resize=800%2C480&#038;ssl=1\" alt=\"\" width=\"800\" height=\"480\" srcset=\"https:\/\/i0.wp.com\/cdnoticias.com\/wp-content\/uploads\/2022\/09\/dalton-jauregui-scaled.jpg?resize=1024%2C614&amp;ssl=1 1024w, https:\/\/i0.wp.com\/cdnoticias.com\/wp-content\/uploads\/2022\/09\/dalton-jauregui-scaled.jpg?resize=300%2C180&amp;ssl=1 300w, https:\/\/i0.wp.com\/cdnoticias.com\/wp-content\/uploads\/2022\/09\/dalton-jauregui-scaled.jpg?resize=768%2C461&amp;ssl=1 768w, https:\/\/i0.wp.com\/cdnoticias.com\/wp-content\/uploads\/2022\/09\/dalton-jauregui-scaled.jpg?resize=1536%2C922&amp;ssl=1 1536w, https:\/\/i0.wp.com\/cdnoticias.com\/wp-content\/uploads\/2022\/09\/dalton-jauregui-scaled.jpg?resize=2048%2C1229&amp;ssl=1 2048w, https:\/\/i0.wp.com\/cdnoticias.com\/wp-content\/uploads\/2022\/09\/dalton-jauregui-scaled.jpg?w=1600&amp;ssl=1 1600w, https:\/\/i0.wp.com\/cdnoticias.com\/wp-content\/uploads\/2022\/09\/dalton-jauregui-scaled.jpg?w=2400&amp;ssl=1 2400w\" sizes=\"auto, (max-width: 800px) 100vw, 800px\" \/><\/p>\n<p>&nbsp;<\/p>\n<p>Del espacio de <strong>Andrea Coronel, por su parte, no se descart\u00f3 ceder su intenci\u00f3n de ir por la intendencia para encabezar la n\u00f3mina de concejales, a la espera de la decisi\u00f3n de Marcelo Spina (radical referenciado en Maximiliano Abad) que a\u00fan no tom\u00f3 una determinaci\u00f3n.<\/strong> Las reuniones siguen. \u00bfQu\u00e9 pasar\u00e1 con Juan Zyla? Mismo destino: a\u00fan buscan acordar los lugares en las listas y las pr\u00f3ximas horas ser\u00e1n claves.<\/p>\n<p>&nbsp;<\/p>\n<p><img data-recalc-dims=\"1\" loading=\"lazy\" decoding=\"async\" class=\"alignnone size-full wp-image-84363\" src=\"https:\/\/i0.wp.com\/cdnoticias.com\/wp-content\/uploads\/2023\/05\/andrea-coronel-patricia-bullrich.jpg?resize=800%2C446&#038;ssl=1\" alt=\"\" width=\"800\" height=\"446\" srcset=\"https:\/\/i0.wp.com\/cdnoticias.com\/wp-content\/uploads\/2023\/05\/andrea-coronel-patricia-bullrich.jpg?w=800&amp;ssl=1 800w, https:\/\/i0.wp.com\/cdnoticias.com\/wp-content\/uploads\/2023\/05\/andrea-coronel-patricia-bullrich.jpg?resize=300%2C167&amp;ssl=1 300w, https:\/\/i0.wp.com\/cdnoticias.com\/wp-content\/uploads\/2023\/05\/andrea-coronel-patricia-bullrich.jpg?resize=768%2C428&amp;ssl=1 768w\" sizes=\"auto, (max-width: 800px) 100vw, 800px\" \/><\/p>\n<p>&nbsp;<\/p>\n<p><img data-recalc-dims=\"1\" loading=\"lazy\" decoding=\"async\" class=\"alignnone size-large wp-image-77830\" src=\"https:\/\/i0.wp.com\/cdnoticias.com\/wp-content\/uploads\/2023\/02\/spina-ucr5.jpg?resize=800%2C445&#038;ssl=1\" alt=\"\" width=\"800\" height=\"445\" srcset=\"https:\/\/i0.wp.com\/cdnoticias.com\/wp-content\/uploads\/2023\/02\/spina-ucr5-scaled.jpg?resize=1024%2C570&amp;ssl=1 1024w, https:\/\/i0.wp.com\/cdnoticias.com\/wp-content\/uploads\/2023\/02\/spina-ucr5-scaled.jpg?resize=300%2C167&amp;ssl=1 300w, https:\/\/i0.wp.com\/cdnoticias.com\/wp-content\/uploads\/2023\/02\/spina-ucr5-scaled.jpg?resize=768%2C427&amp;ssl=1 768w, https:\/\/i0.wp.com\/cdnoticias.com\/wp-content\/uploads\/2023\/02\/spina-ucr5-scaled.jpg?resize=1536%2C854&amp;ssl=1 1536w, https:\/\/i0.wp.com\/cdnoticias.com\/wp-content\/uploads\/2023\/02\/spina-ucr5-scaled.jpg?resize=2048%2C1139&amp;ssl=1 2048w, https:\/\/i0.wp.com\/cdnoticias.com\/wp-content\/uploads\/2023\/02\/spina-ucr5-scaled.jpg?resize=800%2C445&amp;ssl=1 800w, https:\/\/i0.wp.com\/cdnoticias.com\/wp-content\/uploads\/2023\/02\/spina-ucr5-scaled.jpg?w=1600&amp;ssl=1 1600w, https:\/\/i0.wp.com\/cdnoticias.com\/wp-content\/uploads\/2023\/02\/spina-ucr5-scaled.jpg?w=2400&amp;ssl=1 2400w\" sizes=\"auto, (max-width: 800px) 100vw, 800px\" \/><\/p>\n<p>&nbsp;<\/p>\n<p>En <strong>Uni\u00f3n por la Patria, hay pocas novedades: solo se sabe que Maximiliano Wesner ser\u00e1 precandidato del espacio<\/strong>, y no hay pistas del armado de listas en lo local. En un completo hermetismo (y mientras todav\u00eda restan definiciones importantes en la Naci\u00f3n y la Provincia) la respuesta es que \u201ctodav\u00eda no hay nada\u201d y se esperan definiciones m\u00e1s cerca del s\u00e1bado que de este viernes.<\/p>\n<p>&nbsp;<\/p>\n<p><img data-recalc-dims=\"1\" loading=\"lazy\" decoding=\"async\" class=\"alignnone size-full wp-image-84218\" src=\"https:\/\/i0.wp.com\/cdnoticias.com\/wp-content\/uploads\/2023\/05\/maxi-wesner-fdt-04.jpg?resize=800%2C445&#038;ssl=1\" alt=\"\" width=\"800\" height=\"445\" srcset=\"https:\/\/i0.wp.com\/cdnoticias.com\/wp-content\/uploads\/2023\/05\/maxi-wesner-fdt-04.jpg?w=800&amp;ssl=1 800w, https:\/\/i0.wp.com\/cdnoticias.com\/wp-content\/uploads\/2023\/05\/maxi-wesner-fdt-04.jpg?resize=300%2C167&amp;ssl=1 300w, https:\/\/i0.wp.com\/cdnoticias.com\/wp-content\/uploads\/2023\/05\/maxi-wesner-fdt-04.jpg?resize=768%2C427&amp;ssl=1 768w\" sizes=\"auto, (max-width: 800px) 100vw, 800px\" \/><\/p>\n<p>&nbsp;<\/p>\n<p>Mientras tanto, <strong>Eduardo Rodr\u00edguez (representante del Frente Renovador) contin\u00faa mostrando su intenci\u00f3n de ser precandidato y durante este jueves se ultimaban los detalles para tener la lista local cerrada y viajar hacia La Plata.<\/strong> Tambi\u00e9n public\u00f3 un spot en redes sociales \u2013referenciada en una nota en un medio local- que busca explicitar sus virtudes de cara a una posible interna con Wesner.<\/p>\n<p>&nbsp;<\/p>\n<p><img data-recalc-dims=\"1\" loading=\"lazy\" decoding=\"async\" class=\"alignnone size-full wp-image-87961\" src=\"https:\/\/i0.wp.com\/cdnoticias.com\/wp-content\/uploads\/2023\/06\/eduardo-rodriguez-1.jpeg?resize=800%2C533&#038;ssl=1\" alt=\"\" width=\"800\" height=\"533\" srcset=\"https:\/\/i0.wp.com\/cdnoticias.com\/wp-content\/uploads\/2023\/06\/eduardo-rodriguez-1.jpeg?w=900&amp;ssl=1 900w, https:\/\/i0.wp.com\/cdnoticias.com\/wp-content\/uploads\/2023\/06\/eduardo-rodriguez-1.jpeg?resize=300%2C200&amp;ssl=1 300w, https:\/\/i0.wp.com\/cdnoticias.com\/wp-content\/uploads\/2023\/06\/eduardo-rodriguez-1.jpeg?resize=768%2C512&amp;ssl=1 768w, https:\/\/i0.wp.com\/cdnoticias.com\/wp-content\/uploads\/2023\/06\/eduardo-rodriguez-1.jpeg?resize=272%2C182&amp;ssl=1 272w\" sizes=\"auto, (max-width: 800px) 100vw, 800px\" \/><\/p>\n<p>&nbsp;<\/p>\n<p>La gran pregunta es <strong>\u00bfUni\u00f3n por la Patria abrir\u00e1 una interna dentro de otra interna en el espacio? Esto dejar\u00eda afuera a Rodr\u00edguez o, al menos, obligar\u00eda a una integraci\u00f3n de listas con Wesner. Todo est\u00e1 por verse.<\/strong><\/p>\n<p>&nbsp;<\/p>\n<p>En paralelo<strong>, Hern\u00e1n Parra ya tendr\u00eda cerrada la n\u00f3mina de precandidatos locales y se prepara para ser presentada en la capital de la Provincia.<\/strong><em> \u201cSon caras nuevas, con formaci\u00f3n, lugar a la juventud, al comerciante, al profesional y sobre todo construida en total consenso de todos los espacios que integran Olavarr\u00eda al Frente\u201d<\/em> indicaron a Central de Noticias.<\/p>\n<p>&nbsp;<\/p>\n<p><img data-recalc-dims=\"1\" loading=\"lazy\" decoding=\"async\" class=\"alignnone size-large wp-image-83027\" src=\"https:\/\/i0.wp.com\/cdnoticias.com\/wp-content\/uploads\/2023\/04\/hernan-parra-con-vecinos-1.jpeg?resize=800%2C533&#038;ssl=1\" alt=\"\" width=\"800\" height=\"533\" srcset=\"https:\/\/i0.wp.com\/cdnoticias.com\/wp-content\/uploads\/2023\/04\/hernan-parra-con-vecinos-1.jpeg?resize=1024%2C682&amp;ssl=1 1024w, https:\/\/i0.wp.com\/cdnoticias.com\/wp-content\/uploads\/2023\/04\/hernan-parra-con-vecinos-1.jpeg?resize=300%2C200&amp;ssl=1 300w, https:\/\/i0.wp.com\/cdnoticias.com\/wp-content\/uploads\/2023\/04\/hernan-parra-con-vecinos-1.jpeg?resize=768%2C512&amp;ssl=1 768w, https:\/\/i0.wp.com\/cdnoticias.com\/wp-content\/uploads\/2023\/04\/hernan-parra-con-vecinos-1.jpeg?resize=1536%2C1023&amp;ssl=1 1536w, https:\/\/i0.wp.com\/cdnoticias.com\/wp-content\/uploads\/2023\/04\/hernan-parra-con-vecinos-1.jpeg?resize=272%2C182&amp;ssl=1 272w, https:\/\/i0.wp.com\/cdnoticias.com\/wp-content\/uploads\/2023\/04\/hernan-parra-con-vecinos-1.jpeg?w=1600&amp;ssl=1 1600w\" sizes=\"auto, (max-width: 800px) 100vw, 800px\" \/><\/p>\n<p>&nbsp;<\/p>\n<p>Entre tanta lista, es v\u00e1lida la pregunta<strong>: \u00bfhabr\u00e1 un acercamiento de la lista de Parra a la postulaci\u00f3n de Daniel Scioli a nivel nacional y Victoria Tolosa Paz en la Provincia?<\/strong> Ser\u00eda una forma de participar en el espacio que siempre adhiri\u00f3 el empresario devenido en precandidato. Obviamente, tambi\u00e9n depender\u00e1 de la suerte de los dos precandidatos a la Naci\u00f3n y la Provincia: si bien hubo un acto de lanzamiento este jueves, nada est\u00e1 dicho todav\u00eda. <strong>\u00bfQu\u00e9 pasar\u00e1 con Camino a la Victoria, espacio referenciado en Luj\u00e1n Rodr\u00edguez? La S\u00e9ptima podr\u00eda ser una respuesta.<\/strong><\/p>\n<p>&nbsp;<\/p>\n<p>Lo que parece estar claro es que, a priori, <strong>no habr\u00eda espacio para las tres listas. \u00bfQu\u00e9 suceder\u00e1 de aqu\u00ed al s\u00e1bado?<\/strong><\/p>\n<p>&nbsp;<\/p>\n<p>Caso distinto a <strong>La Libertad Avanza a nivel local. Con la confirmaci\u00f3n de Celeste Arouxet como precandidata a Intendente<\/strong>, \u201centregamos m\u00e1s de 600 avales y la lista, estamos a la espera de la formalizaci\u00f3n\u201d indicaron a este portal ante la consulta.<\/p>\n<p>&nbsp;<\/p>\n<p><img data-recalc-dims=\"1\" loading=\"lazy\" decoding=\"async\" class=\"alignnone size-large wp-image-79156\" src=\"https:\/\/i0.wp.com\/cdnoticias.com\/wp-content\/uploads\/2023\/03\/arouxet-lascano-02.jpg?resize=800%2C445&#038;ssl=1\" alt=\"\" width=\"800\" height=\"445\" srcset=\"https:\/\/i0.wp.com\/cdnoticias.com\/wp-content\/uploads\/2023\/03\/arouxet-lascano-02-scaled.jpg?resize=1024%2C570&amp;ssl=1 1024w, https:\/\/i0.wp.com\/cdnoticias.com\/wp-content\/uploads\/2023\/03\/arouxet-lascano-02-scaled.jpg?resize=300%2C167&amp;ssl=1 300w, https:\/\/i0.wp.com\/cdnoticias.com\/wp-content\/uploads\/2023\/03\/arouxet-lascano-02-scaled.jpg?resize=768%2C427&amp;ssl=1 768w, https:\/\/i0.wp.com\/cdnoticias.com\/wp-content\/uploads\/2023\/03\/arouxet-lascano-02-scaled.jpg?resize=1536%2C855&amp;ssl=1 1536w, https:\/\/i0.wp.com\/cdnoticias.com\/wp-content\/uploads\/2023\/03\/arouxet-lascano-02-scaled.jpg?resize=2048%2C1140&amp;ssl=1 2048w, https:\/\/i0.wp.com\/cdnoticias.com\/wp-content\/uploads\/2023\/03\/arouxet-lascano-02-scaled.jpg?resize=800%2C445&amp;ssl=1 800w, https:\/\/i0.wp.com\/cdnoticias.com\/wp-content\/uploads\/2023\/03\/arouxet-lascano-02-scaled.jpg?w=1600&amp;ssl=1 1600w, https:\/\/i0.wp.com\/cdnoticias.com\/wp-content\/uploads\/2023\/03\/arouxet-lascano-02-scaled.jpg?w=2400&amp;ssl=1 2400w\" sizes=\"auto, (max-width: 800px) 100vw, 800px\" \/><\/p>\n<p>&nbsp;<\/p>\n<p><strong><em>\u201cTengo el honor de encabezar la lista a concejales\u201d<\/em> <\/strong>expres\u00f3 a Central de Noticias<strong> Guillermo Lascano, quien ser\u00e1 el primero de los postulantes en el espacio referenciado en Javier Milei.<\/strong> El ex funcionario municipal y Licenciado en Administraci\u00f3n buscar\u00e1 llegar al \u00e1mbito deliberativo al mismo tiempo que Arouxet buscar\u00e1 dar el batacazo y ganar las elecciones.<\/p>\n<p>&nbsp;<\/p>\n<p>A ellos se debe sumar <strong>la precandidatura de Alan Aguirre por \u201cPrincipios y Valores\u201d de Guillermo Moreno, y tambi\u00e9n la Izquierda, que por ahora confirmaron a Agust\u00edn Mestralet como precandidato a Intendente y Yessica Almeida como primera postulante a concejal.<\/strong><\/p>\n<p>&nbsp;<\/p>\n<p><img data-recalc-dims=\"1\" loading=\"lazy\" decoding=\"async\" class=\"alignnone size-large wp-image-84778\" src=\"https:\/\/i0.wp.com\/cdnoticias.com\/wp-content\/uploads\/2023\/05\/alanaguirre1.jpg?resize=800%2C445&#038;ssl=1\" alt=\"\" width=\"800\" height=\"445\" srcset=\"https:\/\/i0.wp.com\/cdnoticias.com\/wp-content\/uploads\/2023\/05\/alanaguirre1-scaled.jpg?resize=1024%2C570&amp;ssl=1 1024w, https:\/\/i0.wp.com\/cdnoticias.com\/wp-content\/uploads\/2023\/05\/alanaguirre1-scaled.jpg?resize=300%2C167&amp;ssl=1 300w, https:\/\/i0.wp.com\/cdnoticias.com\/wp-content\/uploads\/2023\/05\/alanaguirre1-scaled.jpg?resize=768%2C427&amp;ssl=1 768w, https:\/\/i0.wp.com\/cdnoticias.com\/wp-content\/uploads\/2023\/05\/alanaguirre1-scaled.jpg?resize=1536%2C855&amp;ssl=1 1536w, https:\/\/i0.wp.com\/cdnoticias.com\/wp-content\/uploads\/2023\/05\/alanaguirre1-scaled.jpg?resize=2048%2C1140&amp;ssl=1 2048w, https:\/\/i0.wp.com\/cdnoticias.com\/wp-content\/uploads\/2023\/05\/alanaguirre1-scaled.jpg?resize=800%2C445&amp;ssl=1 800w, https:\/\/i0.wp.com\/cdnoticias.com\/wp-content\/uploads\/2023\/05\/alanaguirre1-scaled.jpg?w=1600&amp;ssl=1 1600w, https:\/\/i0.wp.com\/cdnoticias.com\/wp-content\/uploads\/2023\/05\/alanaguirre1-scaled.jpg?w=2400&amp;ssl=1 2400w\" sizes=\"auto, (max-width: 800px) 100vw, 800px\" \/><\/p>\n<p>&nbsp;<\/p>\n<p><img data-recalc-dims=\"1\" loading=\"lazy\" decoding=\"async\" class=\"alignnone size-large wp-image-77116\" src=\"https:\/\/i0.wp.com\/cdnoticias.com\/wp-content\/uploads\/2023\/02\/mestralet-polo-obrero.jpg?resize=800%2C445&#038;ssl=1\" alt=\"\" width=\"800\" height=\"445\" srcset=\"https:\/\/i0.wp.com\/cdnoticias.com\/wp-content\/uploads\/2023\/02\/mestralet-polo-obrero-scaled.jpg?resize=1024%2C570&amp;ssl=1 1024w, https:\/\/i0.wp.com\/cdnoticias.com\/wp-content\/uploads\/2023\/02\/mestralet-polo-obrero-scaled.jpg?resize=300%2C167&amp;ssl=1 300w, https:\/\/i0.wp.com\/cdnoticias.com\/wp-content\/uploads\/2023\/02\/mestralet-polo-obrero-scaled.jpg?resize=768%2C427&amp;ssl=1 768w, https:\/\/i0.wp.com\/cdnoticias.com\/wp-content\/uploads\/2023\/02\/mestralet-polo-obrero-scaled.jpg?resize=1536%2C855&amp;ssl=1 1536w, https:\/\/i0.wp.com\/cdnoticias.com\/wp-content\/uploads\/2023\/02\/mestralet-polo-obrero-scaled.jpg?resize=2048%2C1140&amp;ssl=1 2048w, https:\/\/i0.wp.com\/cdnoticias.com\/wp-content\/uploads\/2023\/02\/mestralet-polo-obrero-scaled.jpg?resize=800%2C445&amp;ssl=1 800w, https:\/\/i0.wp.com\/cdnoticias.com\/wp-content\/uploads\/2023\/02\/mestralet-polo-obrero-scaled.jpg?w=1600&amp;ssl=1 1600w, https:\/\/i0.wp.com\/cdnoticias.com\/wp-content\/uploads\/2023\/02\/mestralet-polo-obrero-scaled.jpg?w=2400&amp;ssl=1 2400w\" sizes=\"auto, (max-width: 800px) 100vw, 800px\" \/><\/p>\n<p>&nbsp;<\/p>\n<p>En las \u00faltimas horas, adem\u00e1s, <strong>se conoci\u00f3 que Nuevo MAS \u2013referenciado en Manuela Casta\u00f1eira- tendr\u00e1 como postulante local al comunicador Alejandro Schmale.<\/strong><\/p>\n<p>&nbsp;<\/p>\n<p>Y a 48 horas todo puede pasar: si F<strong>ernando Burlando contin\u00faa con sus intenciones de postularse como precandidato a gobernador, \u00bfpodr\u00eda tener precandidato local?<\/strong> Todav\u00eda falta definir la mayor\u00eda de las listas de precandidatos a concejal y la siempre codiciada \u2013y compleja- S\u00e9ptima Secci\u00f3n.<\/p>\n<p>&nbsp;<\/p>\n<p>Todo est\u00e1 por verse y aunque parezca poco, <strong>48 horas en un cierre de listas es una eternidad.<\/strong><\/p>\n","protected":false},"excerpt":{"rendered":"<p>Hubo algunas definiciones que se conocer\u00e1n durante el viernes. Guillermo Lascano ser\u00e1 el primer precandidato a concejal de Celeste Arouxet.<\/p>\n","protected":false},"author":2,"featured_media":88322,"comment_status":"closed","ping_status":"closed","sticky":false,"template":"","format":"standard","meta":{"_jetpack_memberships_contains_paid_content":false,"footnotes":""},"categories":[4,1],"tags":[],"class_list":["post-88320","post","type-post","status-publish","format-standard","has-post-thumbnail","hentry","category-politica","category-portada"],"jetpack_featured_media_url":"https:\/\/i0.wp.com\/cdnoticias.com\/wp-content\/uploads\/2023\/06\/colla1.jpg?fit=1000%2C600&ssl=1","jetpack_sharing_enabled":true,"_links":{"self":[{"href":"https:\/\/cdnoticias.com\/index.php\/wp-json\/wp\/v2\/posts\/88320","targetHints":{"allow":["GET"]}}],"collection":[{"href":"https:\/\/cdnoticias.com\/index.php\/wp-json\/wp\/v2\/posts"}],"about":[{"href":"https:\/\/cdnoticias.com\/index.php\/wp-json\/wp\/v2\/types\/post"}],"author":[{"embeddable":true,"href":"https:\/\/cdnoticias.com\/index.php\/wp-json\/wp\/v2\/users\/2"}],"replies":[{"embeddable":true,"href":"https:\/\/cdnoticias.com\/index.php\/wp-json\/wp\/v2\/comments?post=88320"}],"version-history":[{"count":0,"href":"https:\/\/cdnoticias.com\/index.php\/wp-json\/wp\/v2\/posts\/88320\/revisions"}],"wp:featuredmedia":[{"embeddable":true,"href":"https:\/\/cdnoticias.com\/index.php\/wp-json\/wp\/v2\/media\/88322"}],"wp:attachment":[{"href":"https:\/\/cdnoticias.com\/index.php\/wp-json\/wp\/v2\/media?parent=88320"}],"wp:term":[{"taxonomy":"category","embeddable":true,"href":"https:\/\/cdnoticias.com\/index.php\/wp-json\/wp\/v2\/categories?post=88320"},{"taxonomy":"post_tag","embeddable":true,"href":"https:\/\/cdnoticias.com\/index.php\/wp-json\/wp\/v2\/tags?post=88320"}],"curies":[{"name":"wp","href":"https:\/\/api.w.org\/{rel}","templated":true}]}}