{"id":88290,"date":"2023-06-22T18:31:41","date_gmt":"2023-06-22T21:31:41","guid":{"rendered":"https:\/\/www.centraldenoticias.com.ar\/?p=88290"},"modified":"2023-06-22T18:31:41","modified_gmt":"2023-06-22T21:31:41","slug":"el-colectivo-de-artistas-experiencia-18-presentara-su-septima-edicion","status":"publish","type":"post","link":"https:\/\/cdnoticias.com\/index.php\/2023\/06\/22\/el-colectivo-de-artistas-experiencia-18-presentara-su-septima-edicion\/","title":{"rendered":"El colectivo de artistas &#8220;Experiencia 18&#8221; presentar\u00e1 su s\u00e9ptima edici\u00f3n"},"content":{"rendered":"<p>Ser\u00e1 este s\u00e1bado 24 de junio en Insurgente. Habr\u00e1 stand up, artistas pl\u00e1sticos, pintura en vivo, teatro e intervenciones de circo. Participar\u00e1n artistas de Olavarr\u00eda, Azul, Tapalqu\u00e9, Temperley y Z\u00e1rate.<!--more--><\/p>\n<hr \/>\n<p>Este <strong>s\u00e1bado 24 de junio <\/strong>a partir de las<strong> 20 horas<\/strong> en <strong>Insurgente,<\/strong> el <strong>colectivo de artistas &#8220;<em>Experiencia 18<\/em><\/strong>&#8221; realizar\u00e1 su s\u00e9ptima edici\u00f3n. En esta ocasi\u00f3n, habr\u00e1<strong> stand up, teatro y mon\u00f3logos<\/strong>, acompa\u00f1ados de la participaci\u00f3n activa de <strong>artistas pl\u00e1sticos<\/strong> mediante exposiciones de sus obras y pintura en vivo.<\/p>\n<p>&nbsp;<\/p>\n<p>Por otra parte, se realizar\u00e1n intervenciones de <strong>circo y DJ<\/strong>. La edici\u00f3n contar\u00e1 con artistas provenientes de las ciudades de <strong>Olavarr\u00eda, Azul, Tapalqu\u00e9, Temperley y Z\u00e1rate<\/strong>. La noche comenzar\u00e1 con la presentaci\u00f3n de la <strong>madrina de la agrupaci\u00f3n, Madame L\u00fa.<\/strong><\/p>\n<p>&nbsp;<\/p>\n<p>La grilla de artistas que se presentar\u00e1n a lo largo del programa es extensa y variada: Gonzalo Rodr\u00edguez en stand up, Andrea Mazza y Juan Pablo Go\u00f1i Capurro en mon\u00f3logos, Mariano Roark en fotograf\u00eda, Rosana Farana, Elena P\u00e9rez, Dami\u00e1n Peralta y Emiliano Palacios expondr\u00e1n ilustraciones, pinturas, objetos, esculturas y performance. Tatiana Andenoche y Chucky Arts pintar\u00e1n en vivo.<\/p>\n<p>&nbsp;<\/p>\n<p><img data-recalc-dims=\"1\" loading=\"lazy\" decoding=\"async\" class=\"aligncenter wp-image-88292 size-full\" src=\"https:\/\/i0.wp.com\/cdnoticias.com\/wp-content\/uploads\/2023\/06\/WhatsApp-Image-2023-06-20-at-18.47.30.jpeg?resize=800%2C800&#038;ssl=1\" alt=\"\" width=\"800\" height=\"800\" srcset=\"https:\/\/i0.wp.com\/cdnoticias.com\/wp-content\/uploads\/2023\/06\/WhatsApp-Image-2023-06-20-at-18.47.30.jpeg?w=1080&amp;ssl=1 1080w, https:\/\/i0.wp.com\/cdnoticias.com\/wp-content\/uploads\/2023\/06\/WhatsApp-Image-2023-06-20-at-18.47.30.jpeg?resize=300%2C300&amp;ssl=1 300w, https:\/\/i0.wp.com\/cdnoticias.com\/wp-content\/uploads\/2023\/06\/WhatsApp-Image-2023-06-20-at-18.47.30.jpeg?resize=1024%2C1024&amp;ssl=1 1024w, https:\/\/i0.wp.com\/cdnoticias.com\/wp-content\/uploads\/2023\/06\/WhatsApp-Image-2023-06-20-at-18.47.30.jpeg?resize=150%2C150&amp;ssl=1 150w, https:\/\/i0.wp.com\/cdnoticias.com\/wp-content\/uploads\/2023\/06\/WhatsApp-Image-2023-06-20-at-18.47.30.jpeg?resize=768%2C768&amp;ssl=1 768w\" sizes=\"auto, (max-width: 800px) 100vw, 800px\" \/><\/p>\n<p>&nbsp;<\/p>\n<p>Adem\u00e1s, Ezequiel Arce expondr\u00e1 ilustraciones e intervendr\u00e1 con arte circense. David Justo DJ musicalizar\u00e1 la edici\u00f3n, Virginia Angerami circular\u00e1 el <strong>libro de artistas,<\/strong> Javier Gast\u00f3n P\u00e9rez efectuar\u00e1 el registro fotogr\u00e1fico de la edici\u00f3n. Por \u00faltimo, la conducci\u00f3n estar\u00e1 a cargo de Georgina Belecco y en la producci\u00f3n general estar\u00e1 Daniela Garc\u00eda Angerami.<\/p>\n<p>&nbsp;<\/p>\n<p>Se contar\u00e1 con servicio de cantina y de cafeter\u00eda. Las <strong>entradas son anticipadas y tienen un costo de $1500,<\/strong> las cuales se pueden adquirir al n\u00famero 2284-682399 o en Insurgente de lunes a viernes a partir de las 17 horas.<\/p>\n","protected":false},"excerpt":{"rendered":"<p>Ser\u00e1 este s\u00e1bado 24 de junio en Insurgente. Habr\u00e1 stand up, artistas pl\u00e1sticos, pintura en vivo, teatro e intervenciones de<\/p>\n","protected":false},"author":6,"featured_media":76954,"comment_status":"closed","ping_status":"closed","sticky":false,"template":"","format":"standard","meta":{"_jetpack_memberships_contains_paid_content":false,"footnotes":""},"categories":[9,1],"tags":[],"class_list":["post-88290","post","type-post","status-publish","format-standard","has-post-thumbnail","hentry","category-cultura","category-portada"],"jetpack_featured_media_url":"https:\/\/i0.wp.com\/cdnoticias.com\/wp-content\/uploads\/2023\/02\/insurgente-frente.jpg?fit=1599%2C889&ssl=1","jetpack_sharing_enabled":true,"_links":{"self":[{"href":"https:\/\/cdnoticias.com\/index.php\/wp-json\/wp\/v2\/posts\/88290","targetHints":{"allow":["GET"]}}],"collection":[{"href":"https:\/\/cdnoticias.com\/index.php\/wp-json\/wp\/v2\/posts"}],"about":[{"href":"https:\/\/cdnoticias.com\/index.php\/wp-json\/wp\/v2\/types\/post"}],"author":[{"embeddable":true,"href":"https:\/\/cdnoticias.com\/index.php\/wp-json\/wp\/v2\/users\/6"}],"replies":[{"embeddable":true,"href":"https:\/\/cdnoticias.com\/index.php\/wp-json\/wp\/v2\/comments?post=88290"}],"version-history":[{"count":0,"href":"https:\/\/cdnoticias.com\/index.php\/wp-json\/wp\/v2\/posts\/88290\/revisions"}],"wp:featuredmedia":[{"embeddable":true,"href":"https:\/\/cdnoticias.com\/index.php\/wp-json\/wp\/v2\/media\/76954"}],"wp:attachment":[{"href":"https:\/\/cdnoticias.com\/index.php\/wp-json\/wp\/v2\/media?parent=88290"}],"wp:term":[{"taxonomy":"category","embeddable":true,"href":"https:\/\/cdnoticias.com\/index.php\/wp-json\/wp\/v2\/categories?post=88290"},{"taxonomy":"post_tag","embeddable":true,"href":"https:\/\/cdnoticias.com\/index.php\/wp-json\/wp\/v2\/tags?post=88290"}],"curies":[{"name":"wp","href":"https:\/\/api.w.org\/{rel}","templated":true}]}}