{"id":88284,"date":"2023-06-22T19:00:17","date_gmt":"2023-06-22T22:00:17","guid":{"rendered":"https:\/\/www.centraldenoticias.com.ar\/?p=88284"},"modified":"2023-06-23T11:28:53","modified_gmt":"2023-06-23T14:28:53","slug":"licencias-de-conducir-apocrifas-hay-que-separar-el-delito-de-la-politica","status":"publish","type":"post","link":"https:\/\/cdnoticias.com\/index.php\/2023\/06\/22\/licencias-de-conducir-apocrifas-hay-que-separar-el-delito-de-la-politica\/","title":{"rendered":"Licencias de conducir ap\u00f3crifas: \u201chay que separar el delito de la pol\u00edtica\u201d"},"content":{"rendered":"<p>Lo dijo el abogado Sergio Rold\u00e1n, en representaci\u00f3n del taxista quien se present\u00f3 en la causa penal con un carnet \u201ctrucho\u201d en su poder y quien fue acusado por el Frente de Todos por \u201cfalso testimonio\u201d.<\/p>\n<p><!--more--><\/p>\n<hr \/>\n<p><strong>El abogado Sergio Rold\u00e1n asumi\u00f3 la representaci\u00f3n de Fabi\u00e1n Alberto Ramos,<\/strong> un taxista quien<strong> se present\u00f3 espont\u00e1neamente a declarar<\/strong> en la causa penal que se sigue en la UFI N\u00ba 10 de Olavarr\u00eda por la<strong> detecci\u00f3n de licencias de conducir ap\u00f3crifas<\/strong>. En ese marco, <strong>el hombre fue se\u00f1alado por un funcionario municipal y por el Frente de Todos ya que contaba con una de las licencias investigadas<\/strong> y habl\u00f3 con representantes de ambos sectores ante quienes expuso c\u00f3mo la hab\u00eda obtenido. El hombre hab\u00eda pagado una suma de dinero a otra persona, quien le entreg\u00f3 la licencia.<\/p>\n<p>&nbsp;<\/p>\n<blockquote><p>\u201cEl taxista me vino a ver porque, obviamente, entendemos que va a haber en el marco de esta causa, responsabilidades penales a las cuales va a tener que hacer frente. Est\u00e1 penado por la ley conducirse por la vida con una licencia ap\u00f3crifa\u201d explic\u00f3 Rold\u00e1n en una entrevista con el programa Levantate por FM Sapiens.<\/p><\/blockquote>\n<p>&nbsp;<\/p>\n<p>En ese sentido, cabe se\u00f1alar que <a href=\"https:\/\/cdnoticias.com\/index.php\/2023\/06\/16\/licencias-de-conducir-apocrifas-con-toma-de-testimonios-y-pedidos-de-informe-avanza-la-investigacion\/\" target=\"_blank\" rel=\"noopener\">la investigaci\u00f3n est\u00e1 caratulada \u201cfalsificaci\u00f3n de documento p\u00fablico\u201d<\/a> y, seg\u00fan inform\u00f3 Rold\u00e1n<strong>, hay un hombre imputado por la venta de las licencias.<\/strong> No obstante,<strong> tambi\u00e9n est\u00e1 previsto el delito de uso de la documentaci\u00f3n falsa, que es el que le cabr\u00eda al taxista Ramos<\/strong>.<\/p>\n<p>&nbsp;<\/p>\n<p>El hombre <strong>actualmente est\u00e1 imposibilitado de trabajar dado que \u201cno tiene licencia para conducir.<\/strong> <em>Ayer inici\u00f3 el tr\u00e1mite como cualquier ciudadano para hacer la moratoria que tiene que hacer en el Municipio, para cumplir con el pago y acceder al carnet en forma legal como corresponde\u201d.<\/em><\/p>\n<p>&nbsp;<\/p>\n<p><strong>La causa penal<\/strong><\/p>\n<p>&nbsp;<\/p>\n<p>El abogado explic\u00f3 que su representado <strong>\u201cdeclar\u00f3 en forma espont\u00e1nea\u201d ante el fiscal Christian Url\u00e9zaga<\/strong>, que lleva adelante las averiguaciones. \u201cSe present\u00f3 porque se asust\u00f3 mucho cuando vio que se empezaron a pelear y empez\u00f3 a dar vueltas su nombre. Se present\u00f3 espont\u00e1neamente, <strong>cont\u00f3 la versi\u00f3n c\u00f3mo hab\u00eda sido.<\/strong> Me llam\u00f3, tom\u00e9 vista del expediente, lo llam\u00e9 el d\u00eda s\u00e1bado para que asista al estudio\u201d cont\u00f3.<\/p>\n<p>&nbsp;<\/p>\n<p>En ese marco, Ramos entreg\u00f3 al doctor Rold\u00e1n la licencia que a\u00fan ten\u00eda en su poder.<strong> \u201cLa puse a disposici\u00f3n, obviamente, porque es el cuerpo del delito.<\/strong> La puse a disposici\u00f3n del se\u00f1or agente fiscal. Ya est\u00e1 ingresada esa licencia al expediente\u201d indic\u00f3.<\/p>\n<p>&nbsp;<\/p>\n<blockquote><p>El representante legal cont\u00f3 sobre la declaraci\u00f3n del taxista en la UFI N\u00ba 10. \u201cEl se\u00f1or agente fiscal fue bastante r\u00edgido con la declaraci\u00f3n porque obviamente le tuvo que contar c\u00f3mo lleg\u00f3 \u00e9l a estar con el se\u00f1or imputado en la causa, que en este caso es de apellido Waiman\u201d y ampli\u00f3 \u201cel fiscal ya sabe qui\u00e9n se llev\u00f3 los 45 mil pesos. C\u00f3mo lleg\u00f3 ya se sabe porque (Ramos) cuenta que llega por intermedio de un familiar que hay en com\u00fan. Lo que falta realmente ver es de este se\u00f1or, que cobra por la licencia y est\u00e1 identificado en el expediente, c\u00f3mo hace, de d\u00f3nde viene esa licencia\u201d. En ese punto, el abogado se refiri\u00f3 a declaraciones de funcionarios municipales para se\u00f1alar que, con esa base, \u201cla licencia, no sali\u00f3 de esa Direcci\u00f3n (de Licencias de Conducir).\u00a0 Ahora tendr\u00e1 que tratar de desarticular esa banda, ver de d\u00f3nde viene\u201d. Afirm\u00f3 a su vez que \u201cac\u00e1 hay muchas licencias de este tipo\u201d.<\/p><\/blockquote>\n<p>&nbsp;<\/p>\n<p><strong>La acusaci\u00f3n del Frente de Todos<\/strong><\/p>\n<p>&nbsp;<\/p>\n<p>El abogado Rold\u00e1n, consider\u00f3 que<a href=\"https:\/\/cdnoticias.com\/index.php\/2023\/06\/16\/licencias-apocrifas-unidad-por-la-patria-acuso-de-falso-testimonio-al-taxista-que-los-implicaba\/\" target=\"_blank\" rel=\"noopener\"> la acusaci\u00f3n que present\u00f3 el Frente de Todos contra su defendido durante la conferencia del viernes no tiene sustento<\/a>. \u201c<strong>El falso testimonio en esta situaci\u00f3n no existe\u201d<\/strong> dijo para se\u00f1alar que esa circunstancia s\u00f3lo podr\u00eda darse si una persona \u201cdeclara bajo juramento\u201d, lo cual no sucedi\u00f3 en la reuni\u00f3n informal que se dio en el local partidario. <strong>\u201cRamos ha dicho la verdad y donde tiene legalidad, dentro de la Justicia\u201d<\/strong> subray\u00f3.<\/p>\n<p>&nbsp;<\/p>\n<p>Tambi\u00e9n cuestion\u00f3 el hecho de que la reuni\u00f3n entre el taxista y los representantes partidarios haya sido grabada. \u201cHay otro delito obviamente que es p\u00fablico, que los propios referentes de un espacio intentan hacernos creer a la opini\u00f3n p\u00fablica de que<strong> una charla o una grabaci\u00f3n casera, digamos por as\u00ed decirlo, le quieren dar un tinte de legalidad<\/strong>. Estamos muy lejos de la realidad, muy lejos del procedimiento penal. Y yo, sinceramente y con mucho respeto les dir\u00eda que antes de hacer una nota y o de dar una conferencia, lean un poco el C\u00f3digo Procesal Penal\u201d dijo. Luego hizo hincapi\u00e9 en que el hecho de<strong> grabar tal conversaci\u00f3n \u201ces un delito. Est\u00e1 penado por la ley\u201d y que afecta \u201cel derecho a la intimidad\u201d.<\/strong><\/p>\n<p>&nbsp;<\/p>\n<p>Consultado por las razones por las que su defendido se acerc\u00f3 al Municipio y al local partidario del Frente de Todos para exponer su situaci\u00f3n, el abogado explic\u00f3 que el hombre no pod\u00eda acceder a la licencia dado que manten\u00eda una deuda impositiva con el Municipio. \u201cNo puede acceder y accede en la calle. Le ofrecen una licencia, la compra, en la desesperaci\u00f3n de trabajar\u201d y a\u00f1adi\u00f3 m\u00e1s adelante \u201cno s\u00e9 si en alg\u00fan momento le ofrecieron dinero. S\u00ed lo llamaron, lo grabaron. Estoy seguro porque <strong>est\u00e1n intentando hacer valer esa grabaci\u00f3n. Est\u00e1 mal, sea el espacio pol\u00edtico que sea\u201d.<\/strong><\/p>\n<p>&nbsp;<\/p>\n<p><strong>\u201cEstoy esperando los movimientos porque han amenazado con hacer p\u00fablico los audios.<\/strong> Los estoy esperando porque quiero ver en los estrados del Juzgado con qu\u00e9 me van a venir. Con qu\u00e9 ley van a querer hacer valer lo que intentan hacer\u201d se quej\u00f3 el abogado.<\/p>\n<p>&nbsp;<\/p>\n<blockquote><p>Sobre el cierre de la entrevista destac\u00f3 que \u201chay que separar el delito de la pol\u00edtica. El delito est\u00e1. La persona que vende o vend\u00eda los carnets est\u00e1 identificada. Obviamente deber\u00e1 responder ante la Justicia por intermedio de sus letrados.\u00a0 A qui\u00e9n represento va a estar imputado y deber\u00e1 responder por la parte que le toca. El resto, los estoy esperando\u201d.<\/p><\/blockquote>\n<p>&nbsp;<\/p>\n","protected":false},"excerpt":{"rendered":"<p>Lo dijo el abogado Sergio Rold\u00e1n, en representaci\u00f3n del taxista quien se present\u00f3 en la causa penal con un carnet<\/p>\n","protected":false},"author":4,"featured_media":79457,"comment_status":"closed","ping_status":"closed","sticky":false,"template":"","format":"standard","meta":{"_jetpack_memberships_contains_paid_content":false,"footnotes":""},"categories":[14,1],"tags":[],"class_list":["post-88284","post","type-post","status-publish","format-standard","has-post-thumbnail","hentry","category-policiales","category-portada"],"jetpack_featured_media_url":"https:\/\/i0.wp.com\/cdnoticias.com\/wp-content\/uploads\/2023\/03\/sergio-roldan-00.jpg?fit=800%2C445&ssl=1","jetpack_sharing_enabled":true,"_links":{"self":[{"href":"https:\/\/cdnoticias.com\/index.php\/wp-json\/wp\/v2\/posts\/88284","targetHints":{"allow":["GET"]}}],"collection":[{"href":"https:\/\/cdnoticias.com\/index.php\/wp-json\/wp\/v2\/posts"}],"about":[{"href":"https:\/\/cdnoticias.com\/index.php\/wp-json\/wp\/v2\/types\/post"}],"author":[{"embeddable":true,"href":"https:\/\/cdnoticias.com\/index.php\/wp-json\/wp\/v2\/users\/4"}],"replies":[{"embeddable":true,"href":"https:\/\/cdnoticias.com\/index.php\/wp-json\/wp\/v2\/comments?post=88284"}],"version-history":[{"count":0,"href":"https:\/\/cdnoticias.com\/index.php\/wp-json\/wp\/v2\/posts\/88284\/revisions"}],"wp:featuredmedia":[{"embeddable":true,"href":"https:\/\/cdnoticias.com\/index.php\/wp-json\/wp\/v2\/media\/79457"}],"wp:attachment":[{"href":"https:\/\/cdnoticias.com\/index.php\/wp-json\/wp\/v2\/media?parent=88284"}],"wp:term":[{"taxonomy":"category","embeddable":true,"href":"https:\/\/cdnoticias.com\/index.php\/wp-json\/wp\/v2\/categories?post=88284"},{"taxonomy":"post_tag","embeddable":true,"href":"https:\/\/cdnoticias.com\/index.php\/wp-json\/wp\/v2\/tags?post=88284"}],"curies":[{"name":"wp","href":"https:\/\/api.w.org\/{rel}","templated":true}]}}