{"id":88274,"date":"2023-06-23T08:45:28","date_gmt":"2023-06-23T11:45:28","guid":{"rendered":"https:\/\/www.centraldenoticias.com.ar\/?p=88274"},"modified":"2023-06-23T08:45:28","modified_gmt":"2023-06-23T11:45:28","slug":"la-obra-ensayo-lorca-se-presentara-en-el-teatro-municipal","status":"publish","type":"post","link":"https:\/\/cdnoticias.com\/index.php\/2023\/06\/23\/la-obra-ensayo-lorca-se-presentara-en-el-teatro-municipal\/","title":{"rendered":"La obra \u201cEnsayo Lorca\u201d se presentar\u00e1 en el Teatro Municipal"},"content":{"rendered":"<p>Ser\u00e1 este domingo 25 de junio a las 20:00. Contar\u00e1 con las actuaciones de Mara Rojas y el actor olavarriense Julio Cort\u00e9s.<!--more--><\/p>\n<hr \/>\n<p>El <strong>domingo 25 de junio a las 20:00<\/strong> Trashumancia Compa\u00f1\u00eda de Artes Esc\u00e9nicas se presentar\u00e1 en la sala del Teatro Municipal de nuestra ciudad con la obra \u201cEnsayo Lorca\u201d de Samuel Dombek.<\/p>\n<p>&nbsp;<\/p>\n<p>El grupo teatral de la ciudad de Villa Gesell est\u00e1 dirigido por el director teatral y r\u00e9gisseur Sergio Falc\u00f3n y <strong>cuenta con las actuaciones de Mara Rojas y del actor olavarriense Julio Cort\u00e9s.<\/strong><\/p>\n<p>&nbsp;<\/p>\n<p><strong>\u201cEnsayo Lorca\u201d<\/strong> es una reposici\u00f3n amorosa del mundo lorquiano, y la posibilidad de indagar m\u00e1s y mejor en su producci\u00f3n y en su vida. Se abordan textos indispensables de su obra dramat\u00fargica, de su poes\u00eda y algunos elementos biogr\u00e1ficos inscriptos en ese mundo de las primeras d\u00e9cadas del S. XX. Se propone una creaci\u00f3n que revisita de forma cr\u00edtica a Federico Garc\u00eda Lorca, un artista que no s\u00f3lo \u201cpint\u00f3 su aldea\u201d, sino que trascendi\u00f3 el mundo rural y el costumbrismo para indagar elementos de ruptura y vanguardia art\u00edsticas y pol\u00edticas.<\/p>\n<p>&nbsp;<\/p>\n<p><img data-recalc-dims=\"1\" loading=\"lazy\" decoding=\"async\" class=\"aligncenter size-full wp-image-88275\" src=\"https:\/\/i0.wp.com\/cdnoticias.com\/wp-content\/uploads\/2023\/06\/obra-ensayo-lorca-02.jpg?resize=768%2C461&#038;ssl=1\" alt=\"\" width=\"768\" height=\"461\" srcset=\"https:\/\/i0.wp.com\/cdnoticias.com\/wp-content\/uploads\/2023\/06\/obra-ensayo-lorca-02.jpg?w=768&amp;ssl=1 768w, https:\/\/i0.wp.com\/cdnoticias.com\/wp-content\/uploads\/2023\/06\/obra-ensayo-lorca-02.jpg?resize=300%2C180&amp;ssl=1 300w\" sizes=\"auto, (max-width: 768px) 100vw, 768px\" \/><\/p>\n<p>&nbsp;<\/p>\n<p>La obra, que se ha presentado con buena aceptaci\u00f3n de p\u00fablico y prensa en la costa atl\u00e1ntica, Buenos Aires y La Plata; fue seleccionada para representar a Villa Gesell en la Fiesta de Teatro Regional llevada a cabo en Miramar. Se presentar\u00e1 en nuestra ciudad despu\u00e9s que la compa\u00f1\u00eda llevara a cabo una <strong>gira patag\u00f3nica<\/strong> con presentaciones en las ciudades del Alto Valle de R\u00edo Negro y Neuqu\u00e9n, en el Aula Magna de la Universidad del Comahue, concluyendo en Jun\u00edn y San Mart\u00edn de los Andes, Villa La Angostura y Bariloche.<\/p>\n<p>&nbsp;<\/p>\n<blockquote><p>Julio Cort\u00e9s, el actor que vuelve a presentarse en Olavarr\u00eda, desarrollo una profusa actividad teatral en la ciudad y la zona como docente y artista, integrando diferentes grupos e iniciativas culturales.<\/p><\/blockquote>\n<p>&nbsp;<\/p>\n<p>La obra cuenta con el apoyo del Instituto Nacional del Teatro y el auspicio de la Secretar\u00eda de Extensi\u00f3n Universitaria de la Facultad de Humanidades de la Universidad Nacional del Comahue.<\/p>\n","protected":false},"excerpt":{"rendered":"<p>Ser\u00e1 este domingo 25 de junio a las 20:00. Contar\u00e1 con las actuaciones de Mara Rojas y el actor olavarriense<\/p>\n","protected":false},"author":5,"featured_media":88276,"comment_status":"closed","ping_status":"closed","sticky":false,"template":"","format":"standard","meta":{"_jetpack_memberships_contains_paid_content":false,"footnotes":""},"categories":[9,1],"tags":[],"class_list":["post-88274","post","type-post","status-publish","format-standard","has-post-thumbnail","hentry","category-cultura","category-portada"],"jetpack_featured_media_url":"https:\/\/i0.wp.com\/cdnoticias.com\/wp-content\/uploads\/2023\/06\/obra-ensayo-lorca-01.jpg?fit=1200%2C720&ssl=1","jetpack_sharing_enabled":true,"_links":{"self":[{"href":"https:\/\/cdnoticias.com\/index.php\/wp-json\/wp\/v2\/posts\/88274","targetHints":{"allow":["GET"]}}],"collection":[{"href":"https:\/\/cdnoticias.com\/index.php\/wp-json\/wp\/v2\/posts"}],"about":[{"href":"https:\/\/cdnoticias.com\/index.php\/wp-json\/wp\/v2\/types\/post"}],"author":[{"embeddable":true,"href":"https:\/\/cdnoticias.com\/index.php\/wp-json\/wp\/v2\/users\/5"}],"replies":[{"embeddable":true,"href":"https:\/\/cdnoticias.com\/index.php\/wp-json\/wp\/v2\/comments?post=88274"}],"version-history":[{"count":0,"href":"https:\/\/cdnoticias.com\/index.php\/wp-json\/wp\/v2\/posts\/88274\/revisions"}],"wp:featuredmedia":[{"embeddable":true,"href":"https:\/\/cdnoticias.com\/index.php\/wp-json\/wp\/v2\/media\/88276"}],"wp:attachment":[{"href":"https:\/\/cdnoticias.com\/index.php\/wp-json\/wp\/v2\/media?parent=88274"}],"wp:term":[{"taxonomy":"category","embeddable":true,"href":"https:\/\/cdnoticias.com\/index.php\/wp-json\/wp\/v2\/categories?post=88274"},{"taxonomy":"post_tag","embeddable":true,"href":"https:\/\/cdnoticias.com\/index.php\/wp-json\/wp\/v2\/tags?post=88274"}],"curies":[{"name":"wp","href":"https:\/\/api.w.org\/{rel}","templated":true}]}}