{"id":88189,"date":"2023-06-21T19:00:25","date_gmt":"2023-06-21T22:00:25","guid":{"rendered":"https:\/\/www.centraldenoticias.com.ar\/?p=88189"},"modified":"2023-06-21T19:00:31","modified_gmt":"2023-06-21T22:00:31","slug":"inscripcion-abierta-para-iniciar-en-agosto-en-la-facultad-de-ciencias-sociales-2","status":"publish","type":"post","link":"https:\/\/cdnoticias.com\/index.php\/2023\/06\/21\/inscripcion-abierta-para-iniciar-en-agosto-en-la-facultad-de-ciencias-sociales-2\/","title":{"rendered":"Inscripci\u00f3n abierta para iniciar en agosto en la Facultad de Ciencias Sociales"},"content":{"rendered":"<p>Se encuentra abierto el periodo de preinscripci\u00f3n a las seis carreras de grado de la Facultad de Ciencias Sociales para el ingreso al segundo cuatrimestre del ciclo lectivo 2023.<!--more--><\/p>\n<hr \/>\n<p>Como todos los a\u00f1os,<strong> la Facultad de Ciencias Sociales abri\u00f3 la inscripci\u00f3n para estudiantes interesados\/as en iniciar sus estudios universitarios<\/strong> a partir del mes de agosto. <strong>El periodo de preinscripci\u00f3n permanecer\u00e1 abierto hasta el 5 de agosto<\/strong>.<\/p>\n<p>&nbsp;<\/p>\n<p>Desde hace 35 a\u00f1os la FACSO forma a graduados\/as universitarios\/as en las carreras de <strong>Periodismo, Licenciatura en Comunicaci\u00f3n Social; Licenciatura en Antropolog\u00eda orientaci\u00f3n Social; Licenciatura en Antropolog\u00eda orientaci\u00f3n Arqueolog\u00eda; y Profesorados de Comunicaci\u00f3n Social y Antropolog\u00eda<\/strong>.<\/p>\n<p>&nbsp;<\/p>\n<p>Las carreras que dicta la Facultad de Ciencias Sociales son elegidas a\u00f1o a a\u00f1o para cursar sus estudios universitarios por j\u00f3venes de Olavarr\u00eda, de la regi\u00f3n y del resto del pa\u00eds. FACSO desde sus comienzos ha tenido una amplia visibilidad e inserci\u00f3n en la comunidad de Olavarr\u00eda y la regi\u00f3n, y en sus carreras siempre ha puesto \u00e9nfasis en la construcci\u00f3n cr\u00edtica del conocimiento y el compromiso social.<\/p>\n<p>&nbsp;<\/p>\n<p>Se caracteriza adem\u00e1s por ser <strong>una instituci\u00f3n de referencia permanente en el \u00e1mbito de la ciencia y la investigaci\u00f3n<\/strong>, con articulaci\u00f3n continua con organismos cient\u00edficos nacionales e internacionales.<\/p>\n<p>&nbsp;<\/p>\n<p><img data-recalc-dims=\"1\" loading=\"lazy\" decoding=\"async\" class=\"size-large wp-image-4717 aligncenter\" src=\"https:\/\/i0.wp.com\/cdnoticias.com\/wp-content\/uploads\/2020\/10\/facso.jpg?resize=800%2C254&#038;ssl=1\" alt=\"\" width=\"800\" height=\"254\" srcset=\"https:\/\/i0.wp.com\/cdnoticias.com\/wp-content\/uploads\/2020\/10\/facso.jpg?resize=1024%2C325&amp;ssl=1 1024w, https:\/\/i0.wp.com\/cdnoticias.com\/wp-content\/uploads\/2020\/10\/facso.jpg?resize=300%2C95&amp;ssl=1 300w, https:\/\/i0.wp.com\/cdnoticias.com\/wp-content\/uploads\/2020\/10\/facso.jpg?resize=768%2C244&amp;ssl=1 768w, https:\/\/i0.wp.com\/cdnoticias.com\/wp-content\/uploads\/2020\/10\/facso.jpg?w=2048&amp;ssl=1 2048w, https:\/\/i0.wp.com\/cdnoticias.com\/wp-content\/uploads\/2020\/10\/facso.jpg?w=1600&amp;ssl=1 1600w\" sizes=\"auto, (max-width: 800px) 100vw, 800px\" \/><\/p>\n<p>&nbsp;<\/p>\n<p><strong>C\u00f3mo inscribirse<\/strong><\/p>\n<p>&nbsp;<\/p>\n<p>Los pasos para realizar la inscripci\u00f3n a las carreras de grado de la FACSO son los siguientes:<\/p>\n<p>&nbsp;<\/p>\n<ul>\n<li>Paso 1: Reunir la siguiente<strong> documentaci\u00f3n<\/strong> (en papel y digitalizada):<\/li>\n<\/ul>\n<p>&nbsp;<\/p>\n<p>-T\u00edtulo secundario (fotocopia autenticada), constancia de t\u00edtulo en tr\u00e1mite (si ya finalizaste la escuela secundaria) o certificado de alumno\/a regular con detalle de materias adeudadas (si finalizaste de cursar la escuela secundaria y a\u00fan adeud\u00e1s materias).<\/p>\n<p>-Fotocopia de DNI (anverso y reverso).<\/p>\n<p>-Foto carnet 4&#215;4 (2 fotos).<\/p>\n<p>-Fotocopia de <a href=\"https:\/\/www.gba.gob.ar\/registrodelaspersonas\/solicitud_de_partidas_online\" target=\"_blank\" rel=\"noopener\">partida de nacimiento<\/a>.<\/p>\n<p>-Ficha de salud completa <a href=\"https:\/\/www.soc.unicen.edu.ar\/images\/M_images\/2019\/Academica\/pdf\/ficha_salud_sociales.pdf\" target=\"_blank\" rel=\"noopener\">disponible aqu\u00ed<\/a>.<\/p>\n<p>&nbsp;<\/p>\n<ul>\n<li>Paso 2: <strong>Ingresar en la web www.soc.unicen.edu.ar<\/strong> a la <a href=\"https:\/\/guarani.unicen.edu.ar\/preinscripcion\/sociales\/\" target=\"_blank\" rel=\"noopener\">opci\u00f3n Inscripci\u00f3n 2023 y completar el formulario de preinscripci\u00f3n<\/a>. Una vez completo descargar el comprobante en archivo PDF (las cuatro planillas que genera el sistema). Recordar cargar en el sistema toda la documentaci\u00f3n reunida en el PASO 1 (a excepci\u00f3n de la Ficha de Salud).<\/li>\n<\/ul>\n<p>&nbsp;<\/p>\n<ul>\n<li>Paso 3: El comprobante de la pre-inscripci\u00f3n impreso m\u00e1s toda la documentaci\u00f3n en papel deber\u00e1 ser <strong>presentada de manera presencial<\/strong> en la ventanilla del Departamento de Alumnos <em>desde el 5 de junio al 15 de julio y del 31 de julio al 5 de agosto (de lunes a viernes, d\u00edas h\u00e1biles) en el horario de 10 a 17<\/em>.<\/li>\n<\/ul>\n<p>&nbsp;<\/p>\n<p><strong>Consultas<\/strong><\/p>\n<p>&nbsp;<\/p>\n<p>Quienes deseen realizar consultas podr\u00e1n comunicarse al mail <em>inscripcioncarrerafacso@gmail.com<\/em>, por tel\u00e9fono a la oficina de Alumnos 02284- 450331 int. 8041, en el horario de 10 a 17.<\/p>\n<p>&nbsp;<\/p>\n<p>Las consultas para obtener m\u00e1s informaci\u00f3n sobre las carreras deber\u00e1n realizarse por mail a <em>futuros.estudiantes@soc.unicen.edu.ar<\/em> o al celular <em>02284-15500331<\/em>.<\/p>\n<p>&nbsp;<\/p>\n","protected":false},"excerpt":{"rendered":"<p>Se encuentra abierto el periodo de preinscripci\u00f3n a las seis carreras de grado de la Facultad de Ciencias Sociales para<\/p>\n","protected":false},"author":4,"featured_media":88190,"comment_status":"closed","ping_status":"closed","sticky":false,"template":"","format":"standard","meta":{"_jetpack_memberships_contains_paid_content":false,"footnotes":""},"categories":[5,1],"tags":[],"class_list":["post-88189","post","type-post","status-publish","format-standard","has-post-thumbnail","hentry","category-informacion-general","category-portada"],"jetpack_featured_media_url":"https:\/\/i0.wp.com\/cdnoticias.com\/wp-content\/uploads\/2023\/06\/facso-inscripcion.jpg?fit=800%2C445&ssl=1","jetpack_sharing_enabled":true,"_links":{"self":[{"href":"https:\/\/cdnoticias.com\/index.php\/wp-json\/wp\/v2\/posts\/88189","targetHints":{"allow":["GET"]}}],"collection":[{"href":"https:\/\/cdnoticias.com\/index.php\/wp-json\/wp\/v2\/posts"}],"about":[{"href":"https:\/\/cdnoticias.com\/index.php\/wp-json\/wp\/v2\/types\/post"}],"author":[{"embeddable":true,"href":"https:\/\/cdnoticias.com\/index.php\/wp-json\/wp\/v2\/users\/4"}],"replies":[{"embeddable":true,"href":"https:\/\/cdnoticias.com\/index.php\/wp-json\/wp\/v2\/comments?post=88189"}],"version-history":[{"count":0,"href":"https:\/\/cdnoticias.com\/index.php\/wp-json\/wp\/v2\/posts\/88189\/revisions"}],"wp:featuredmedia":[{"embeddable":true,"href":"https:\/\/cdnoticias.com\/index.php\/wp-json\/wp\/v2\/media\/88190"}],"wp:attachment":[{"href":"https:\/\/cdnoticias.com\/index.php\/wp-json\/wp\/v2\/media?parent=88189"}],"wp:term":[{"taxonomy":"category","embeddable":true,"href":"https:\/\/cdnoticias.com\/index.php\/wp-json\/wp\/v2\/categories?post=88189"},{"taxonomy":"post_tag","embeddable":true,"href":"https:\/\/cdnoticias.com\/index.php\/wp-json\/wp\/v2\/tags?post=88189"}],"curies":[{"name":"wp","href":"https:\/\/api.w.org\/{rel}","templated":true}]}}