{"id":88170,"date":"2023-06-21T10:08:48","date_gmt":"2023-06-21T13:08:48","guid":{"rendered":"https:\/\/www.centraldenoticias.com.ar\/?p=88170"},"modified":"2023-06-21T12:33:49","modified_gmt":"2023-06-21T15:33:49","slug":"olavarria-volvio-a-pedir-a-la-provincia-que-aplique-beneficios-para-usuarios-de-garrafas","status":"publish","type":"post","link":"https:\/\/cdnoticias.com\/index.php\/2023\/06\/21\/olavarria-volvio-a-pedir-a-la-provincia-que-aplique-beneficios-para-usuarios-de-garrafas\/","title":{"rendered":"Olavarr\u00eda volvi\u00f3 a pedir a la Provincia que aplique beneficios para usuarios de garrafas"},"content":{"rendered":"<p>La Direcci\u00f3n de Defensa del Consumidor repas\u00f3 las acciones conjuntas con los municipios de Zona Fr\u00eda. \u201cVolvimos a realizar este requerimiento\u201d dijo Andrea Imbrogno quien remarc\u00f3 \u201cla urgente necesidad de que los usuarios de garrafas puedan acceder a iguales descuentos que los usuarios de gas por redes\u201d.<\/p>\n<p><!--more--><\/p>\n<hr \/>\n<p>La <strong>Direcci\u00f3n de Defensa al Consumidor y Relaciones Vecinales<\/strong> inform\u00f3 sobre su<strong> trabajo con los restantes municipios de Zona Fr\u00eda<\/strong>, definidos en funci\u00f3n de las tarifas de gas. El objetivo es que <strong>\u201cla Direcci\u00f3n de Energ\u00eda de la provincia de Buenos Aires, torne operativo el descuento que corresponde a los usuarios de gas envasado\u201d<\/strong>.<\/p>\n<p>&nbsp;<\/p>\n<p>Desde el a\u00f1o 2020, los representantes de las Oficinas de Defensa al Consumidor de los municipios del sureste de la provincia de Buenos Aires, que integran la llamada Zona Fr\u00eda, trabajan en forma conjunta para el tratamiento de la implementaci\u00f3n de beneficios en las tarifas del gas en raz\u00f3n a la<strong> baja temperatura invernal.<\/strong><\/p>\n<p>&nbsp;<\/p>\n<blockquote><p>\u201cA partir de este accionar conjunto ante diversas autoridades de la Naci\u00f3n, se pudo llevar nuestra voz y contribuimos a que finalmente se reconociera nuestra situaci\u00f3n con la <a href=\"https:\/\/cdnoticias.com\/index.php\/2021\/08\/03\/se-reglamento-el-regimen-de-zona-fria\/\" target=\"_blank\" rel=\"noopener\">sanci\u00f3n de la Ley 27637 de zona fr\u00eda en 2021<\/a>\u201d, manifest\u00f3 la Dra. Andrea Imbrogno, titular de la Direcci\u00f3n de Defensa al Consumidor de Olavarr\u00eda.<\/p><\/blockquote>\n<p>&nbsp;<\/p>\n<p><img data-recalc-dims=\"1\" loading=\"lazy\" decoding=\"async\" class=\"size-full wp-image-70795 aligncenter\" src=\"https:\/\/i0.wp.com\/cdnoticias.com\/wp-content\/uploads\/2022\/11\/defensaalconsumidor.jpg?resize=800%2C534&#038;ssl=1\" alt=\"\" width=\"800\" height=\"534\" srcset=\"https:\/\/i0.wp.com\/cdnoticias.com\/wp-content\/uploads\/2022\/11\/defensaalconsumidor.jpg?w=1024&amp;ssl=1 1024w, https:\/\/i0.wp.com\/cdnoticias.com\/wp-content\/uploads\/2022\/11\/defensaalconsumidor.jpg?resize=300%2C200&amp;ssl=1 300w, https:\/\/i0.wp.com\/cdnoticias.com\/wp-content\/uploads\/2022\/11\/defensaalconsumidor.jpg?resize=768%2C512&amp;ssl=1 768w, https:\/\/i0.wp.com\/cdnoticias.com\/wp-content\/uploads\/2022\/11\/defensaalconsumidor.jpg?resize=272%2C182&amp;ssl=1 272w\" sizes=\"auto, (max-width: 800px) 100vw, 800px\" \/><\/p>\n<p>&nbsp;<\/p>\n<p>\u201cNuestro accionar sigui\u00f3 y a partir de la inclusi\u00f3n de iguales beneficios para los usuarios de gas envasado, <strong>estamos solicitando desde ya hace un a\u00f1o a la Direcci\u00f3n de Energ\u00eda de la provincia<\/strong> de Buenos Aires que d\u00e9 cumplimiento a la instrumentaci\u00f3n del <strong>Registro de Usuarios Residenciales de Gas Licuado de Petr\u00f3leo<\/strong> dispuesto por el decreto 97\/22, sin resultados positivos\u201d, afirm\u00f3.<\/p>\n<p>&nbsp;<\/p>\n<blockquote><p>\u201cEste a\u00f1o, contando con el aval de HCD, volvimos a realizar este requerimiento a la Provincia con la plena convicci\u00f3n de la urgente necesidad de que los usuarios de garrafas puedan acceder a iguales descuentos que los usuarios de gas por redes\u201d sostuvo.<\/p><\/blockquote>\n<p>&nbsp;<\/p>\n<p>Por \u00faltimo Imbrogno asever\u00f3 que <strong>\u201chacemos p\u00fablico nuestro trabajo para que se escuche y considere la urgente necesidad de la implementaci\u00f3n definitiva de la ley<\/strong> a fin de que se garanticen a todos nuestros vecinos los principios constitucionales de igualdad ante la ley, derecho a la salud, a la vida y condiciones de vida digna, los que sin dudas se ven vulnerados cuando los ciudadanos no pueden acceder a estar en un ambiente confortable en sus hogares\u201d. <a href=\"https:\/\/cdnoticias.com\/index.php\/2022\/06\/05\/el-municipio-salio-a-pedir-por-la-ley-de-zona-fria-para-usuarios-de-garrafa\/\" target=\"_blank\" rel=\"noopener\">El mismo pedido se hab\u00eda efectuado en junio de 2022 con impulso de la Direcci\u00f3n de Defensa al Consumidor y Relaciones Vecinales.<\/a><\/p>\n<p>&nbsp;<\/p>\n<p>&nbsp;<\/p>\n","protected":false},"excerpt":{"rendered":"<p>La Direcci\u00f3n de Defensa del Consumidor repas\u00f3 las acciones conjuntas con los municipios de Zona Fr\u00eda. \u201cVolvimos a realizar este<\/p>\n","protected":false},"author":4,"featured_media":86418,"comment_status":"closed","ping_status":"closed","sticky":false,"template":"","format":"standard","meta":{"_jetpack_memberships_contains_paid_content":false,"footnotes":""},"categories":[5,1],"tags":[],"class_list":["post-88170","post","type-post","status-publish","format-standard","has-post-thumbnail","hentry","category-informacion-general","category-portada"],"jetpack_featured_media_url":"https:\/\/i0.wp.com\/cdnoticias.com\/wp-content\/uploads\/2023\/05\/DIB-Garrafas-696x392-1.jpg?fit=696%2C392&ssl=1","jetpack_sharing_enabled":true,"_links":{"self":[{"href":"https:\/\/cdnoticias.com\/index.php\/wp-json\/wp\/v2\/posts\/88170","targetHints":{"allow":["GET"]}}],"collection":[{"href":"https:\/\/cdnoticias.com\/index.php\/wp-json\/wp\/v2\/posts"}],"about":[{"href":"https:\/\/cdnoticias.com\/index.php\/wp-json\/wp\/v2\/types\/post"}],"author":[{"embeddable":true,"href":"https:\/\/cdnoticias.com\/index.php\/wp-json\/wp\/v2\/users\/4"}],"replies":[{"embeddable":true,"href":"https:\/\/cdnoticias.com\/index.php\/wp-json\/wp\/v2\/comments?post=88170"}],"version-history":[{"count":0,"href":"https:\/\/cdnoticias.com\/index.php\/wp-json\/wp\/v2\/posts\/88170\/revisions"}],"wp:featuredmedia":[{"embeddable":true,"href":"https:\/\/cdnoticias.com\/index.php\/wp-json\/wp\/v2\/media\/86418"}],"wp:attachment":[{"href":"https:\/\/cdnoticias.com\/index.php\/wp-json\/wp\/v2\/media?parent=88170"}],"wp:term":[{"taxonomy":"category","embeddable":true,"href":"https:\/\/cdnoticias.com\/index.php\/wp-json\/wp\/v2\/categories?post=88170"},{"taxonomy":"post_tag","embeddable":true,"href":"https:\/\/cdnoticias.com\/index.php\/wp-json\/wp\/v2\/tags?post=88170"}],"curies":[{"name":"wp","href":"https:\/\/api.w.org\/{rel}","templated":true}]}}