{"id":88168,"date":"2023-06-21T17:02:12","date_gmt":"2023-06-21T20:02:12","guid":{"rendered":"https:\/\/www.centraldenoticias.com.ar\/?p=88168"},"modified":"2023-06-21T20:00:13","modified_gmt":"2023-06-21T23:00:13","slug":"el-municipio-adquirira-30-camaras-de-seguridad","status":"publish","type":"post","link":"https:\/\/cdnoticias.com\/index.php\/2023\/06\/21\/el-municipio-adquirira-30-camaras-de-seguridad\/","title":{"rendered":"El Municipio adquirir\u00e1 30 c\u00e1maras de seguridad"},"content":{"rendered":"<p>Ser\u00e1n instaladas en distintos barrios de la ciudad. La apertura de oferentes se realizar\u00e1 el 13 de julio. El presupuesto oficial es de m\u00e1s de 31 millones de pesos.<!--more--><\/p>\n<hr \/>\n<p>El pr\u00f3ximo 13 de julio se llevar\u00e1 a cabo la apertura de sobres de oferentes para la Licitaci\u00f3n 28\/2023, que contempla la compra de <strong>30 c\u00e1maras de seguridad, entre domos y dispositivos fijos<\/strong>, para incrementar los esfuerzos preventivos en puntos estrat\u00e9gicos de la ciudad de Olavarr\u00eda.<\/p>\n<p>&nbsp;<\/p>\n<p>Seg\u00fan indicaron, cada uno de esos sitios surge del estudio y an\u00e1lisis efectuado desde la subsecretar\u00eda de Seguridad Municipal, adem\u00e1s de planteos e inquietudes realizados por vecinos y vecinas, tanto en el marco de reuniones y encuentros en sociedades de fomento y juntas vecinales como as\u00ed tambi\u00e9n en la comunicaci\u00f3n permanente de funcionarios de la citada \u00e1rea con la comunidad.<\/p>\n<p>&nbsp;<\/p>\n<blockquote><p>Se tratar\u00e1 puntualmente de la adquisici\u00f3n de 25 c\u00e1maras fijas y 5 domos, con un presupuesto oficial de $31.800.000 pesos.<\/p><\/blockquote>\n<p>&nbsp;<\/p>\n<p>Los dispositivos, de \u00faltima tecnolog\u00eda y conectados al Centro de Monitoreo Municipal, ser\u00e1n instalados en sitios de estrat\u00e9gicos de barrios tales como <strong>Villa Mail\u00edn, Luz y Fuerza, Juan Mart\u00edn de Pueyrred\u00f3n, San Lorenzo, Ituzaing\u00f3, Sarmiento Norte, San Vicente, Isaura, Bel\u00e9n, Nicol\u00e1s Avellaneda y Pickelado.<\/strong><\/p>\n","protected":false},"excerpt":{"rendered":"<p>Ser\u00e1n instaladas en distintos barrios de la ciudad. La apertura de oferentes se realizar\u00e1 el 13 de julio. El presupuesto<\/p>\n","protected":false},"author":5,"featured_media":38315,"comment_status":"closed","ping_status":"closed","sticky":false,"template":"","format":"standard","meta":{"_jetpack_memberships_contains_paid_content":false,"footnotes":""},"categories":[5,1],"tags":[],"class_list":["post-88168","post","type-post","status-publish","format-standard","has-post-thumbnail","hentry","category-informacion-general","category-portada"],"jetpack_featured_media_url":"https:\/\/i0.wp.com\/cdnoticias.com\/wp-content\/uploads\/2021\/11\/Monitoreo01.jpg?fit=800%2C445&ssl=1","jetpack_sharing_enabled":true,"_links":{"self":[{"href":"https:\/\/cdnoticias.com\/index.php\/wp-json\/wp\/v2\/posts\/88168","targetHints":{"allow":["GET"]}}],"collection":[{"href":"https:\/\/cdnoticias.com\/index.php\/wp-json\/wp\/v2\/posts"}],"about":[{"href":"https:\/\/cdnoticias.com\/index.php\/wp-json\/wp\/v2\/types\/post"}],"author":[{"embeddable":true,"href":"https:\/\/cdnoticias.com\/index.php\/wp-json\/wp\/v2\/users\/5"}],"replies":[{"embeddable":true,"href":"https:\/\/cdnoticias.com\/index.php\/wp-json\/wp\/v2\/comments?post=88168"}],"version-history":[{"count":0,"href":"https:\/\/cdnoticias.com\/index.php\/wp-json\/wp\/v2\/posts\/88168\/revisions"}],"wp:featuredmedia":[{"embeddable":true,"href":"https:\/\/cdnoticias.com\/index.php\/wp-json\/wp\/v2\/media\/38315"}],"wp:attachment":[{"href":"https:\/\/cdnoticias.com\/index.php\/wp-json\/wp\/v2\/media?parent=88168"}],"wp:term":[{"taxonomy":"category","embeddable":true,"href":"https:\/\/cdnoticias.com\/index.php\/wp-json\/wp\/v2\/categories?post=88168"},{"taxonomy":"post_tag","embeddable":true,"href":"https:\/\/cdnoticias.com\/index.php\/wp-json\/wp\/v2\/tags?post=88168"}],"curies":[{"name":"wp","href":"https:\/\/api.w.org\/{rel}","templated":true}]}}