{"id":88157,"date":"2023-06-21T08:12:15","date_gmt":"2023-06-21T11:12:15","guid":{"rendered":"https:\/\/www.centraldenoticias.com.ar\/?p=88157"},"modified":"2023-06-21T08:12:15","modified_gmt":"2023-06-21T11:12:15","slug":"maria-eugenia-cos-viuda-de-iriarte-q-e-p-d","status":"publish","type":"post","link":"https:\/\/cdnoticias.com\/index.php\/2023\/06\/21\/maria-eugenia-cos-viuda-de-iriarte-q-e-p-d\/","title":{"rendered":"Mar\u00eda Eugenia Cos viuda de Iriarte (Q.E.P.D.)"},"content":{"rendered":"<p>Falleci\u00f3 en Olavarr\u00eda el d\u00eda 20 de junio de 2023 a los 78 a\u00f1os de edad. Sus hijas Mar\u00eda del Carmen, Carina Paola, Daniela Yanina y Silvia Rosana Iriarte. Sus hijos pol\u00edticos Oscar Deluca, Daniel Quinteros y Carlos Romero. Sus nietos Daniela, Victoria, Jorgelina, Fernanda, Tomas, Carolina, Vanina, Rut, Pablo, Erika, Juan Manuel, Milena, Mia, Camila, Micaela, Nicol\u00e1s, Nicole, Josefina y Jos\u00e9 Mar\u00eda. Sus nietos pol\u00edticos. Sus bisnietos Agust\u00edn, Lautaro, Kiara, Carmela, Genaro, Martina, Elena, Juliana, Mia, Quimey, Ethan, Catalina, Emilia y Delfina. Su compa\u00f1ero Rodolfo Zarate. Sus hermanos Alfredo, Mirta y Adolfo Cos. Sus hermanos pol\u00edticos. Sus sobrinos y dem\u00e1s deudos participan su fallecimiento.<\/p>\n<p>&nbsp;<\/p>\n<p>Sus restos son velados en Espa\u00f1a 2942 departamento &#8220;C&#8221; y ser\u00e1n inhumados en el cementerio Loma de Paz este mi\u00e9rcoles 21 de junio a las 13:30, previo responso en la capilla ardiente. Servicio adherido a Coopelectric. Vecina de Barrio El Provincial. Nacida en Olavarr\u00eda. Jubilada y Pensionada.<\/p>\n","protected":false},"excerpt":{"rendered":"<p>Falleci\u00f3 en Olavarr\u00eda el d\u00eda 20 de junio de 2023 a los 78 a\u00f1os de edad. Sus hijas Mar\u00eda del<\/p>\n","protected":false},"author":5,"featured_media":67646,"comment_status":"closed","ping_status":"closed","sticky":false,"template":"","format":"standard","meta":{"_jetpack_memberships_contains_paid_content":false,"footnotes":""},"categories":[10],"tags":[],"class_list":["post-88157","post","type-post","status-publish","format-standard","has-post-thumbnail","hentry","category-necrologicas"],"jetpack_featured_media_url":"https:\/\/i0.wp.com\/cdnoticias.com\/wp-content\/uploads\/2022\/10\/necrologicas-390-x-240.jpg?fit=390%2C240&ssl=1","jetpack_sharing_enabled":true,"_links":{"self":[{"href":"https:\/\/cdnoticias.com\/index.php\/wp-json\/wp\/v2\/posts\/88157","targetHints":{"allow":["GET"]}}],"collection":[{"href":"https:\/\/cdnoticias.com\/index.php\/wp-json\/wp\/v2\/posts"}],"about":[{"href":"https:\/\/cdnoticias.com\/index.php\/wp-json\/wp\/v2\/types\/post"}],"author":[{"embeddable":true,"href":"https:\/\/cdnoticias.com\/index.php\/wp-json\/wp\/v2\/users\/5"}],"replies":[{"embeddable":true,"href":"https:\/\/cdnoticias.com\/index.php\/wp-json\/wp\/v2\/comments?post=88157"}],"version-history":[{"count":0,"href":"https:\/\/cdnoticias.com\/index.php\/wp-json\/wp\/v2\/posts\/88157\/revisions"}],"wp:featuredmedia":[{"embeddable":true,"href":"https:\/\/cdnoticias.com\/index.php\/wp-json\/wp\/v2\/media\/67646"}],"wp:attachment":[{"href":"https:\/\/cdnoticias.com\/index.php\/wp-json\/wp\/v2\/media?parent=88157"}],"wp:term":[{"taxonomy":"category","embeddable":true,"href":"https:\/\/cdnoticias.com\/index.php\/wp-json\/wp\/v2\/categories?post=88157"},{"taxonomy":"post_tag","embeddable":true,"href":"https:\/\/cdnoticias.com\/index.php\/wp-json\/wp\/v2\/tags?post=88157"}],"curies":[{"name":"wp","href":"https:\/\/api.w.org\/{rel}","templated":true}]}}