{"id":88151,"date":"2023-06-20T19:51:34","date_gmt":"2023-06-20T22:51:34","guid":{"rendered":"https:\/\/www.centraldenoticias.com.ar\/?p=88151"},"modified":"2023-06-20T19:53:29","modified_gmt":"2023-06-20T22:53:29","slug":"bolivar-la-fiscal-sebastian-se-encuentra-en-grave-estado-tras-un-accidente","status":"publish","type":"post","link":"https:\/\/cdnoticias.com\/index.php\/2023\/06\/20\/bolivar-la-fiscal-sebastian-se-encuentra-en-grave-estado-tras-un-accidente\/","title":{"rendered":"Bol\u00edvar: la fiscal Sebasti\u00e1n se encuentra en grave estado tras un accidente"},"content":{"rendered":"<p>Sucedi\u00f3 en Entre R\u00edos. En el sinestro vial falleci\u00f3 su esposo, Aldo Oscar \u201cCuqui\u201d Castellani, conocido vecino bolivarense. El estado de la mujer es \u201cdelicado\u201d.<!--more--><\/p>\n<hr \/>\n<p>Este martes<strong>, la fiscal bolivarense Julia Mar\u00eda Sebasti\u00e1n sufri\u00f3 grav\u00edsimas heridas luego de protagonizar, junto a su esposo que falleci\u00f3, un violento accidente a la altura de Col\u00f3n, Entre R\u00edos, m\u00e1s precisamente en ruta 14.<\/strong><\/p>\n<p>&nbsp;<\/p>\n<p>Seg\u00fan inform\u00f3 <strong>La Ma\u00f1ana de Bol\u00edvar<\/strong>, el hombre fallecido era un conocido vecino de la localidad, <strong>el productor rural Aldo Oscar \u201cCuqui\u201d Castellani. \u00c9l conduc\u00eda una camioneta que, por causas que se investigan, perdi\u00f3 el control y volc\u00f3, quedando arriba de la cinta asf\u00e1ltica de la ruta.<\/strong><\/p>\n<p>&nbsp;<\/p>\n<p>Al momento de llegar los servicios de emergencias <strong>el hombre de 62 ya hab\u00eda fallecido, mientras que la doctora Sebasti\u00e1n fue encontrada en grave estado, inconsciente.<\/strong><\/p>\n<p>&nbsp;<\/p>\n<p><strong>Fue derivada de urgencia a un centro de salud en Col\u00f3n donde se encuentra internada en terapia intensiva<\/strong>. La ministra de Salud de Entre R\u00edos, Sonia Vel\u00e1zquez, asegur\u00f3 que el estado de Sebasti\u00e1n es \u201cdelicado\u201d.<\/p>\n<p>&nbsp;<\/p>\n<p>Participaron en el hecho el servicio de Emergencias de Col\u00f3n y la unidad de rescate de Bomberos Voluntarios de esa localidad. Tambi\u00e9n actu\u00f3 la Polic\u00eda local.<\/p>\n","protected":false},"excerpt":{"rendered":"<p>Sucedi\u00f3 en Entre R\u00edos. En el sinestro vial falleci\u00f3 su esposo, Aldo Oscar \u201cCuqui\u201d Castellani, conocido vecino bolivarense. El estado<\/p>\n","protected":false},"author":2,"featured_media":88152,"comment_status":"closed","ping_status":"closed","sticky":false,"template":"","format":"standard","meta":{"_jetpack_memberships_contains_paid_content":false,"footnotes":""},"categories":[14,1],"tags":[],"class_list":["post-88151","post","type-post","status-publish","format-standard","has-post-thumbnail","hentry","category-policiales","category-portada"],"jetpack_featured_media_url":"https:\/\/i0.wp.com\/cdnoticias.com\/wp-content\/uploads\/2023\/06\/vuelco-3-696x392-1.jpeg?fit=696%2C392&ssl=1","jetpack_sharing_enabled":true,"_links":{"self":[{"href":"https:\/\/cdnoticias.com\/index.php\/wp-json\/wp\/v2\/posts\/88151","targetHints":{"allow":["GET"]}}],"collection":[{"href":"https:\/\/cdnoticias.com\/index.php\/wp-json\/wp\/v2\/posts"}],"about":[{"href":"https:\/\/cdnoticias.com\/index.php\/wp-json\/wp\/v2\/types\/post"}],"author":[{"embeddable":true,"href":"https:\/\/cdnoticias.com\/index.php\/wp-json\/wp\/v2\/users\/2"}],"replies":[{"embeddable":true,"href":"https:\/\/cdnoticias.com\/index.php\/wp-json\/wp\/v2\/comments?post=88151"}],"version-history":[{"count":0,"href":"https:\/\/cdnoticias.com\/index.php\/wp-json\/wp\/v2\/posts\/88151\/revisions"}],"wp:featuredmedia":[{"embeddable":true,"href":"https:\/\/cdnoticias.com\/index.php\/wp-json\/wp\/v2\/media\/88152"}],"wp:attachment":[{"href":"https:\/\/cdnoticias.com\/index.php\/wp-json\/wp\/v2\/media?parent=88151"}],"wp:term":[{"taxonomy":"category","embeddable":true,"href":"https:\/\/cdnoticias.com\/index.php\/wp-json\/wp\/v2\/categories?post=88151"},{"taxonomy":"post_tag","embeddable":true,"href":"https:\/\/cdnoticias.com\/index.php\/wp-json\/wp\/v2\/tags?post=88151"}],"curies":[{"name":"wp","href":"https:\/\/api.w.org\/{rel}","templated":true}]}}