{"id":88134,"date":"2023-06-20T16:15:42","date_gmt":"2023-06-20T19:15:42","guid":{"rendered":"https:\/\/www.centraldenoticias.com.ar\/?p=88134"},"modified":"2023-06-20T17:24:00","modified_gmt":"2023-06-20T20:24:00","slug":"por-un-hecho-de-violencia-de-genero-aprehendieron-a-un-joven","status":"publish","type":"post","link":"https:\/\/cdnoticias.com\/index.php\/2023\/06\/20\/por-un-hecho-de-violencia-de-genero-aprehendieron-a-un-joven\/","title":{"rendered":"Por un hecho de violencia de g\u00e9nero aprehendieron a un joven"},"content":{"rendered":"<p>Efectivos policiales encontraron al hombre agrediendo a pu\u00f1os a una joven de 23 a\u00f1os. Fue inmediatamente apresado.<!--more--><\/p>\n<hr \/>\n<p>Este martes, <strong>efectivos de Comando de Patrullas aprehendieron a un joven de 23 a\u00f1os tras ser encontrado agrediendo a una mujer a golpes de pu\u00f1o.<\/strong><\/p>\n<p>&nbsp;<\/p>\n<blockquote><p>El hecho se produjo en Calle 14 al 3400, cuando los efectivos llegaron luego de un llamado al servicio de emergencias.<\/p><\/blockquote>\n<p>&nbsp;<\/p>\n<p>Al llegar,<strong> se encontraron con un joven agrediendo a una mujer de 24 a\u00f1os, por lo que fue inmediatamente aprehendido y trasladado a Comisar\u00eda Primera.<\/strong><\/p>\n<p>&nbsp;<\/p>\n<p>La causa fue caratulada como<em><strong> &#8220;Lesiones in fraganti&#8221;<\/strong> <\/em>e interviene la doctora Viceconte, quien subroga la UFI N\u00b05 especializada en violencia de g\u00e9nero y familiar.<\/p>\n","protected":false},"excerpt":{"rendered":"<p>Efectivos policiales encontraron al hombre agrediendo a pu\u00f1os a una joven de 23 a\u00f1os. Fue inmediatamente apresado.<\/p>\n","protected":false},"author":2,"featured_media":88135,"comment_status":"closed","ping_status":"closed","sticky":false,"template":"","format":"standard","meta":{"_jetpack_memberships_contains_paid_content":false,"footnotes":""},"categories":[14,1],"tags":[],"class_list":["post-88134","post","type-post","status-publish","format-standard","has-post-thumbnail","hentry","category-policiales","category-portada"],"jetpack_featured_media_url":"https:\/\/i0.wp.com\/cdnoticias.com\/wp-content\/uploads\/2023\/06\/WhatsApp-Image-2023-06-20-at-15.28.27.jpeg?fit=1199%2C645&ssl=1","jetpack_sharing_enabled":true,"_links":{"self":[{"href":"https:\/\/cdnoticias.com\/index.php\/wp-json\/wp\/v2\/posts\/88134","targetHints":{"allow":["GET"]}}],"collection":[{"href":"https:\/\/cdnoticias.com\/index.php\/wp-json\/wp\/v2\/posts"}],"about":[{"href":"https:\/\/cdnoticias.com\/index.php\/wp-json\/wp\/v2\/types\/post"}],"author":[{"embeddable":true,"href":"https:\/\/cdnoticias.com\/index.php\/wp-json\/wp\/v2\/users\/2"}],"replies":[{"embeddable":true,"href":"https:\/\/cdnoticias.com\/index.php\/wp-json\/wp\/v2\/comments?post=88134"}],"version-history":[{"count":0,"href":"https:\/\/cdnoticias.com\/index.php\/wp-json\/wp\/v2\/posts\/88134\/revisions"}],"wp:featuredmedia":[{"embeddable":true,"href":"https:\/\/cdnoticias.com\/index.php\/wp-json\/wp\/v2\/media\/88135"}],"wp:attachment":[{"href":"https:\/\/cdnoticias.com\/index.php\/wp-json\/wp\/v2\/media?parent=88134"}],"wp:term":[{"taxonomy":"category","embeddable":true,"href":"https:\/\/cdnoticias.com\/index.php\/wp-json\/wp\/v2\/categories?post=88134"},{"taxonomy":"post_tag","embeddable":true,"href":"https:\/\/cdnoticias.com\/index.php\/wp-json\/wp\/v2\/tags?post=88134"}],"curies":[{"name":"wp","href":"https:\/\/api.w.org\/{rel}","templated":true}]}}