{"id":88129,"date":"2023-06-20T11:55:00","date_gmt":"2023-06-20T14:55:00","guid":{"rendered":"https:\/\/www.centraldenoticias.com.ar\/?p=88129"},"modified":"2023-06-20T16:15:57","modified_gmt":"2023-06-20T19:15:57","slug":"dia-de-la-bandera-el-acto-oficial-se-realizo-en-la-plaza-belgrano","status":"publish","type":"post","link":"https:\/\/cdnoticias.com\/index.php\/2023\/06\/20\/dia-de-la-bandera-el-acto-oficial-se-realizo-en-la-plaza-belgrano\/","title":{"rendered":"D\u00eda de la Bandera: el acto oficial se realiz\u00f3 en la plaza Belgrano"},"content":{"rendered":"<p>\u201cQue estemos todos ac\u00e1 habla de la importancia que ha tenido Manuel Belgrano para nuestra Patria\u201d, indic\u00f3 el Intendente.<!--more--><\/p>\n<hr \/>\n<p>Este martes por la ma\u00f1ana, en el<strong> aniversario del paso a la inmortalidad de Manuel Belgrano<\/strong>, el acto conmemorativo comenz\u00f3 con el izamiento de la Bandera, a cargo del Intendente Ezequiel Galli y alumnos de la Escuela N\u00b051.<\/p>\n<p>&nbsp;<\/p>\n<p>Luego, tras la entonaci\u00f3n del Himno Nacional Argentino se procedi\u00f3 a la colocaci\u00f3n de ofrendas a los pies del Monumento a Manuel Belgrano. El intendente Ezequiel Galli, acompa\u00f1ado por el secretario de Gobierno Hilario Galli, lo hizo en representaci\u00f3n de la comunidad del Partido de Olavarr\u00eda. Tambi\u00e9n colocaron ofrendas la Asociaci\u00f3n Cultural Belgraniana, el Honorable Concejo Deliberante y la Agrupaci\u00f3n Veteranos de Naciones Unidas ciudad de Olavarr\u00eda.<\/p>\n<p>&nbsp;<\/p>\n<p><img data-recalc-dims=\"1\" loading=\"lazy\" decoding=\"async\" class=\"aligncenter size-full wp-image-88131\" src=\"https:\/\/i0.wp.com\/cdnoticias.com\/wp-content\/uploads\/2023\/06\/Acto-Belgrano-2-scaled-1.jpg?resize=742%2C445&#038;ssl=1\" alt=\"\" width=\"742\" height=\"445\" srcset=\"https:\/\/i0.wp.com\/cdnoticias.com\/wp-content\/uploads\/2023\/06\/Acto-Belgrano-2-scaled-1.jpg?w=742&amp;ssl=1 742w, https:\/\/i0.wp.com\/cdnoticias.com\/wp-content\/uploads\/2023\/06\/Acto-Belgrano-2-scaled-1.jpg?resize=300%2C180&amp;ssl=1 300w\" sizes=\"auto, (max-width: 742px) 100vw, 742px\" \/><\/p>\n<p>&nbsp;<\/p>\n<blockquote><p>Alex Z\u00e1rate, de la Asociaci\u00f3n Cultural Belgraniana, expres\u00f3 palabras referidas a la fecha y alumnos de 4\u00b0 a\u00f1o de las escuelas N\u00b020, N\u00b08, N\u00b051, N\u00b056, N\u00b057, Instituto Nuestra Se\u00f1ora del Rosario y Colegio Nuevas Lenguas prometieron fidelidad a la Bandera.<\/p><\/blockquote>\n<p>&nbsp;<\/p>\n<p>\u201cEs un placer para mi poder estar en este aniversario de fallecimiento de uno de los padres de la Patria. Despu\u00e9s de m\u00e1s de 200 a\u00f1os de haber fallecido, que estemos todos ac\u00e1 convocados habla de la importancia que ha tenido Manuel Belgrano para nuestra Patria y los valores y legados que el nos transmiti\u00f3 y se siguen transmitiendo generaciones tras generaciones\u201d, sostuvo el intendente Galli al tiempo que invit\u00f3 a vecinos y Escuelas a la muestra Patrimonio, en el Museo D\u00e1maso Arce, en la que se pueden apreciar piezas hist\u00f3ricas y el \u00fanico retrato de Manuel Belgrano.<\/p>\n<p>&nbsp;<\/p>\n<p><img data-recalc-dims=\"1\" loading=\"lazy\" decoding=\"async\" class=\"aligncenter size-full wp-image-88132\" src=\"https:\/\/i0.wp.com\/cdnoticias.com\/wp-content\/uploads\/2023\/06\/Acto-Belgrano-4-scaled-1.jpg?resize=742%2C445&#038;ssl=1\" alt=\"\" width=\"742\" height=\"445\" srcset=\"https:\/\/i0.wp.com\/cdnoticias.com\/wp-content\/uploads\/2023\/06\/Acto-Belgrano-4-scaled-1.jpg?w=742&amp;ssl=1 742w, https:\/\/i0.wp.com\/cdnoticias.com\/wp-content\/uploads\/2023\/06\/Acto-Belgrano-4-scaled-1.jpg?resize=300%2C180&amp;ssl=1 300w\" sizes=\"auto, (max-width: 742px) 100vw, 742px\" \/><\/p>\n<p>&nbsp;<\/p>\n<blockquote><p>\u201cSiempre que hablamos de \u00e9l destacamos dos palabras: educaci\u00f3n y libertad\u201d, concluy\u00f3 el Intendente y con las estrofas del \u201cHimno a mi Bandera\u201d finaliz\u00f3 la ceremonia.<\/p><\/blockquote>\n<p>&nbsp;<\/p>\n<p>El acto fue encabezado por el intendente, acompa\u00f1ado por la presidente del HCD Cecilia Krivochen, el presidente del Consejo Escolar Bruno Di Carlo, inspectora jefe Regional Estatal Marta Casanella, inspectora jefe Diegep Regi\u00f3n 25 Romina Altafini, inspector jefe Distrital Regi\u00f3n 25 Julio Ben\u00edtez, secretarios, subsecretarios y directores municipales, concejales, consejeros escolares, Asociaci\u00f3n Cultural Belgraniana, Asociaci\u00f3n Cultural Sanmartiniana, autoridades acad\u00e9micas, miembros del Ej\u00e9rcito, Agrupaci\u00f3n Veteranos de Guerra 2 de Abril, Agrupaci\u00f3n Veteranos Naciones Unidas ciudad de Olavarr\u00eda, Uni\u00f3n Nacional Soldados Continentales, Bomberos Voluntarios, Uni\u00f3n Industrial, Coopelectric, C\u00e1mara Empresaria, Colectividades y vecinos.<\/p>\n<p>&nbsp;<\/p>\n","protected":false},"excerpt":{"rendered":"<p>\u201cQue estemos todos ac\u00e1 habla de la importancia que ha tenido Manuel Belgrano para nuestra Patria\u201d, indic\u00f3 el Intendente.<\/p>\n","protected":false},"author":5,"featured_media":88130,"comment_status":"closed","ping_status":"closed","sticky":false,"template":"","format":"standard","meta":{"_jetpack_memberships_contains_paid_content":false,"footnotes":""},"categories":[5,1],"tags":[],"class_list":["post-88129","post","type-post","status-publish","format-standard","has-post-thumbnail","hentry","category-informacion-general","category-portada"],"jetpack_featured_media_url":"https:\/\/i0.wp.com\/cdnoticias.com\/wp-content\/uploads\/2023\/06\/Acto-Belgrano-1-scaled-1.jpg?fit=742%2C445&ssl=1","jetpack_sharing_enabled":true,"_links":{"self":[{"href":"https:\/\/cdnoticias.com\/index.php\/wp-json\/wp\/v2\/posts\/88129","targetHints":{"allow":["GET"]}}],"collection":[{"href":"https:\/\/cdnoticias.com\/index.php\/wp-json\/wp\/v2\/posts"}],"about":[{"href":"https:\/\/cdnoticias.com\/index.php\/wp-json\/wp\/v2\/types\/post"}],"author":[{"embeddable":true,"href":"https:\/\/cdnoticias.com\/index.php\/wp-json\/wp\/v2\/users\/5"}],"replies":[{"embeddable":true,"href":"https:\/\/cdnoticias.com\/index.php\/wp-json\/wp\/v2\/comments?post=88129"}],"version-history":[{"count":0,"href":"https:\/\/cdnoticias.com\/index.php\/wp-json\/wp\/v2\/posts\/88129\/revisions"}],"wp:featuredmedia":[{"embeddable":true,"href":"https:\/\/cdnoticias.com\/index.php\/wp-json\/wp\/v2\/media\/88130"}],"wp:attachment":[{"href":"https:\/\/cdnoticias.com\/index.php\/wp-json\/wp\/v2\/media?parent=88129"}],"wp:term":[{"taxonomy":"category","embeddable":true,"href":"https:\/\/cdnoticias.com\/index.php\/wp-json\/wp\/v2\/categories?post=88129"},{"taxonomy":"post_tag","embeddable":true,"href":"https:\/\/cdnoticias.com\/index.php\/wp-json\/wp\/v2\/tags?post=88129"}],"curies":[{"name":"wp","href":"https:\/\/api.w.org\/{rel}","templated":true}]}}