{"id":88119,"date":"2023-06-20T08:50:05","date_gmt":"2023-06-20T11:50:05","guid":{"rendered":"https:\/\/www.centraldenoticias.com.ar\/?p=88119"},"modified":"2023-06-20T08:50:05","modified_gmt":"2023-06-20T11:50:05","slug":"en-2022-se-duplicaron-los-casos-de-meningitis-por-baja-cobertura-de-vacunacion","status":"publish","type":"post","link":"https:\/\/cdnoticias.com\/index.php\/2023\/06\/20\/en-2022-se-duplicaron-los-casos-de-meningitis-por-baja-cobertura-de-vacunacion\/","title":{"rendered":"En 2022 se duplicaron los casos de meningitis por \u201cbaja cobertura de vacunaci\u00f3n\u201d"},"content":{"rendered":"<p>As\u00ed se inform\u00f3 en el Bolet\u00edn Epidemiol\u00f3gico Nacional. Se trata de una enfermedad del sistema nervioso central (SNC) que consiste en la inflamaci\u00f3n de las meninges.<!--more--><\/p>\n<hr \/>\n<p>El n\u00famero de casos notificados de meningitis<strong> se increment\u00f3 en 2022 en m\u00e1s del doble respecto de los registrados cada a\u00f1o en el bienio 2020-2021<\/strong>, lo que fue adjudicado a \u201clas bajas coberturas de vacunaci\u00f3n registradas en los \u00faltimos a\u00f1os\u201d, seg\u00fan se inform\u00f3 en el Bolet\u00edn Epidemiol\u00f3gico Nacional.<\/p>\n<p>&nbsp;<\/p>\n<p>\u201cEn el per\u00edodo 2010-2022 se registraron entre 50 y 230 casos anuales de meningitis neumoc\u00f3cica en la poblaci\u00f3n general, con tasas de incidencia entre 0,12 y 0,55 cada 100.000 habitantes, evidenci\u00e1ndose una tendencia decreciente a partir del a\u00f1o 2012, luego de la introducci\u00f3n de la vacuna conjugada 13-valente (PCV-13) al Calendario Nacional de Vacunaci\u00f3n\u201d, comienza el informe sobre esta enfermedad inmunoprevenible.<\/p>\n<p>&nbsp;<\/p>\n<blockquote><p>La reducci\u00f3n en el n\u00famero de casos en esa d\u00e9cada \u201cse relaciona fundamentalmente a la disminuci\u00f3n de casos en el grupo etario de menores de 5 a\u00f1os, grupo elegible para la vacunaci\u00f3n por calendario y sobre el cual se identificaba la mayor carga de enfermedad\u201d.<\/p><\/blockquote>\n<p>&nbsp;<\/p>\n<p>Sin embargo, en 2022 \u201cse evidenci\u00f3 un aumento en el n\u00famero de casos de meningitis neumoc\u00f3cica en la mayor\u00eda de los grupos etarios respecto de los datos obtenidos en los \u00faltimos a\u00f1os\u201d, m\u00e1s del doble respecto de los registrados cada a\u00f1o en el bienio 2020-2021 y en <strong>un 27% m\u00e1s que los notificados en 2019.<\/strong><\/p>\n<p>&nbsp;<\/p>\n<p>La<strong> mayor cantidad de casos (67% de las notificaciones) se concentraron en las provincias de Buenos Aires, CABA, Chaco, C\u00f3rdoba y Santa Fe.<\/strong> En tanto, las provincias de <strong>La Pampa, Chaco y Tierra del Fuego presentaron las tasas de incidencia m\u00e1s altas<\/strong>, superando valores de 1\/100.000 habitantes.<\/p>\n<p>&nbsp;<\/p>\n<p>La meningitis es la inflamaci\u00f3n de los tejidos que rodean el cerebro y la m\u00e9dula espinal. Suele deberse a una infecci\u00f3n, puede ser mortal y requiere atenci\u00f3n m\u00e9dica inmediata. Hay varias especies de bacterias, virus, hongos y par\u00e1sitos que pueden causarla. La mayor\u00eda de estas infecciones se transmite entre personas.<\/p>\n<p>&nbsp;<\/p>\n<p><em>Fuente: DIB.<\/em><\/p>\n","protected":false},"excerpt":{"rendered":"<p>As\u00ed se inform\u00f3 en el Bolet\u00edn Epidemiol\u00f3gico Nacional. Se trata de una enfermedad del sistema nervioso central (SNC) que consiste<\/p>\n","protected":false},"author":5,"featured_media":5547,"comment_status":"closed","ping_status":"closed","sticky":false,"template":"","format":"standard","meta":{"_jetpack_memberships_contains_paid_content":false,"footnotes":""},"categories":[6,1],"tags":[],"class_list":["post-88119","post","type-post","status-publish","format-standard","has-post-thumbnail","hentry","category-nacionales","category-portada"],"jetpack_featured_media_url":"https:\/\/i0.wp.com\/cdnoticias.com\/wp-content\/uploads\/2020\/11\/vacunacion-1024x977.jpg?fit=1024%2C977&ssl=1","jetpack_sharing_enabled":true,"_links":{"self":[{"href":"https:\/\/cdnoticias.com\/index.php\/wp-json\/wp\/v2\/posts\/88119","targetHints":{"allow":["GET"]}}],"collection":[{"href":"https:\/\/cdnoticias.com\/index.php\/wp-json\/wp\/v2\/posts"}],"about":[{"href":"https:\/\/cdnoticias.com\/index.php\/wp-json\/wp\/v2\/types\/post"}],"author":[{"embeddable":true,"href":"https:\/\/cdnoticias.com\/index.php\/wp-json\/wp\/v2\/users\/5"}],"replies":[{"embeddable":true,"href":"https:\/\/cdnoticias.com\/index.php\/wp-json\/wp\/v2\/comments?post=88119"}],"version-history":[{"count":0,"href":"https:\/\/cdnoticias.com\/index.php\/wp-json\/wp\/v2\/posts\/88119\/revisions"}],"wp:featuredmedia":[{"embeddable":true,"href":"https:\/\/cdnoticias.com\/index.php\/wp-json\/wp\/v2\/media\/5547"}],"wp:attachment":[{"href":"https:\/\/cdnoticias.com\/index.php\/wp-json\/wp\/v2\/media?parent=88119"}],"wp:term":[{"taxonomy":"category","embeddable":true,"href":"https:\/\/cdnoticias.com\/index.php\/wp-json\/wp\/v2\/categories?post=88119"},{"taxonomy":"post_tag","embeddable":true,"href":"https:\/\/cdnoticias.com\/index.php\/wp-json\/wp\/v2\/tags?post=88119"}],"curies":[{"name":"wp","href":"https:\/\/api.w.org\/{rel}","templated":true}]}}