{"id":88117,"date":"2023-06-20T10:21:51","date_gmt":"2023-06-20T13:21:51","guid":{"rendered":"https:\/\/www.centraldenoticias.com.ar\/?p=88117"},"modified":"2023-06-20T10:21:51","modified_gmt":"2023-06-20T13:21:51","slug":"avanzo-en-diputados-el-proyecto-de-ley-contra-la-violencia-digital","status":"publish","type":"post","link":"https:\/\/cdnoticias.com\/index.php\/2023\/06\/20\/avanzo-en-diputados-el-proyecto-de-ley-contra-la-violencia-digital\/","title":{"rendered":"Avanz\u00f3 en Diputados el proyecto de Ley contra la violencia digital"},"content":{"rendered":"<p>La norma, conocida como \u201cLey Olimpia Argentina\u201d, busca modificar la Ley 26.485 sobre Protecci\u00f3n Integral a las Mujeres con el fin de incorporar la figura de la \u201cviolencia digital\u201d.<!--more--><\/p>\n<hr \/>\n<p>La <strong>Comisi\u00f3n de Comunicaciones e Inform\u00e1tica<\/strong>, que preside el<strong> diputado Jos\u00e9 Pablo Carro (FdT)<\/strong>, emiti\u00f3 dictamen de consenso al proyecto que re\u00fane dos iniciativas y establece la modificaci\u00f3n de la Ley 26.485 sobre Protecci\u00f3n Integral para prevenir, sancionar y erradicar la violencia contra las Mujeres, con el fin de<strong> incorporar la figura de la &#8220;violencia digital&#8221;<\/strong> como una modalidad de violencia.<\/p>\n<p>&nbsp;<\/p>\n<p>Seg\u00fan los fundamentos de la norma, se conoce como <strong>\u201cViolencia Digital o en L\u00ednea\u201d<\/strong> a aquella que se ejerce mediante el uso de las tecnolog\u00edas de la informaci\u00f3n y la comunicaci\u00f3n (TIC), y que implique la obtenci\u00f3n, reproducci\u00f3n y difusi\u00f3n por cualquier medio de datos personales, material digital real o simulado, \u00edntimo o de desnudez de las mujeres, sin su consentimiento, discursos de odio de g\u00e9nero, patrones estereotipados sexistas, o que impliquen situaciones de acoso, amenaza, extorsi\u00f3n o control virtual, o acciones que atenten contra la integridad sexual o identidad digital de las mujeres a trav\u00e9s de las TIC, as\u00ed como cualquier otra que pueda surgir a futuro ejercida por este medio, que afecte los derechos protegidos de la presente ley.<\/p>\n<p>&nbsp;<\/p>\n<p>Al respecto, la vicepresidenta primera de la Comisi\u00f3n, <strong>diputada Karina Banfi (UCR)<\/strong> destac\u00f3 que \u201cel proyecto es una apuesta muy importante\u201d, al se\u00f1alar la \u201cnecesidad de que haya un marco regulatorio en Argentina\u201d, ya que -a\u00f1adi\u00f3- \u201ces una necesidad imperiosa para poder darle tratamiento al acoso y a los delitos que se cometen contra las mujeres a trav\u00e9s de las plataformas digitales\u201d.<\/p>\n<p>&nbsp;<\/p>\n<div class=\"jetpack-video-wrapper\"><iframe loading=\"lazy\" title=\"Avanz\u00f3 en Diputados el proyecto de Ley contra la violencia digital\" width=\"800\" height=\"450\" src=\"https:\/\/www.youtube.com\/embed\/4PAeED4Kg08?feature=oembed\" frameborder=\"0\" allow=\"accelerometer; autoplay; clipboard-write; encrypted-media; gyroscope; picture-in-picture; web-share\" allowfullscreen><\/iframe><\/div>\n<p>&nbsp;<\/p>\n<p>A su turno, la <strong>diputada Silvana Ginocchio (FdT)<\/strong> manifest\u00f3 que \u201ceste proyecto aborda un problema que es de enorme gravedad, y que afecta m\u00e1s a las mujeres\u201d. \u201cEsta violencia digital conlleva violaciones a los derechos humanos e impide el empoderamiento de las mujeres\u201d, enfatiz\u00f3.<\/p>\n<p>&nbsp;<\/p>\n<p>En la misma l\u00ednea, la<strong> vicepresidenta segunda de la Comisi\u00f3n, Florencia Lampreabe (FdT)<\/strong>, remarc\u00f3 la importancia de \u201cincluir a la violencia digital como una tipificaci\u00f3n en el marco de las violencias contra las mujeres\u201d. Y en ese sentido, consider\u00f3: \u201cTenemos que trabajar en una regulaci\u00f3n de las plataformas digitales\u201d.<\/p>\n<p>&nbsp;<\/p>\n<p>Finalmente, la<strong> diputada Paula Omodeo (Creo)<\/strong> inst\u00f3 \u201ca seguir generando consensos para solucionar los problemas de los argentinos\u201d.<\/p>\n<p>&nbsp;<\/p>\n<p>La iniciativa, que cuenta con el<strong> aval de la Comisi\u00f3n de Mujeres y Diversidad<\/strong>, queda en condiciones de ser tratada en el recinto.<\/p>\n","protected":false},"excerpt":{"rendered":"<p>La norma, conocida como \u201cLey Olimpia Argentina\u201d, busca modificar la Ley 26.485 sobre Protecci\u00f3n Integral a las Mujeres con el<\/p>\n","protected":false},"author":5,"featured_media":88127,"comment_status":"closed","ping_status":"closed","sticky":false,"template":"","format":"standard","meta":{"_jetpack_memberships_contains_paid_content":false,"footnotes":""},"categories":[6,1],"tags":[],"class_list":["post-88117","post","type-post","status-publish","format-standard","has-post-thumbnail","hentry","category-nacionales","category-portada"],"jetpack_featured_media_url":"https:\/\/i0.wp.com\/cdnoticias.com\/wp-content\/uploads\/2023\/06\/diputados-0.png?fit=1680%2C876&ssl=1","jetpack_sharing_enabled":true,"_links":{"self":[{"href":"https:\/\/cdnoticias.com\/index.php\/wp-json\/wp\/v2\/posts\/88117","targetHints":{"allow":["GET"]}}],"collection":[{"href":"https:\/\/cdnoticias.com\/index.php\/wp-json\/wp\/v2\/posts"}],"about":[{"href":"https:\/\/cdnoticias.com\/index.php\/wp-json\/wp\/v2\/types\/post"}],"author":[{"embeddable":true,"href":"https:\/\/cdnoticias.com\/index.php\/wp-json\/wp\/v2\/users\/5"}],"replies":[{"embeddable":true,"href":"https:\/\/cdnoticias.com\/index.php\/wp-json\/wp\/v2\/comments?post=88117"}],"version-history":[{"count":0,"href":"https:\/\/cdnoticias.com\/index.php\/wp-json\/wp\/v2\/posts\/88117\/revisions"}],"wp:featuredmedia":[{"embeddable":true,"href":"https:\/\/cdnoticias.com\/index.php\/wp-json\/wp\/v2\/media\/88127"}],"wp:attachment":[{"href":"https:\/\/cdnoticias.com\/index.php\/wp-json\/wp\/v2\/media?parent=88117"}],"wp:term":[{"taxonomy":"category","embeddable":true,"href":"https:\/\/cdnoticias.com\/index.php\/wp-json\/wp\/v2\/categories?post=88117"},{"taxonomy":"post_tag","embeddable":true,"href":"https:\/\/cdnoticias.com\/index.php\/wp-json\/wp\/v2\/tags?post=88117"}],"curies":[{"name":"wp","href":"https:\/\/api.w.org\/{rel}","templated":true}]}}