{"id":88093,"date":"2023-06-20T08:37:23","date_gmt":"2023-06-20T11:37:23","guid":{"rendered":"https:\/\/www.centraldenoticias.com.ar\/?p=88093"},"modified":"2023-06-20T11:55:10","modified_gmt":"2023-06-20T14:55:10","slug":"agustin-simone-no-tenemos-lotes-donde-no-se-este-construyendo-o-se-trabaje-para-construir-viviendas","status":"publish","type":"post","link":"https:\/\/cdnoticias.com\/index.php\/2023\/06\/20\/agustin-simone-no-tenemos-lotes-donde-no-se-este-construyendo-o-se-trabaje-para-construir-viviendas\/","title":{"rendered":"Agust\u00edn Simone: \u201cNo tenemos lotes donde no se est\u00e9 construyendo o se trabaje para construir viviendas\u201d"},"content":{"rendered":"<p>El ministro provincial asegur\u00f3 que el Municipio de Olavarr\u00eda s\u00f3lo present\u00f3 un pedido para edificar casas en 30 lotes en Sierra Chica y que \u201cni siquiera despu\u00e9s continuaron con la gesti\u00f3n\u201d.<\/p>\n<p><!--more--><\/p>\n<hr \/>\n<p>El <strong>ministro de H\u00e1bitat y Desarrollo Urbano de la provincia de Buenos Aires, Agust\u00edn Simone,<\/strong> <a href=\"https:\/\/cdnoticias.com\/index.php\/2023\/06\/14\/kicillof-seria-espectacular-en-otro-mandato-que-en-olavarria-nos-acompane-maxi\/\" target=\"_blank\" rel=\"noopener\">estuvo en Olavarr\u00eda junto con gobernador Axel Kicillof<\/a>. <strong>Central de Noticias<\/strong> habl\u00f3 con el funcionario al cierre de sus actividades. <strong>Destac\u00f3 la visita al inicio de la construcci\u00f3n de 100 viviendas en lotes del CECO<\/strong>.<\/p>\n<p>&nbsp;<\/p>\n<p>Tambi\u00e9n fue <strong>consultado por planes de viviendas solicitados por la Municipalidad de Olavarr\u00eda<\/strong>. En ese sentido, asegur\u00f3 que se present\u00f3 un proyecto para <strong>edificar en Sierra Chica<\/strong>, pero que desde la gesti\u00f3n local no se continu\u00f3 con el tr\u00e1mite.<\/p>\n<p>&nbsp;<\/p>\n<blockquote><p>\u201cLo \u00fanico que nos present\u00f3 el Municipio fueron esos 30 lotes que ni siquiera despu\u00e9s continuaron con la gesti\u00f3n\u201d afirm\u00f3.<\/p><\/blockquote>\n<p>&nbsp;<\/p>\n<figure id=\"attachment_88089\" aria-describedby=\"caption-attachment-88089\" style=\"width: 800px\" class=\"wp-caption aligncenter\"><img data-recalc-dims=\"1\" loading=\"lazy\" decoding=\"async\" class=\"wp-image-88089 size-full\" src=\"https:\/\/i0.wp.com\/cdnoticias.com\/wp-content\/uploads\/2023\/06\/kicillof-barrio-ceco-3.jpg?resize=800%2C445&#038;ssl=1\" alt=\"\" width=\"800\" height=\"445\" srcset=\"https:\/\/i0.wp.com\/cdnoticias.com\/wp-content\/uploads\/2023\/06\/kicillof-barrio-ceco-3.jpg?w=800&amp;ssl=1 800w, https:\/\/i0.wp.com\/cdnoticias.com\/wp-content\/uploads\/2023\/06\/kicillof-barrio-ceco-3.jpg?resize=300%2C167&amp;ssl=1 300w, https:\/\/i0.wp.com\/cdnoticias.com\/wp-content\/uploads\/2023\/06\/kicillof-barrio-ceco-3.jpg?resize=768%2C427&amp;ssl=1 768w\" sizes=\"auto, (max-width: 800px) 100vw, 800px\" \/><figcaption id=\"caption-attachment-88089\" class=\"wp-caption-text\">Kicillof en la recorrida por la construcci\u00f3n de viviendas en Sarmiento y Jun\u00edn.<\/figcaption><\/figure>\n<p>&nbsp;<\/p>\n<p><strong>Ceco III<\/strong><\/p>\n<p>&nbsp;<\/p>\n<p><strong>\u201cEstamos contentos porque ya empez\u00f3 la obra.<\/strong> Est\u00e1n con el movimiento de suelo, ya est\u00e1 armado el obrador, ya los materiales que est\u00e1n. As\u00ed que muy conformes. <a href=\"https:\/\/cdnoticias.com\/index.php\/2022\/10\/27\/en-un-par-de-meses-comenzaria-la-construccion-de-mas-de-100-casas-en-terrenos-del-ceco\/\" target=\"_blank\" rel=\"noopener\">En octubre estuvimos con Axel, se hab\u00eda firmado un acta acuerdo<\/a>, despu\u00e9s se firm\u00f3 el convenio, se pag\u00f3 el adelanto financiero y ya <strong>hoy la obra es una realidad\u201d<\/strong> repas\u00f3 Simone.<\/p>\n<p>&nbsp;<\/p>\n<p>Tuvo en cuenta que la construcci\u00f3n de las cien casas en los lotes de Sarmiento y Jun\u00edn tienen un plazo de un a\u00f1o. <strong>\u201cCon las viviendas siempre ha sido un problema el mantenimiento de los plazos, el cumplimiento de las condiciones\u201d<\/strong> reconoci\u00f3, al tiempo que sostuvo que en la gesti\u00f3n que lleva adelante en la cartera de H\u00e1bitat <strong>\u201chemos podido desarrollar un sistema que funciona, que es r\u00e1pido, que es \u00e1gil y que nos permite estar construyendo<\/strong>. Hoy estamos en 13.400 casas en construcci\u00f3n. Estamos en un plazo de 14 meses, porque se pueden generar demoras por clima, por ciertos factores. Pero <strong>en 14 meses est\u00e1n los plazos de construcci\u00f3n\u201d<\/strong>.<\/p>\n<p><u>\u00a0<\/u><\/p>\n<blockquote><p>\u201cNosotros <u>q<\/u>ueremos iniciar unas 10.000 casas por a\u00f1o y con esta rueda andando, entregar a su vez otras 10.000 casas por a\u00f1o\u201d subray\u00f3.<\/p><\/blockquote>\n<p>&nbsp;<\/p>\n<blockquote class=\"twitter-tweet\">\n<p dir=\"ltr\" lang=\"es\">La construcci\u00f3n de viviendas es una prioridad y una pol\u00edtica p\u00fablica central del Estado provincial. Garantizar el <a href=\"https:\/\/twitter.com\/hashtag\/DerechoAlFuturo?src=hash&amp;ref_src=twsrc%5Etfw\">#DerechoAlFuturo<\/a>, es trabajar por el <a href=\"https:\/\/twitter.com\/hashtag\/DerechoAlHogar?src=hash&amp;ref_src=twsrc%5Etfw\">#DerechoAlHogar<\/a>, motorizar la econom\u00eda y transformar la vida de miles bonaerenses.<\/p>\n<p>\u2014 Agust\u00edn Simone (@agussimone) <a href=\"https:\/\/twitter.com\/agussimone\/status\/1669045110741295105?ref_src=twsrc%5Etfw\">June 14, 2023<\/a><\/p><\/blockquote>\n<p><script async src=\"https:\/\/platform.twitter.com\/widgets.js\" charset=\"utf-8\"><\/script><\/p>\n<p>&nbsp;<\/p>\n<p><strong>Pedido municipal<\/strong><\/p>\n<p>&nbsp;<\/p>\n<p>A fin de mayo, en el marco del tratamiento de la Rendici\u00f3n de Cuentas en el Concejo, se dio una discusi\u00f3n entre concejales oficialistas y del Frente de Todos vinculado a planes viviendas.<em> Desde el bloque Juntos se cuestion\u00f3 que ni la Naci\u00f3n ni la Provincia proyectaron ese tipo de obras en Olavarr\u00eda, mientras que desde la oposici\u00f3n se afirm\u00f3 que el Municipio no present\u00f3 pedidos.<\/em> D\u00edas despu\u00e9s, el<strong> intendente Ezequiel Galli<\/strong> fue consultado por el tema y <a href=\"https:\/\/cdnoticias.com\/index.php\/2023\/06\/02\/ezequiel-galli-hay-que-ponerse-a-trabajar-en-vez-de-tirar-piedras-desde-una-banca\/\" target=\"_blank\" rel=\"noopener\">reafirm\u00f3 los dichos de sus concejales<\/a>:<strong> \u201chemos tenido reuniones hasta el cansancio.<\/strong> Hemos ido con Julio (Ferraro) a La Plata, nos hemos reunido con el ministro de Obras P\u00fablicas. Hemos contado en Naci\u00f3n tambi\u00e9n. <strong>La verdad que nunca tuvimos respuesta\u201d<\/strong> dijo.<\/p>\n<p>&nbsp;<\/p>\n<blockquote><p>El ministro Simone inform\u00f3 que, el Municipio de Olavarr\u00eda \u201clo \u00fanico que hab\u00eda presentado, creo que eran 30 lotes en Sierra Chica, que despu\u00e9s no avanzaron m\u00e1s\u201d.<\/p><\/blockquote>\n<p>&nbsp;<\/p>\n<p><img data-recalc-dims=\"1\" loading=\"lazy\" decoding=\"async\" class=\"size-large wp-image-68395 aligncenter\" src=\"https:\/\/i0.wp.com\/cdnoticias.com\/wp-content\/uploads\/2022\/10\/simone-confe1.jpg?resize=800%2C480&#038;ssl=1\" alt=\"\" width=\"800\" height=\"480\" srcset=\"https:\/\/i0.wp.com\/cdnoticias.com\/wp-content\/uploads\/2022\/10\/simone-confe1-scaled.jpg?resize=1024%2C614&amp;ssl=1 1024w, https:\/\/i0.wp.com\/cdnoticias.com\/wp-content\/uploads\/2022\/10\/simone-confe1-scaled.jpg?resize=300%2C180&amp;ssl=1 300w, https:\/\/i0.wp.com\/cdnoticias.com\/wp-content\/uploads\/2022\/10\/simone-confe1-scaled.jpg?resize=768%2C461&amp;ssl=1 768w, https:\/\/i0.wp.com\/cdnoticias.com\/wp-content\/uploads\/2022\/10\/simone-confe1-scaled.jpg?resize=1536%2C921&amp;ssl=1 1536w, https:\/\/i0.wp.com\/cdnoticias.com\/wp-content\/uploads\/2022\/10\/simone-confe1-scaled.jpg?resize=2048%2C1228&amp;ssl=1 2048w, https:\/\/i0.wp.com\/cdnoticias.com\/wp-content\/uploads\/2022\/10\/simone-confe1-scaled.jpg?w=1600&amp;ssl=1 1600w, https:\/\/i0.wp.com\/cdnoticias.com\/wp-content\/uploads\/2022\/10\/simone-confe1-scaled.jpg?w=2400&amp;ssl=1 2400w\" sizes=\"auto, (max-width: 800px) 100vw, 800px\" \/><\/p>\n<p>&nbsp;<\/p>\n<p>Explic\u00f3 que <strong>se refer\u00eda a la presentaci\u00f3n de la documentaci\u00f3n dominial y de factibilidad sobre esos terrenos<\/strong>. \u201cSon cosas que nosotros por ley estamos obligados a cumplirlo. Un marco legal que viene de la gesti\u00f3n anterior, que es del color pol\u00edtico del Municipio. Nosotros te dir\u00eda que, al contrario, hemos simplificado lo que encontramos cuando llegamos a la gesti\u00f3n. Y tampoco es tan dif\u00edcil porque te digo que tenemos 13.400 viviendas en obra\u201d indic\u00f3. <strong>\u201cNo tenemos ning\u00fan lote donde no se est\u00e9 construyendo o se est\u00e9 trabajando en un proyecto para construir\u201d<\/strong> enfatiz\u00f3.<\/p>\n<p>&nbsp;<\/p>\n<blockquote><p>Simone record\u00f3 que la presentaci\u00f3n municipal fue \u201cunos 30 lotes, m\u00e1s de 20, que tampoco es un n\u00famero para Olavarr\u00eda. Nosotros tenemos un piso de 100 viviendas por municipio y ciudades del tama\u00f1o de Olavarr\u00eda deber\u00edan tener 500 viviendas, no 100\u201d.<\/p><\/blockquote>\n<p>&nbsp;<\/p>\n<p>Respecto de las obras en marcha, m\u00e1s adelante sostuvo que <strong>\u201cse trabaja con los municipios principalmente, pero tambi\u00e9n y est\u00e1 creciendo mucho los lotes que nos acercan los sindicatos, las cooperativas de construcci\u00f3n, distintos actores <\/strong>porque en definitiva lo que hace el Instituto es financiar. Nosotros construimos, pero tambi\u00e9n financiamos\u201d.<\/p>\n<p>&nbsp;<\/p>\n","protected":false},"excerpt":{"rendered":"<p>El ministro provincial asegur\u00f3 que el Municipio de Olavarr\u00eda s\u00f3lo present\u00f3 un pedido para edificar casas en 30 lotes en<\/p>\n","protected":false},"author":4,"featured_media":88090,"comment_status":"closed","ping_status":"closed","sticky":false,"template":"","format":"standard","meta":{"_jetpack_memberships_contains_paid_content":false,"footnotes":""},"categories":[4,1],"tags":[],"class_list":["post-88093","post","type-post","status-publish","format-standard","has-post-thumbnail","hentry","category-politica","category-portada"],"jetpack_featured_media_url":"https:\/\/i0.wp.com\/cdnoticias.com\/wp-content\/uploads\/2023\/06\/ministro-agustin-simone-0.jpg?fit=800%2C445&ssl=1","jetpack_sharing_enabled":true,"_links":{"self":[{"href":"https:\/\/cdnoticias.com\/index.php\/wp-json\/wp\/v2\/posts\/88093","targetHints":{"allow":["GET"]}}],"collection":[{"href":"https:\/\/cdnoticias.com\/index.php\/wp-json\/wp\/v2\/posts"}],"about":[{"href":"https:\/\/cdnoticias.com\/index.php\/wp-json\/wp\/v2\/types\/post"}],"author":[{"embeddable":true,"href":"https:\/\/cdnoticias.com\/index.php\/wp-json\/wp\/v2\/users\/4"}],"replies":[{"embeddable":true,"href":"https:\/\/cdnoticias.com\/index.php\/wp-json\/wp\/v2\/comments?post=88093"}],"version-history":[{"count":0,"href":"https:\/\/cdnoticias.com\/index.php\/wp-json\/wp\/v2\/posts\/88093\/revisions"}],"wp:featuredmedia":[{"embeddable":true,"href":"https:\/\/cdnoticias.com\/index.php\/wp-json\/wp\/v2\/media\/88090"}],"wp:attachment":[{"href":"https:\/\/cdnoticias.com\/index.php\/wp-json\/wp\/v2\/media?parent=88093"}],"wp:term":[{"taxonomy":"category","embeddable":true,"href":"https:\/\/cdnoticias.com\/index.php\/wp-json\/wp\/v2\/categories?post=88093"},{"taxonomy":"post_tag","embeddable":true,"href":"https:\/\/cdnoticias.com\/index.php\/wp-json\/wp\/v2\/tags?post=88093"}],"curies":[{"name":"wp","href":"https:\/\/api.w.org\/{rel}","templated":true}]}}