{"id":88087,"date":"2023-06-20T17:23:41","date_gmt":"2023-06-20T20:23:41","guid":{"rendered":"https:\/\/www.centraldenoticias.com.ar\/?p=88087"},"modified":"2023-06-20T18:39:59","modified_gmt":"2023-06-20T21:39:59","slug":"la-suprema-corte-pidio-crear-otra-sala-en-la-camara-de-apelaciones-en-azul","status":"publish","type":"post","link":"https:\/\/cdnoticias.com\/index.php\/2023\/06\/20\/la-suprema-corte-pidio-crear-otra-sala-en-la-camara-de-apelaciones-en-azul\/","title":{"rendered":"La Suprema Corte pidi\u00f3 crear otra sala en la C\u00e1mara de Apelaciones en Azul"},"content":{"rendered":"<p>Los magistrados plantearon la creaci\u00f3n de m\u00e1s de 40 tribunales y juzgados. Basaron la decisi\u00f3n en un informe sobre la cantidad de causas iniciadas y en tr\u00e1mite en los \u00faltimos a\u00f1os en todos los fueros y departamentos.<\/p>\n<p><!--more--><\/p>\n<hr \/>\n<p>La<strong> Suprema Corte de Justicia de la provincia de Buenos Aires<\/strong> se pronunci\u00f3 en favor de <strong>crear una nueva sala de apelaciones en el \u00e1mbito penal del Departamento Judicial Azul<\/strong>. Lo hizo a trav\u00e9s de la resoluci\u00f3n 1342\/23 que lleva las firmas de los jueces <em>Luis Genoud, Hilda Kogan, Sergio Torres y Daniel Soria.<\/em><\/p>\n<p>&nbsp;<\/p>\n<p>En ese instrumento, los magistrados <strong>plantearon la creaci\u00f3n de m\u00e1s de 40 tribunales y juzgados en todos los departamentos judiciales<\/strong> en los fueros penal, civil y comercial, de familia, contencioso administrativo y laboral.<\/p>\n<p>&nbsp;<\/p>\n<blockquote><p>Argumentaron el planteo en la \u201cpreocupaci\u00f3n permanente de esta Suprema Corte por velar por el adecuado y cada vez m\u00e1s eficaz servicio de justicia\u201d.<\/p><\/blockquote>\n<p>&nbsp;<\/p>\n<p>La resoluci\u00f3n tiene como principales <strong>destinatarios a los Poderes Ejecutivo y Legislativo de la provincia<\/strong> y se pidi\u00f3 adem\u00e1s por los procesos de designaci\u00f3n de magistrados. \u201cDeviene necesario primordialmente, requerir a los Poderes Ejecutivo y Legislativo de la provincia de Buenos Aires, la creaci\u00f3n de los \u00f3rganos, as\u00ed como tambi\u00e9n<strong> el perfeccionamiento de los procesos de designaci\u00f3n de los magistrados correspondientes a otros \u00f3rganos<\/strong>, creados por diversas leyes, que se encuentran pendientes de funcionamiento; sin perjuicio de la existencia de distintas necesidades que requieren asimismo el incremento de los recursos pertinentes\u201d.<\/p>\n<p>&nbsp;<\/p>\n<figure id=\"attachment_82715\" aria-describedby=\"caption-attachment-82715\" style=\"width: 715px\" class=\"wp-caption aligncenter\"><img data-recalc-dims=\"1\" loading=\"lazy\" decoding=\"async\" class=\"wp-image-82715 size-full\" src=\"https:\/\/i0.wp.com\/cdnoticias.com\/wp-content\/uploads\/2023\/04\/integrantes-de-la-suprema-corte-jueces.jpg?resize=715%2C477&#038;ssl=1\" alt=\"\" width=\"715\" height=\"477\" srcset=\"https:\/\/i0.wp.com\/cdnoticias.com\/wp-content\/uploads\/2023\/04\/integrantes-de-la-suprema-corte-jueces.jpg?w=715&amp;ssl=1 715w, https:\/\/i0.wp.com\/cdnoticias.com\/wp-content\/uploads\/2023\/04\/integrantes-de-la-suprema-corte-jueces.jpg?resize=300%2C200&amp;ssl=1 300w, https:\/\/i0.wp.com\/cdnoticias.com\/wp-content\/uploads\/2023\/04\/integrantes-de-la-suprema-corte-jueces.jpg?resize=272%2C182&amp;ssl=1 272w\" sizes=\"auto, (max-width: 715px) 100vw, 715px\" \/><figcaption id=\"caption-attachment-82715\" class=\"wp-caption-text\">Integrantes de la Suprema Corte provincial.<\/figcaption><\/figure>\n<p>&nbsp;<\/p>\n<p><strong>Organismos y edificios<\/strong><\/p>\n<p>&nbsp;<\/p>\n<p>El pronunciamiento del m\u00e1ximo tribunal provincial se bas\u00f3 en el<strong> informe de la Secretar\u00eda de Planificaci\u00f3n de la Corte que refiere a la cantidad de causas iniciadas y en tr\u00e1mite en los \u00faltimos a\u00f1os<\/strong> en todos los fueros y departamentos, en las <strong>proyecciones de poblaci\u00f3n<\/strong> y otros indicadores vinculados a la actividad judicial. Tambi\u00e9n se contempl\u00f3 el <strong>cambio del mapa judicial<\/strong> a ra\u00edz de la sanci\u00f3n de distintas leyes, la puesta en marcha de \u00f3rganos judiciales, las descentralizaciones implementadas y los \u201ccambios constantes de contexto\u201d.<\/p>\n<p>&nbsp;<\/p>\n<p><strong>\u201cResulta ineludible requerir la creaci\u00f3n de nuevos \u00f3rganos judiciales<\/strong> en algunos fueros, que refuercen la labor de los ya existentes en aquellos casos donde resulta urgente y prioritario\u201d remarc\u00f3 la Corte.<\/p>\n<p>&nbsp;<\/p>\n<blockquote><p>Al momento de detallar los organismos que se consider\u00f3 necesario crear se expuso: \u201cdel estudio del an\u00e1lisis de la carga laboral de las C\u00e1maras de Apelaci\u00f3n y Garant\u00edas en lo Penal surge la necesidad de solicitar la creaci\u00f3n de una Sala en la C\u00e1mara del Departamento Judicial Azul y otra en la C\u00e1mara del Departamento Judicial de La Matanza\u201d.<\/p><\/blockquote>\n<p>&nbsp;<\/p>\n<p>Los magistrados tambi\u00e9n pidieron que la creaci\u00f3n de los organismos solicitados \u201cdebe ir acompa\u00f1ada del <strong>crecimiento de la infraestructura edilicia<\/strong>, a fin de evitar la superpoblaci\u00f3n de los edificios existentes y la dispersi\u00f3n urbana de los ya adquiridos y\/o alquilados\u201d.<\/p>\n<p>&nbsp;<\/p>\n","protected":false},"excerpt":{"rendered":"<p>Los magistrados plantearon la creaci\u00f3n de m\u00e1s de 40 tribunales y juzgados. Basaron la decisi\u00f3n en un informe sobre la<\/p>\n","protected":false},"author":4,"featured_media":5184,"comment_status":"closed","ping_status":"closed","sticky":false,"template":"","format":"standard","meta":{"_jetpack_memberships_contains_paid_content":false,"footnotes":""},"categories":[6,1],"tags":[],"class_list":["post-88087","post","type-post","status-publish","format-standard","has-post-thumbnail","hentry","category-nacionales","category-portada"],"jetpack_featured_media_url":"https:\/\/i0.wp.com\/cdnoticias.com\/wp-content\/uploads\/2020\/10\/suprema-corte.jpg?fit=3880%2C2580&ssl=1","jetpack_sharing_enabled":true,"_links":{"self":[{"href":"https:\/\/cdnoticias.com\/index.php\/wp-json\/wp\/v2\/posts\/88087","targetHints":{"allow":["GET"]}}],"collection":[{"href":"https:\/\/cdnoticias.com\/index.php\/wp-json\/wp\/v2\/posts"}],"about":[{"href":"https:\/\/cdnoticias.com\/index.php\/wp-json\/wp\/v2\/types\/post"}],"author":[{"embeddable":true,"href":"https:\/\/cdnoticias.com\/index.php\/wp-json\/wp\/v2\/users\/4"}],"replies":[{"embeddable":true,"href":"https:\/\/cdnoticias.com\/index.php\/wp-json\/wp\/v2\/comments?post=88087"}],"version-history":[{"count":0,"href":"https:\/\/cdnoticias.com\/index.php\/wp-json\/wp\/v2\/posts\/88087\/revisions"}],"wp:featuredmedia":[{"embeddable":true,"href":"https:\/\/cdnoticias.com\/index.php\/wp-json\/wp\/v2\/media\/5184"}],"wp:attachment":[{"href":"https:\/\/cdnoticias.com\/index.php\/wp-json\/wp\/v2\/media?parent=88087"}],"wp:term":[{"taxonomy":"category","embeddable":true,"href":"https:\/\/cdnoticias.com\/index.php\/wp-json\/wp\/v2\/categories?post=88087"},{"taxonomy":"post_tag","embeddable":true,"href":"https:\/\/cdnoticias.com\/index.php\/wp-json\/wp\/v2\/tags?post=88087"}],"curies":[{"name":"wp","href":"https:\/\/api.w.org\/{rel}","templated":true}]}}