{"id":88050,"date":"2023-06-18T18:20:44","date_gmt":"2023-06-18T21:20:44","guid":{"rendered":"https:\/\/www.centraldenoticias.com.ar\/?p=88050"},"modified":"2023-06-18T19:28:18","modified_gmt":"2023-06-18T22:28:18","slug":"la-came-detecto-leve-baja-en-las-ventas-por-el-dia-del-padre-2023","status":"publish","type":"post","link":"https:\/\/cdnoticias.com\/index.php\/2023\/06\/18\/la-came-detecto-leve-baja-en-las-ventas-por-el-dia-del-padre-2023\/","title":{"rendered":"La CAME detect\u00f3 leve baja en las ventas por el D\u00eda del Padre 2023"},"content":{"rendered":"<p>La ca\u00edda fue de 1,2% anual. El valor medio de los productos adquiridos fue mayor a 2022. El rubro calzado y marroquiner\u00eda, el mejor posicionado.<\/p>\n<p><!--more--><\/p>\n<hr \/>\n<p>La <strong>Confederaci\u00f3n Argentina de la Mediana Empresa (CAME)<\/strong> difundi\u00f3 el resultado del relevamiento por las <strong>ventas del D\u00eda del Padre 2023<\/strong> realizado en <strong>245 comercios del pa\u00eds<\/strong>.<\/p>\n<p>&nbsp;<\/p>\n<blockquote><p>Se destac\u00f3 que las ventas descendieron 1,2% frente al a\u00f1o pasado, medidas a precios constantes. Si bien hubo promociones para impulsar las ventas, no fueron suficientes para activar la demanda hacia todos los sectores.<\/p><\/blockquote>\n<p>&nbsp;<\/p>\n<p>El <strong>valor medio de los productos adquiridos<\/strong> fue levemente mayor a 2022. El ticket promedio ascendi\u00f3 a $15.099, frente a $6.880 el a\u00f1o pasado, lo que implica un aumento real de 2,5%.<\/p>\n<p>&nbsp;<\/p>\n<p>El 45% de los encuestados intent\u00f3 promover las ventas a trav\u00e9s de alguna <strong>promoci\u00f3n especial<\/strong>, mientras que el 55% restante no lo hizo.<\/p>\n<p>&nbsp;<\/p>\n<p><img data-recalc-dims=\"1\" loading=\"lazy\" decoding=\"async\" class=\"size-full wp-image-88052 aligncenter\" src=\"https:\/\/i0.wp.com\/cdnoticias.com\/wp-content\/uploads\/2023\/06\/CAME-01-dia-del-padre-2023.jpg?resize=800%2C382&#038;ssl=1\" alt=\"\" width=\"800\" height=\"382\" srcset=\"https:\/\/i0.wp.com\/cdnoticias.com\/wp-content\/uploads\/2023\/06\/CAME-01-dia-del-padre-2023.jpg?w=800&amp;ssl=1 800w, https:\/\/i0.wp.com\/cdnoticias.com\/wp-content\/uploads\/2023\/06\/CAME-01-dia-del-padre-2023.jpg?resize=300%2C143&amp;ssl=1 300w, https:\/\/i0.wp.com\/cdnoticias.com\/wp-content\/uploads\/2023\/06\/CAME-01-dia-del-padre-2023.jpg?resize=768%2C367&amp;ssl=1 768w\" sizes=\"auto, (max-width: 800px) 100vw, 800px\" \/><\/p>\n<p>&nbsp;<\/p>\n<blockquote><p>CAME aclar\u00f3 que se esperaba una fecha tranquila en la venta comercial, no solo por la falta de poder adquisitivo sino porque el festejo de este a\u00f1o coincidi\u00f3 con un fin de semana largo de 4 d\u00edas, donde muchas familias se volcaron al viaje como regalo. El cobro anticipado de aguinaldos en la administraci\u00f3n p\u00fablica y en muchos sectores privados ayud\u00f3 a dar este impulso.<\/p><\/blockquote>\n<p>&nbsp;<\/p>\n<p>En la comparaci\u00f3n anual, <strong>se destacaron subas en Calzado y Marroquiner\u00eda (+2,6%)<\/strong>, Cosm\u00e9tico y Perfumer\u00eda (+1,7%) y Equipos Perif\u00e9ricos, accesorios y celulares (+0,2%). El resto de los rubros, bajaron.<\/p>\n<p>&nbsp;<\/p>\n<p>Los datos surgen del <strong>relevamiento realizado por CAME entre s\u00e1bado y hoy domingo<\/strong> entre 245 comercios del pa\u00eds.<\/p>\n<p>&nbsp;<\/p>\n<p><img data-recalc-dims=\"1\" loading=\"lazy\" decoding=\"async\" class=\"size-full wp-image-88053 aligncenter\" src=\"https:\/\/i0.wp.com\/cdnoticias.com\/wp-content\/uploads\/2023\/06\/CAME-02-dia-del-padre-2023.jpg?resize=800%2C578&#038;ssl=1\" alt=\"\" width=\"800\" height=\"578\" srcset=\"https:\/\/i0.wp.com\/cdnoticias.com\/wp-content\/uploads\/2023\/06\/CAME-02-dia-del-padre-2023.jpg?w=800&amp;ssl=1 800w, https:\/\/i0.wp.com\/cdnoticias.com\/wp-content\/uploads\/2023\/06\/CAME-02-dia-del-padre-2023.jpg?resize=300%2C217&amp;ssl=1 300w, https:\/\/i0.wp.com\/cdnoticias.com\/wp-content\/uploads\/2023\/06\/CAME-02-dia-del-padre-2023.jpg?resize=768%2C555&amp;ssl=1 768w\" sizes=\"auto, (max-width: 800px) 100vw, 800px\" \/><\/p>\n<p>&nbsp;<\/p>\n<p><strong>Expectativas<\/strong><\/p>\n<p>&nbsp;<\/p>\n<p>En cuanto a <strong>expectativas de ventas<\/strong>, el <strong>43% de los encuestados se\u00f1alaron que fueron peores a lo esperado<\/strong>, mientras que para el 11% el consumo fue mejor, en tanto, el 44% lo consider\u00f3 igual. Solo el 2% de los negocios medidos estim\u00f3 sus ventas mucho peores a las esperadas.<\/p>\n<p>&nbsp;<\/p>\n<p>A pesar del resultado, en lo que hubo m\u00e1s coincidencia, es que <strong>en mayor o menor medida, el D\u00eda del Padre contribuir\u00e1 a mejorar las ventas mensuales<\/strong>. As\u00ed lo percibi\u00f3 el 66% de los empresarios consultados.<\/p>\n<p>&nbsp;<\/p>\n<p>Este a\u00f1o<strong> las ventas comenzaron antes de lo habitual<\/strong>. Ocurri\u00f3 por el aumento de la compra online, que oblig\u00f3 a planificar con antelaci\u00f3n el regalo para que llegue a tiempo, por el feriado largo. Es que muchas familias se llevaron el obsequio al viaje, adem\u00e1s de aprovechar muchas promociones que estuvieron vigentes solo hasta el jueves 15.<\/p>\n<p>&nbsp;<\/p>\n<p>Hubo gente que eligi\u00f3 el <strong>d\u00eda de compra<\/strong> en funci\u00f3n de las promociones y se tom\u00f3 su tiempo para buscar precios. El s\u00e1bado fue el d\u00eda m\u00e1s fuerte, y los comercios trataron de abrir hasta el horario m\u00e1s extendido posible.<\/p>\n<p>&nbsp;<\/p>\n","protected":false},"excerpt":{"rendered":"<p>La ca\u00edda fue de 1,2% anual. El valor medio de los productos adquiridos fue mayor a 2022. El rubro calzado<\/p>\n","protected":false},"author":4,"featured_media":88051,"comment_status":"closed","ping_status":"closed","sticky":false,"template":"","format":"standard","meta":{"_jetpack_memberships_contains_paid_content":false,"footnotes":""},"categories":[6,1],"tags":[],"class_list":["post-88050","post","type-post","status-publish","format-standard","has-post-thumbnail","hentry","category-nacionales","category-portada"],"jetpack_featured_media_url":"https:\/\/i0.wp.com\/cdnoticias.com\/wp-content\/uploads\/2023\/06\/CAME-00-dia-del-padre-2023.jpg?fit=800%2C445&ssl=1","jetpack_sharing_enabled":true,"_links":{"self":[{"href":"https:\/\/cdnoticias.com\/index.php\/wp-json\/wp\/v2\/posts\/88050","targetHints":{"allow":["GET"]}}],"collection":[{"href":"https:\/\/cdnoticias.com\/index.php\/wp-json\/wp\/v2\/posts"}],"about":[{"href":"https:\/\/cdnoticias.com\/index.php\/wp-json\/wp\/v2\/types\/post"}],"author":[{"embeddable":true,"href":"https:\/\/cdnoticias.com\/index.php\/wp-json\/wp\/v2\/users\/4"}],"replies":[{"embeddable":true,"href":"https:\/\/cdnoticias.com\/index.php\/wp-json\/wp\/v2\/comments?post=88050"}],"version-history":[{"count":0,"href":"https:\/\/cdnoticias.com\/index.php\/wp-json\/wp\/v2\/posts\/88050\/revisions"}],"wp:featuredmedia":[{"embeddable":true,"href":"https:\/\/cdnoticias.com\/index.php\/wp-json\/wp\/v2\/media\/88051"}],"wp:attachment":[{"href":"https:\/\/cdnoticias.com\/index.php\/wp-json\/wp\/v2\/media?parent=88050"}],"wp:term":[{"taxonomy":"category","embeddable":true,"href":"https:\/\/cdnoticias.com\/index.php\/wp-json\/wp\/v2\/categories?post=88050"},{"taxonomy":"post_tag","embeddable":true,"href":"https:\/\/cdnoticias.com\/index.php\/wp-json\/wp\/v2\/tags?post=88050"}],"curies":[{"name":"wp","href":"https:\/\/api.w.org\/{rel}","templated":true}]}}