{"id":88022,"date":"2023-06-18T09:30:04","date_gmt":"2023-06-18T12:30:04","guid":{"rendered":"https:\/\/www.centraldenoticias.com.ar\/?p=88022"},"modified":"2023-06-18T13:30:20","modified_gmt":"2023-06-18T16:30:20","slug":"la-casa-del-bicentenario-esta-renovada-y-vuelve-a-brillar","status":"publish","type":"post","link":"https:\/\/cdnoticias.com\/index.php\/2023\/06\/18\/la-casa-del-bicentenario-esta-renovada-y-vuelve-a-brillar\/","title":{"rendered":"&#8220;La Casa del Bicentenario est\u00e1 renovada y vuelve a brillar&#8221;"},"content":{"rendered":"<p>Lo dijo el intendente Ezequiel Galli en la reinauguraci\u00f3n de la Casa del Bicentenario. <!--more--><\/p>\n<hr \/>\n<p>En el anochecer de este s\u00e1bado, el <strong>intendente Ezequiel Galli encabez\u00f3 la reinauguraci\u00f3n de la Casa del Bicentenario,<\/strong> acompa\u00f1ado por funcionarios, concejales y vecinos.<\/p>\n<p>&nbsp;<\/p>\n<p>\u201cEstamos muy contentos de reinaugurar esta Casa del Bicentenario, que es la casa de todos los vecinos de Olavarr\u00eda. Reci\u00e9n estaba con la familia St\u00e1bile y me dec\u00eda que su padre Jos\u00e9 Antonio St\u00e1bile y Luis Alonso fueron parte de la construcci\u00f3n de esta casa\u201d, sostuvo el Intendente.<\/p>\n<p>&nbsp;<\/p>\n<p><em>\u201cUna casa que alberga cultura, una casa por la cual pasan muchos artistas y en la cual tenemos muchas actividades culturales que tienen que ver con la educaci\u00f3n. Siempre hablamos de la educaci\u00f3n como herramienta de transformaci\u00f3n social y de la cultura como herramienta de transformaci\u00f3n social\u201d,<\/em> asegur\u00f3.<\/p>\n<p>&nbsp;<\/p>\n<p><img data-recalc-dims=\"1\" loading=\"lazy\" decoding=\"async\" class=\"aligncenter wp-image-88023 size-full\" src=\"https:\/\/i0.wp.com\/cdnoticias.com\/wp-content\/uploads\/2023\/06\/Obras-Casa-Bicentenario-1-scaled-1.jpg?resize=800%2C535&#038;ssl=1\" alt=\"\" width=\"800\" height=\"535\" srcset=\"https:\/\/i0.wp.com\/cdnoticias.com\/wp-content\/uploads\/2023\/06\/Obras-Casa-Bicentenario-1-scaled-1.jpg?w=2560&amp;ssl=1 2560w, https:\/\/i0.wp.com\/cdnoticias.com\/wp-content\/uploads\/2023\/06\/Obras-Casa-Bicentenario-1-scaled-1.jpg?resize=300%2C201&amp;ssl=1 300w, https:\/\/i0.wp.com\/cdnoticias.com\/wp-content\/uploads\/2023\/06\/Obras-Casa-Bicentenario-1-scaled-1.jpg?resize=1024%2C684&amp;ssl=1 1024w, https:\/\/i0.wp.com\/cdnoticias.com\/wp-content\/uploads\/2023\/06\/Obras-Casa-Bicentenario-1-scaled-1.jpg?resize=768%2C513&amp;ssl=1 768w, https:\/\/i0.wp.com\/cdnoticias.com\/wp-content\/uploads\/2023\/06\/Obras-Casa-Bicentenario-1-scaled-1.jpg?resize=1536%2C1027&amp;ssl=1 1536w, https:\/\/i0.wp.com\/cdnoticias.com\/wp-content\/uploads\/2023\/06\/Obras-Casa-Bicentenario-1-scaled-1.jpg?resize=2048%2C1369&amp;ssl=1 2048w, https:\/\/i0.wp.com\/cdnoticias.com\/wp-content\/uploads\/2023\/06\/Obras-Casa-Bicentenario-1-scaled-1.jpg?resize=272%2C182&amp;ssl=1 272w, https:\/\/i0.wp.com\/cdnoticias.com\/wp-content\/uploads\/2023\/06\/Obras-Casa-Bicentenario-1-scaled-1.jpg?w=1600&amp;ssl=1 1600w, https:\/\/i0.wp.com\/cdnoticias.com\/wp-content\/uploads\/2023\/06\/Obras-Casa-Bicentenario-1-scaled-1.jpg?w=2400&amp;ssl=1 2400w\" sizes=\"auto, (max-width: 800px) 100vw, 800px\" \/><\/p>\n<p>&nbsp;<\/p>\n<p>Asimismo reconoci\u00f3 que \u201c<strong>esta Casa ten\u00eda muchas falencias por el paso del tiempo<\/strong> y fue una Casa que en la d\u00e9cada del \u201950 supo ser la Casa del Balneario Municipal y hoy estamos remodel\u00e1ndola, estamos reinaugurando una gran obra que empez\u00f3 por el techo y despu\u00e9s pudimos hacer el resto. Una obra que fue realizada por dos empresas y que hoy tenemos el placer de estar reinaugurando\u201d.<\/p>\n<p>&nbsp;<\/p>\n<p><em><strong>\u201cCon mucha alegr\u00eda quiero decirles que la Casa del Bicentenario est\u00e1 renovada, vuelve a brillar y estar iluminada como supo estar hace unos a\u00f1os y vuelve a llenarse de cultura\u201d,<\/strong><\/em> concluy\u00f3.<\/p>\n<p>&nbsp;<\/p>\n<p>El cierre estuvo a cargo de la banda Lima Lim\u00f3n, que realiz\u00f3 un repertorio de canciones.<\/p>\n<p>&nbsp;<\/p>\n<p><strong>La obra en detalle<\/strong><\/p>\n<p>&nbsp;<\/p>\n<p>A trav\u00e9s del proyecto \u201cCasa de la Historia y la Cultura del Bicentenario, se recobr\u00f3 el edificio para actividades culturales. Se repararon los techos, colocando membranas en 200 m2 para prevenir filtraciones y los desag\u00fces. Se repar\u00f3 el ba\u00f1o para personas con discapacidad, para su correcto funcionamiento, cambiando los artefactos rotos y sueltos. Se abasteci\u00f3 de agua al sector de ba\u00f1os de oficinas y pileta del taller, tambi\u00e9n de agua fr\u00eda a los ba\u00f1os de damas y caballeros, corrigiendo un defecto del pasado, quedando en pleno funcionamiento.<\/p>\n<p>&nbsp;<\/p>\n<p>Se repararon cielorrasos deteriorados por filtraciones, que fue luego pintado, como tambi\u00e9n las paredes del hall de acceso, ba\u00f1os p\u00fablicos y sector de escalera. Se coloc\u00f3 una bomba centr\u00edfuga en el exterior y se realiz\u00f3 un muro de mamposter\u00eda y revoques para contenerla.<\/p>\n<p>&nbsp;<\/p>\n<p><img data-recalc-dims=\"1\" loading=\"lazy\" decoding=\"async\" class=\"alignnone size-full wp-image-88025\" src=\"https:\/\/i0.wp.com\/cdnoticias.com\/wp-content\/uploads\/2023\/06\/Obras-Casa-Bicentenario-3-scaled-1.jpg?resize=800%2C535&#038;ssl=1\" alt=\"\" width=\"800\" height=\"535\" srcset=\"https:\/\/i0.wp.com\/cdnoticias.com\/wp-content\/uploads\/2023\/06\/Obras-Casa-Bicentenario-3-scaled-1.jpg?w=2560&amp;ssl=1 2560w, https:\/\/i0.wp.com\/cdnoticias.com\/wp-content\/uploads\/2023\/06\/Obras-Casa-Bicentenario-3-scaled-1.jpg?resize=300%2C201&amp;ssl=1 300w, https:\/\/i0.wp.com\/cdnoticias.com\/wp-content\/uploads\/2023\/06\/Obras-Casa-Bicentenario-3-scaled-1.jpg?resize=1024%2C684&amp;ssl=1 1024w, https:\/\/i0.wp.com\/cdnoticias.com\/wp-content\/uploads\/2023\/06\/Obras-Casa-Bicentenario-3-scaled-1.jpg?resize=768%2C513&amp;ssl=1 768w, https:\/\/i0.wp.com\/cdnoticias.com\/wp-content\/uploads\/2023\/06\/Obras-Casa-Bicentenario-3-scaled-1.jpg?resize=1536%2C1027&amp;ssl=1 1536w, https:\/\/i0.wp.com\/cdnoticias.com\/wp-content\/uploads\/2023\/06\/Obras-Casa-Bicentenario-3-scaled-1.jpg?resize=2048%2C1369&amp;ssl=1 2048w, https:\/\/i0.wp.com\/cdnoticias.com\/wp-content\/uploads\/2023\/06\/Obras-Casa-Bicentenario-3-scaled-1.jpg?resize=272%2C182&amp;ssl=1 272w, https:\/\/i0.wp.com\/cdnoticias.com\/wp-content\/uploads\/2023\/06\/Obras-Casa-Bicentenario-3-scaled-1.jpg?w=1600&amp;ssl=1 1600w, https:\/\/i0.wp.com\/cdnoticias.com\/wp-content\/uploads\/2023\/06\/Obras-Casa-Bicentenario-3-scaled-1.jpg?w=2400&amp;ssl=1 2400w\" sizes=\"auto, (max-width: 800px) 100vw, 800px\" \/><\/p>\n<p>&nbsp;<\/p>\n<p>Tambi\u00e9n se repar\u00f3 el equipo de calefacci\u00f3n por fallas en el encendido y se realiz\u00f3 la correspondiente tarea de mantenimiento. Se reemplazaron dos puertas de chapa en el sector de camarines por puertas nuevas de aluminio y se realizaron trabajos de instalaci\u00f3n el\u00e9ctrica.<\/p>\n<p>&nbsp;<\/p>\n<p>En el exterior, se construyeron 430 m2 de veredas perimetrales y parquizaci\u00f3n del sector, como tambi\u00e9n la pintura del exterior del edificio (1000 m2, previo hidrolavado), con reparaci\u00f3n de muros y todas las carpinter\u00edas.<\/p>\n","protected":false},"excerpt":{"rendered":"<p>Lo dijo el intendente Ezequiel Galli en la reinauguraci\u00f3n de la Casa del Bicentenario.<\/p>\n","protected":false},"author":6,"featured_media":88024,"comment_status":"closed","ping_status":"closed","sticky":false,"template":"","format":"standard","meta":{"_jetpack_memberships_contains_paid_content":false,"footnotes":""},"categories":[5,1],"tags":[],"class_list":["post-88022","post","type-post","status-publish","format-standard","has-post-thumbnail","hentry","category-informacion-general","category-portada"],"jetpack_featured_media_url":"https:\/\/i0.wp.com\/cdnoticias.com\/wp-content\/uploads\/2023\/06\/Obras-Casa-Bicentenario-2-scaled-1.jpg?fit=2560%2C1711&ssl=1","jetpack_sharing_enabled":true,"_links":{"self":[{"href":"https:\/\/cdnoticias.com\/index.php\/wp-json\/wp\/v2\/posts\/88022","targetHints":{"allow":["GET"]}}],"collection":[{"href":"https:\/\/cdnoticias.com\/index.php\/wp-json\/wp\/v2\/posts"}],"about":[{"href":"https:\/\/cdnoticias.com\/index.php\/wp-json\/wp\/v2\/types\/post"}],"author":[{"embeddable":true,"href":"https:\/\/cdnoticias.com\/index.php\/wp-json\/wp\/v2\/users\/6"}],"replies":[{"embeddable":true,"href":"https:\/\/cdnoticias.com\/index.php\/wp-json\/wp\/v2\/comments?post=88022"}],"version-history":[{"count":0,"href":"https:\/\/cdnoticias.com\/index.php\/wp-json\/wp\/v2\/posts\/88022\/revisions"}],"wp:featuredmedia":[{"embeddable":true,"href":"https:\/\/cdnoticias.com\/index.php\/wp-json\/wp\/v2\/media\/88024"}],"wp:attachment":[{"href":"https:\/\/cdnoticias.com\/index.php\/wp-json\/wp\/v2\/media?parent=88022"}],"wp:term":[{"taxonomy":"category","embeddable":true,"href":"https:\/\/cdnoticias.com\/index.php\/wp-json\/wp\/v2\/categories?post=88022"},{"taxonomy":"post_tag","embeddable":true,"href":"https:\/\/cdnoticias.com\/index.php\/wp-json\/wp\/v2\/tags?post=88022"}],"curies":[{"name":"wp","href":"https:\/\/api.w.org\/{rel}","templated":true}]}}