{"id":88002,"date":"2023-06-18T17:46:07","date_gmt":"2023-06-18T20:46:07","guid":{"rendered":"https:\/\/www.centraldenoticias.com.ar\/?p=88002"},"modified":"2023-06-18T17:46:07","modified_gmt":"2023-06-18T20:46:07","slug":"vergel-participo-de-un-simulacro-de-elecciones-en-el-colegio-estrada","status":"publish","type":"post","link":"https:\/\/cdnoticias.com\/index.php\/2023\/06\/18\/vergel-participo-de-un-simulacro-de-elecciones-en-el-colegio-estrada\/","title":{"rendered":"Vergel particip\u00f3 de un simulacro de elecciones en el Colegio Estrada"},"content":{"rendered":"<p>Fue en la ma\u00f1ana de este viernes, donde participaron estudiantes y docentes. Tambi\u00e9n brind\u00f3 una charla al respecto.<!--more--><\/p>\n<hr \/>\n<p>La concejal y presidenta de la Uni\u00f3n C\u00edvica Radical de Olavarr\u00eda,<strong> Bel\u00e9n Vergel, particip\u00f3 de un simulacro de elecciones<\/strong> en el Colegio Estrada.\u00a0 La jornada se llev\u00f3 a cabo en la ma\u00f1ana de este viernes donde participaron estudiantes del nivel primario y su equipo docente.<\/p>\n<p>&nbsp;<\/p>\n<p>El objetivo de la actividad fue que los alumnos y alumnas puedan vivenciar <strong>c\u00f3mo es el proceso de votar<\/strong>. Adem\u00e1s, la edil tambi\u00e9n brind\u00f3 una charla al respecto a trav\u00e9s de la cual cont\u00f3 su experiencia dentro del mundo de la pol\u00edtica y como concejal.<\/p>\n<p>&nbsp;<\/p>\n<blockquote><p>En este sentido, manifest\u00f3 que &#8220;fue una experiencia muy linda, donde se puso en valor la democracia y las herramientas con las que contamos mediante ella. Recibimos una muy buena respuesta de parte de todos los estudiantes y del equipo docente&#8221;.<\/p><\/blockquote>\n<p>&nbsp;<\/p>\n<p>Por \u00faltimo, se\u00f1al\u00f3 que &#8220;no es la primera vez que participamos y llevamos a cabo este tipo de actividades tan fundamentales. Es muy importante que las instituciones educativas desarrollen estas propuestas&#8221;.<\/p>\n","protected":false},"excerpt":{"rendered":"<p>Fue en la ma\u00f1ana de este viernes, donde participaron estudiantes y docentes. Tambi\u00e9n brind\u00f3 una charla al respecto.<\/p>\n","protected":false},"author":6,"featured_media":88013,"comment_status":"closed","ping_status":"closed","sticky":false,"template":"","format":"standard","meta":{"_jetpack_memberships_contains_paid_content":false,"footnotes":""},"categories":[4,1],"tags":[],"class_list":["post-88002","post","type-post","status-publish","format-standard","has-post-thumbnail","hentry","category-politica","category-portada"],"jetpack_featured_media_url":"https:\/\/i0.wp.com\/cdnoticias.com\/wp-content\/uploads\/2023\/06\/WhatsApp-Image-2023-06-17-at-19.50.27.jpeg?fit=720%2C466&ssl=1","jetpack_sharing_enabled":true,"_links":{"self":[{"href":"https:\/\/cdnoticias.com\/index.php\/wp-json\/wp\/v2\/posts\/88002","targetHints":{"allow":["GET"]}}],"collection":[{"href":"https:\/\/cdnoticias.com\/index.php\/wp-json\/wp\/v2\/posts"}],"about":[{"href":"https:\/\/cdnoticias.com\/index.php\/wp-json\/wp\/v2\/types\/post"}],"author":[{"embeddable":true,"href":"https:\/\/cdnoticias.com\/index.php\/wp-json\/wp\/v2\/users\/6"}],"replies":[{"embeddable":true,"href":"https:\/\/cdnoticias.com\/index.php\/wp-json\/wp\/v2\/comments?post=88002"}],"version-history":[{"count":0,"href":"https:\/\/cdnoticias.com\/index.php\/wp-json\/wp\/v2\/posts\/88002\/revisions"}],"wp:featuredmedia":[{"embeddable":true,"href":"https:\/\/cdnoticias.com\/index.php\/wp-json\/wp\/v2\/media\/88013"}],"wp:attachment":[{"href":"https:\/\/cdnoticias.com\/index.php\/wp-json\/wp\/v2\/media?parent=88002"}],"wp:term":[{"taxonomy":"category","embeddable":true,"href":"https:\/\/cdnoticias.com\/index.php\/wp-json\/wp\/v2\/categories?post=88002"},{"taxonomy":"post_tag","embeddable":true,"href":"https:\/\/cdnoticias.com\/index.php\/wp-json\/wp\/v2\/tags?post=88002"}],"curies":[{"name":"wp","href":"https:\/\/api.w.org\/{rel}","templated":true}]}}