{"id":87972,"date":"2023-06-17T11:26:50","date_gmt":"2023-06-17T14:26:50","guid":{"rendered":"https:\/\/www.centraldenoticias.com.ar\/?p=87972"},"modified":"2023-06-17T15:10:57","modified_gmt":"2023-06-17T18:10:57","slug":"martin-endere-la-vocacion-de-consenso-siempre-esta","status":"publish","type":"post","link":"https:\/\/cdnoticias.com\/index.php\/2023\/06\/17\/martin-endere-la-vocacion-de-consenso-siempre-esta\/","title":{"rendered":"Mart\u00edn Endere: \u201cla vocaci\u00f3n de consenso siempre est\u00e1\u201d"},"content":{"rendered":"<p>El concejal de Juntos habl\u00f3 con Central de Noticias sobre los proyectos en tratamiento y el intenso trabajo legislativo. Confirm\u00f3 que avanzan con una ordenanza de plusval\u00eda de terrenos y realiz\u00f3 un balance sobre su gesti\u00f3n a cargo del Instituto Rep\u00fablica. <!--more--><\/p>\n<hr \/>\n<p>En un a\u00f1o particular por las elecciones, pero tambi\u00e9n por los importantes proyectos que se debaten en el Concejo Deliberante,<strong> el concejal Mart\u00edn Endere (Juntos) dialog\u00f3 con Central de Noticias sobre la primera parte del a\u00f1o legislativo, el trabajo en comisiones y su labor como responsable del Instituto Rep\u00fablica, con resonancia no s\u00f3lo en Olavarr\u00eda sino tambi\u00e9n en la Secci\u00f3n.<\/strong><\/p>\n<p>&nbsp;<\/p>\n<p>Siempre catalogado como un dirigente que busca consensos en los espacios que conforman el Concejo Deliberante<strong>, Endere destac\u00f3 que el debate pol\u00edtico destaca \u201cm\u00e1s de lo habitual\u201d dentro del HCD \u201cal ser un a\u00f1o de elecciones\u201d.<\/strong><\/p>\n<p>&nbsp;<\/p>\n<p><img data-recalc-dims=\"1\" loading=\"lazy\" decoding=\"async\" class=\"alignnone size-large wp-image-87976\" src=\"https:\/\/i0.wp.com\/cdnoticias.com\/wp-content\/uploads\/2023\/06\/endere3.jpg?resize=800%2C480&#038;ssl=1\" alt=\"\" width=\"800\" height=\"480\" srcset=\"https:\/\/i0.wp.com\/cdnoticias.com\/wp-content\/uploads\/2023\/06\/endere3.jpg?resize=1024%2C615&amp;ssl=1 1024w, https:\/\/i0.wp.com\/cdnoticias.com\/wp-content\/uploads\/2023\/06\/endere3.jpg?resize=300%2C180&amp;ssl=1 300w, https:\/\/i0.wp.com\/cdnoticias.com\/wp-content\/uploads\/2023\/06\/endere3.jpg?resize=768%2C461&amp;ssl=1 768w, https:\/\/i0.wp.com\/cdnoticias.com\/wp-content\/uploads\/2023\/06\/endere3.jpg?w=1474&amp;ssl=1 1474w\" sizes=\"auto, (max-width: 800px) 100vw, 800px\" \/><\/p>\n<p>&nbsp;<\/p>\n<p>Como ejemplo, puso<em> \u201cla Rendici\u00f3n de Cuentas. Con un 2022 con cuentas ordenadas, una situaci\u00f3n financieramente sana, una inversi\u00f3n en capital de las m\u00e1s altas de la gesti\u00f3n, con un ahorro corriente tambi\u00e9n casi r\u00e9cord, el debate pol\u00edtico se iba si hab\u00eda o no d\u00e9ficit cuando claramente los 20 concejales sabemos que eso no es as\u00ed. <strong>Con esto te quiero decir que me parece que va a marcar el a\u00f1o eleccionario tambi\u00e9n el debate pol\u00edtico y se va a perder cierta objetividad de los temas<\/strong>\u201d.<\/em><\/p>\n<p>&nbsp;<\/p>\n<p>Justamente, resalt\u00f3 el <strong>trabajo en comisiones<em> \u201cdonde realmente uno puede generar la mayor cantidad de consensos y la charla se vuelve un poco m\u00e1s amena. La verdad es que ah\u00ed lo que estamos los 20 concejales de acuerdo\u201d<\/em><\/strong> y destac\u00f3 como uno de los principales<em> \u201cla cantidad de donaciones que el Municipio impulsa que son producto de gestiones anteriores pero tambi\u00e9n de un trabajo que se encar\u00f3 en la vocaci\u00f3n de adquirir profesionales, de equipo, de poder hacer planos,<strong> eso termina plasm\u00e1ndose en donaciones que el fin del camino es una Escritura y que es una buena noticia para los vecinos<\/strong> y en eso tengo que decir que los 20 concejales traccionamos en ese sentido\u201d.<\/em><\/p>\n<p>&nbsp;<\/p>\n<p>Anticip\u00f3, en este sentido, que <strong>uno de los expedientes que se discutir\u00e1 en la pr\u00f3xima sesi\u00f3n es la aplicaci\u00f3n de plusval\u00eda<\/strong> <em>\u201cque para explicarlo muy sencillo es cuando un particular realiza un loteo en una zona que no era suburbana, eso genera que una cierta cantidad de esos lotes vayan al Banco de Tierras municipal. Si bien exist\u00eda la Ordenanza se hizo una modificaci\u00f3n y ah\u00ed estuvimos de acuerdo tambi\u00e9n todos los concejales en avanzar\u201d.<\/em><\/p>\n<p>&nbsp;<\/p>\n<p>Otra normativa es<em> \u201cla regularizaci\u00f3n de deudas por derechos de construcci\u00f3n. Es una suerte de moratoria. \u00bfQu\u00e9 te quiero decir con esto? Que, si bien hay debates que sabemos que van a ser pol\u00edticos, hay ordenanzas que se trabajan, que tenemos un ida y vuelta\u201d y sum\u00f3 \u201cuna Ordenanza que pidi\u00f3 el ejecutivo sobre habilitaciones, hay un sinf\u00edn de cuestiones que se trabajan en la semana\u201d.<\/em> Ya en la sesi\u00f3n<em><strong> \u201ces donde se produce m\u00e1s la discusi\u00f3n pol\u00edtica y muchas de esas ordenanzas que tienen meses o semanas de trabajo se votan muy r\u00e1pido porque ya el debate qued\u00f3 agotado en lo que es el trabajo de comisiones\u201d.<\/strong><\/em><\/p>\n<p>&nbsp;<\/p>\n<h3><span style=\"text-decoration: underline;\"><strong>Balance y nuevos temas<\/strong><\/span><\/h3>\n<p>&nbsp;<\/p>\n<p><img data-recalc-dims=\"1\" loading=\"lazy\" decoding=\"async\" class=\"alignnone size-full wp-image-67086\" src=\"https:\/\/i0.wp.com\/cdnoticias.com\/wp-content\/uploads\/2022\/10\/HCD-martin-endere.jpg?resize=800%2C445&#038;ssl=1\" alt=\"\" width=\"800\" height=\"445\" srcset=\"https:\/\/i0.wp.com\/cdnoticias.com\/wp-content\/uploads\/2022\/10\/HCD-martin-endere.jpg?w=800&amp;ssl=1 800w, https:\/\/i0.wp.com\/cdnoticias.com\/wp-content\/uploads\/2022\/10\/HCD-martin-endere.jpg?resize=300%2C167&amp;ssl=1 300w, https:\/\/i0.wp.com\/cdnoticias.com\/wp-content\/uploads\/2022\/10\/HCD-martin-endere.jpg?resize=768%2C427&amp;ssl=1 768w\" sizes=\"auto, (max-width: 800px) 100vw, 800px\" \/><\/p>\n<p>&nbsp;<\/p>\n<p>En un <strong>primer balance sobre su mandato en el HCD<\/strong> \u2013en diciembre finaliza su primera gesti\u00f3n dentro del \u00e1mbito deliberativo- Endere marc\u00f3 con claridad la divisi\u00f3n de los cuatro a\u00f1os dado que tras asumir en 2019<em> \u201cestuvo cortado por una pandemia que hizo que que tengamos que tomar otras funciones, que aparezca la virtualidad, hemos tenido comisiones virtuales, se ha modificado el reglamento para incorporar las sesiones virtuales que fue uno de los primeros HCD de la provincia que adopt\u00f3 esa modalidad\u201d.<\/em><\/p>\n<p>&nbsp;<\/p>\n<p>Pero m\u00e1s all\u00e1 de la virtualidad<em> \u201ctuvimos tambi\u00e9n una agenda marcada por cuestiones de G\u00e9nero, de Medio Ambiente y eso tambi\u00e9n lo hemos plasmado en distintas Ordenanzas que han salido\u201d<\/em> a lo que se\u00f1al\u00f3 como ejemplo <strong><em>\u201cuna ordenanza de movilidad sustentable. Recientemente fue una Ordenanza muy importante que tambi\u00e9n fue impulsada por el Ejecutivo, por nuestro bloque, que declara como Reserva Natural el Cerro Largo. Es decir, cuando uno se pone a repasar hay un mont\u00f3n de trabajo legislativo\u201d.<\/em><\/strong><\/p>\n<p>&nbsp;<\/p>\n<p>El trabajo, claro est\u00e1, se ve marcado<strong><em> \u201cpor situaciones donde el consenso es m\u00e1s sencillo y otros m\u00e1s complejo. En general las situaciones macro nos condicionan a todos y hace que sea m\u00e1s complejo. Personalmente, la vocaci\u00f3n de consenso siempre est\u00e1\u201d<\/em> <\/strong>insisti\u00f3.<\/p>\n<p>&nbsp;<\/p>\n<h3><span style=\"text-decoration: underline;\"><strong>El Instituto Rep\u00fablica y \u201csociabilizar el conocimiento\u201d<\/strong><\/span><\/h3>\n<p>&nbsp;<\/p>\n<p><img data-recalc-dims=\"1\" loading=\"lazy\" decoding=\"async\" class=\"alignnone size-large wp-image-64462\" src=\"https:\/\/i0.wp.com\/cdnoticias.com\/wp-content\/uploads\/2022\/09\/endere-instituto-republica-2.jpg?resize=800%2C480&#038;ssl=1\" alt=\"\" width=\"800\" height=\"480\" srcset=\"https:\/\/i0.wp.com\/cdnoticias.com\/wp-content\/uploads\/2022\/09\/endere-instituto-republica-2-scaled.jpg?resize=1024%2C614&amp;ssl=1 1024w, https:\/\/i0.wp.com\/cdnoticias.com\/wp-content\/uploads\/2022\/09\/endere-instituto-republica-2-scaled.jpg?resize=300%2C180&amp;ssl=1 300w, https:\/\/i0.wp.com\/cdnoticias.com\/wp-content\/uploads\/2022\/09\/endere-instituto-republica-2-scaled.jpg?resize=768%2C461&amp;ssl=1 768w, https:\/\/i0.wp.com\/cdnoticias.com\/wp-content\/uploads\/2022\/09\/endere-instituto-republica-2-scaled.jpg?resize=1536%2C922&amp;ssl=1 1536w, https:\/\/i0.wp.com\/cdnoticias.com\/wp-content\/uploads\/2022\/09\/endere-instituto-republica-2-scaled.jpg?resize=2048%2C1229&amp;ssl=1 2048w, https:\/\/i0.wp.com\/cdnoticias.com\/wp-content\/uploads\/2022\/09\/endere-instituto-republica-2-scaled.jpg?w=1600&amp;ssl=1 1600w, https:\/\/i0.wp.com\/cdnoticias.com\/wp-content\/uploads\/2022\/09\/endere-instituto-republica-2-scaled.jpg?w=2400&amp;ssl=1 2400w\" sizes=\"auto, (max-width: 800px) 100vw, 800px\" \/><\/p>\n<p>&nbsp;<\/p>\n<p><strong>En septiembre de 2022 se inaugur\u00f3 en Olavarr\u00eda la sede del Instituto Rep\u00fablica<\/strong>, lugar para capacitarse y mantener debates sobre temas de coyuntura pero tambi\u00e9n en el marco de la formaci\u00f3n de dirigentes pol\u00edticos.<\/p>\n<p>&nbsp;<\/p>\n<p>El concejal Endere, a cargo de la direcci\u00f3n del Instituto, valor\u00f3 <em>\u201cel voto de confianza de Ezequiel (Galli) y del equipo de gesti\u00f3n y lo tomo con la responsabilidad de tratar de llevar adelante la tarea lo mejor posible\u201d.<\/em><\/p>\n<p>&nbsp;<\/p>\n<blockquote><p>Estoy convencido que no es tiempo de improvisaci\u00f3n y me parece que quien quiera o pretenda ocupar un cargo pol\u00edtico, de funcionario, debe formarse y el Instituto Rep\u00fablica se presenta como una herramienta en ese sentido\u201d.<\/p><\/blockquote>\n<p>&nbsp;<\/p>\n<p>En la misma l\u00ednea, agreg\u00f3 que <strong><em>\u201cse conforma de charlas que las dan los profesionales, distintos profesionales de que pueden ser de la Salud, Econom\u00eda, hemos utilizado la modalidad virtual tambi\u00e9n para hacer capacitaciones a cargo de funcionarios del Ejecutivo y la verdad que es una manera de sociabilizar el conocimiento. Nadie va a bajar la l\u00ednea y nadie tiene la verdad revelada, sino que va a compartir sus conocimientos y se da un ida y vuelta interesante\u201d.<\/em><\/strong><\/p>\n<p>&nbsp;<\/p>\n<p><img data-recalc-dims=\"1\" loading=\"lazy\" decoding=\"async\" class=\"alignnone size-large wp-image-87974\" src=\"https:\/\/i0.wp.com\/cdnoticias.com\/wp-content\/uploads\/2023\/06\/endere1.jpg?resize=800%2C480&#038;ssl=1\" alt=\"\" width=\"800\" height=\"480\" srcset=\"https:\/\/i0.wp.com\/cdnoticias.com\/wp-content\/uploads\/2023\/06\/endere1.jpg?resize=1024%2C614&amp;ssl=1 1024w, https:\/\/i0.wp.com\/cdnoticias.com\/wp-content\/uploads\/2023\/06\/endere1.jpg?resize=300%2C180&amp;ssl=1 300w, https:\/\/i0.wp.com\/cdnoticias.com\/wp-content\/uploads\/2023\/06\/endere1.jpg?resize=768%2C461&amp;ssl=1 768w, https:\/\/i0.wp.com\/cdnoticias.com\/wp-content\/uploads\/2023\/06\/endere1.jpg?resize=1536%2C921&amp;ssl=1 1536w, https:\/\/i0.wp.com\/cdnoticias.com\/wp-content\/uploads\/2023\/06\/endere1.jpg?w=1599&amp;ssl=1 1599w\" sizes=\"auto, (max-width: 800px) 100vw, 800px\" \/><\/p>\n<p>&nbsp;<\/p>\n<p>Repas\u00f3, en este sentido, charlas en Azul sobre \u201cSalud\u201d a cargo de una funcionaria del Gobierno de la Ciudad, sumado a <em>\u201cuna capacitaci\u00f3n muy interesante con una radiograf\u00eda en la provincia de Buenos Aires que la hicimos en la Casa del Deporte y este jueves tuvimos otra que tiene que ver con lo educativo y los Consejos Escolares a cargo de Marcelo Di Mario que fue un responsable del Consejo Escolar de la provincia de Buenos Aires\u201d.<\/em><\/p>\n<p>&nbsp;<\/p>\n<blockquote><p>La realidad es que es una herramienta que busca que las reuniones tengan una finalidad, que quien presencie una reuni\u00f3n se lleve aunque sea una inquietud\u201d.<\/p><\/blockquote>\n<p>&nbsp;<\/p>\n<p>Destac\u00f3 que<strong> hay una gran demanda de informaci\u00f3n de la dirigencia e incluso militantes y vecinos<\/strong>, que adem\u00e1s requiere atenci\u00f3n en tiempos <em>\u201cdonde estamos sobrepasados de informaci\u00f3n. Tenemos una din\u00e1mica informativa con el celular en la mano y eso genera tambi\u00e9n que una capacitaci\u00f3n que lleva un tiempo, que tiene un lugar, tenga una situaci\u00f3n que quiz\u00e1s hace un tiempo atr\u00e1s para nosotros era totalmente normal\u201d<\/em> aunque, sin embargo, la receptividad es muy buena. <strong><em>\u201cQuienes van hacen preguntas, se generan intercambios. La sociedad en general y los que buscan ocupar un cargo p\u00fablico est\u00e1n en la b\u00fasqueda del conocimiento independientemente de la fuerza pol\u00edtica\u201d.<\/em><\/strong><\/p>\n<p>&nbsp;<\/p>\n<p>Incluso, y para cerrar,<strong> se\u00f1alaron que se gener\u00f3 una red de demandas y consultas entre distritos que ayudan a pensar proyectos de gobierno<\/strong>: <em>\u201cest\u00e1 asociado a la necesidad de la comunidad, en el caso de 25 de Mayo recientemente fuimos con una capacitaci\u00f3n dado que all\u00ed tienen un grave problema de caminos rurales y fue el Director de Caminos Rurales de Olavarr\u00eda y el subsecretario de obras p\u00fablicas a explicar el modelo de Olavarr\u00eda\u201d.<\/em><\/p>\n<p>&nbsp;<\/p>\n<p><img data-recalc-dims=\"1\" loading=\"lazy\" decoding=\"async\" class=\"alignnone size-large wp-image-87973\" src=\"https:\/\/i0.wp.com\/cdnoticias.com\/wp-content\/uploads\/2023\/06\/endere.jpg?resize=800%2C480&#038;ssl=1\" alt=\"\" width=\"800\" height=\"480\" srcset=\"https:\/\/i0.wp.com\/cdnoticias.com\/wp-content\/uploads\/2023\/06\/endere.jpg?resize=1024%2C615&amp;ssl=1 1024w, https:\/\/i0.wp.com\/cdnoticias.com\/wp-content\/uploads\/2023\/06\/endere.jpg?resize=300%2C180&amp;ssl=1 300w, https:\/\/i0.wp.com\/cdnoticias.com\/wp-content\/uploads\/2023\/06\/endere.jpg?resize=768%2C461&amp;ssl=1 768w, https:\/\/i0.wp.com\/cdnoticias.com\/wp-content\/uploads\/2023\/06\/endere.jpg?resize=1536%2C922&amp;ssl=1 1536w, https:\/\/i0.wp.com\/cdnoticias.com\/wp-content\/uploads\/2023\/06\/endere.jpg?w=1599&amp;ssl=1 1599w\" sizes=\"auto, (max-width: 800px) 100vw, 800px\" \/><\/p>\n<p>&nbsp;<\/p>\n<p>Y adem\u00e1s el distrito de la S\u00e9ptima Secci\u00f3n Electora<strong><em>l \u201ctiene una situaci\u00f3n compleja en lo que tiene que ver con regularizaci\u00f3n dominial. Es decir, aportamos el conocimiento que tiene la gesti\u00f3n de Olavarr\u00eda ante una necesidad\u201d.<\/em><\/strong><\/p>\n<p>&nbsp;<\/p>\n<p>Para cerrar, <strong>anticip\u00f3 que el Instituto Rep\u00fablica ser\u00e1 sede de capacitaciones sobre sistema electoral y una fuente para fiscales<\/strong>. <em>\u201cLo electoral tambi\u00e9n hace que las capacitaciones vayan en l\u00ednea a lo que va a pasar\u201d<\/em> cerr\u00f3 el concejal, en un rol importante de cara a lo que viene en conocimiento electoral.<\/p>\n","protected":false},"excerpt":{"rendered":"<p>El concejal de Juntos habl\u00f3 con Central de Noticias sobre los proyectos en tratamiento y el intenso trabajo legislativo. Confirm\u00f3<\/p>\n","protected":false},"author":2,"featured_media":87975,"comment_status":"closed","ping_status":"closed","sticky":false,"template":"","format":"standard","meta":{"_jetpack_memberships_contains_paid_content":false,"footnotes":""},"categories":[4,1],"tags":[],"class_list":["post-87972","post","type-post","status-publish","format-standard","has-post-thumbnail","hentry","category-politica","category-portada"],"jetpack_featured_media_url":"https:\/\/i0.wp.com\/cdnoticias.com\/wp-content\/uploads\/2023\/06\/endere2.jpg?fit=1599%2C959&ssl=1","jetpack_sharing_enabled":true,"_links":{"self":[{"href":"https:\/\/cdnoticias.com\/index.php\/wp-json\/wp\/v2\/posts\/87972","targetHints":{"allow":["GET"]}}],"collection":[{"href":"https:\/\/cdnoticias.com\/index.php\/wp-json\/wp\/v2\/posts"}],"about":[{"href":"https:\/\/cdnoticias.com\/index.php\/wp-json\/wp\/v2\/types\/post"}],"author":[{"embeddable":true,"href":"https:\/\/cdnoticias.com\/index.php\/wp-json\/wp\/v2\/users\/2"}],"replies":[{"embeddable":true,"href":"https:\/\/cdnoticias.com\/index.php\/wp-json\/wp\/v2\/comments?post=87972"}],"version-history":[{"count":0,"href":"https:\/\/cdnoticias.com\/index.php\/wp-json\/wp\/v2\/posts\/87972\/revisions"}],"wp:featuredmedia":[{"embeddable":true,"href":"https:\/\/cdnoticias.com\/index.php\/wp-json\/wp\/v2\/media\/87975"}],"wp:attachment":[{"href":"https:\/\/cdnoticias.com\/index.php\/wp-json\/wp\/v2\/media?parent=87972"}],"wp:term":[{"taxonomy":"category","embeddable":true,"href":"https:\/\/cdnoticias.com\/index.php\/wp-json\/wp\/v2\/categories?post=87972"},{"taxonomy":"post_tag","embeddable":true,"href":"https:\/\/cdnoticias.com\/index.php\/wp-json\/wp\/v2\/tags?post=87972"}],"curies":[{"name":"wp","href":"https:\/\/api.w.org\/{rel}","templated":true}]}}