{"id":87967,"date":"2023-06-17T19:12:14","date_gmt":"2023-06-17T22:12:14","guid":{"rendered":"https:\/\/www.centraldenoticias.com.ar\/?p=87967"},"modified":"2023-06-17T19:12:14","modified_gmt":"2023-06-17T22:12:14","slug":"inscripcion-abierta-al-finestec-2023","status":"publish","type":"post","link":"https:\/\/cdnoticias.com\/index.php\/2023\/06\/17\/inscripcion-abierta-al-finestec-2023\/","title":{"rendered":"Inscripci\u00f3n abierta al FinEsTec 2023"},"content":{"rendered":"<p>La propuesta es para Terminalidad de Estudios Secundarios T\u00e9cnicos para mayores de 18 a\u00f1os. Las inscripciones permanecer\u00e1n abiertas hasta el 1\u00b0septiembre.<\/p>\n<p><!--more--><\/p>\n<hr \/>\n<p>La <strong>Modalidad de Adultos de la provincia de Buenos Aires<\/strong> en articulaci\u00f3n con <strong>Inspecci\u00f3n Educaci\u00f3n T\u00e9cnica Regi\u00f3n 25<\/strong> (Olavarr\u00eda &#8211; Azul &#8211; Bol\u00edvar &#8211; Tapalqu\u00e9) inform\u00f3 que se encuentra abierta la <strong>inscripci\u00f3n al FinEsTec 2023 para Terminalidad de Estudios Secundarios T\u00e9cnicos para mayores de 18 a\u00f1os<\/strong>.<\/p>\n<p>&nbsp;<\/p>\n<p>Las inscripciones permanecer\u00e1n abiertas <strong>hasta el 1\u00b0septiembre de 2023<\/strong>.<\/p>\n<p>&nbsp;<\/p>\n<p>Est\u00e1 destinado a estudiantes que cursaron sus estudios en una Escuela T\u00e9cnica y les hayan quedado <strong>materias pendientes para obtener el t\u00edtulo T\u00e9cnico de Nivel Secundario<\/strong>.<\/p>\n<p>&nbsp;<\/p>\n<p>El objetivo es asegurar el cumplimiento de los principios de equidad y calidad de la pol\u00edtica educativa de la Educaci\u00f3n T\u00e9cnica Profesional para j\u00f3venes, adultas y adultos.<\/p>\n<p>&nbsp;<\/p>\n<p>Los interesados pueden inscribirse <a href=\"https:\/\/docs.google.com\/forms\/d\/e\/1FAIpQLSei3cnT_bPpX99CUk3oiEjy0wv5v7GT46oLr2xsBDKNq0gzFg\/viewform\" target=\"_blank\" rel=\"noopener\">completando este formulario<\/a>.<\/p>\n<p>&nbsp;<\/p>\n<p>Las personas interesadas pueden obtener m\u00e1s informaci\u00f3n sobre los datos que se solicitan en el siguiente <a href=\"https:\/\/abc.gob.ar\/secretarias\/areas\/subsecretaria-de-educacion\/educacion-tecnico-profesional\/dir-de-ed-tecnica\/inscripciones\" target=\"_blank\" rel=\"noopener\">link del sitio ABC<\/a>.<\/p>\n<p>&nbsp;<\/p>\n<p>Para m\u00e1s informaci\u00f3n y\/o consultas se pueden comunicar v\u00eda<strong> WhatsApp al 2284-680238<\/strong>.<\/p>\n<p>&nbsp;<\/p>\n","protected":false},"excerpt":{"rendered":"<p>La propuesta es para Terminalidad de Estudios Secundarios T\u00e9cnicos para mayores de 18 a\u00f1os. Las inscripciones permanecer\u00e1n abiertas hasta el<\/p>\n","protected":false},"author":4,"featured_media":87968,"comment_status":"closed","ping_status":"closed","sticky":false,"template":"","format":"standard","meta":{"_jetpack_memberships_contains_paid_content":false,"footnotes":""},"categories":[5,1],"tags":[],"class_list":["post-87967","post","type-post","status-publish","format-standard","has-post-thumbnail","hentry","category-informacion-general","category-portada"],"jetpack_featured_media_url":"https:\/\/i0.wp.com\/cdnoticias.com\/wp-content\/uploads\/2023\/06\/finestec2023.jpg?fit=800%2C445&ssl=1","jetpack_sharing_enabled":true,"_links":{"self":[{"href":"https:\/\/cdnoticias.com\/index.php\/wp-json\/wp\/v2\/posts\/87967","targetHints":{"allow":["GET"]}}],"collection":[{"href":"https:\/\/cdnoticias.com\/index.php\/wp-json\/wp\/v2\/posts"}],"about":[{"href":"https:\/\/cdnoticias.com\/index.php\/wp-json\/wp\/v2\/types\/post"}],"author":[{"embeddable":true,"href":"https:\/\/cdnoticias.com\/index.php\/wp-json\/wp\/v2\/users\/4"}],"replies":[{"embeddable":true,"href":"https:\/\/cdnoticias.com\/index.php\/wp-json\/wp\/v2\/comments?post=87967"}],"version-history":[{"count":0,"href":"https:\/\/cdnoticias.com\/index.php\/wp-json\/wp\/v2\/posts\/87967\/revisions"}],"wp:featuredmedia":[{"embeddable":true,"href":"https:\/\/cdnoticias.com\/index.php\/wp-json\/wp\/v2\/media\/87968"}],"wp:attachment":[{"href":"https:\/\/cdnoticias.com\/index.php\/wp-json\/wp\/v2\/media?parent=87967"}],"wp:term":[{"taxonomy":"category","embeddable":true,"href":"https:\/\/cdnoticias.com\/index.php\/wp-json\/wp\/v2\/categories?post=87967"},{"taxonomy":"post_tag","embeddable":true,"href":"https:\/\/cdnoticias.com\/index.php\/wp-json\/wp\/v2\/tags?post=87967"}],"curies":[{"name":"wp","href":"https:\/\/api.w.org\/{rel}","templated":true}]}}