{"id":87943,"date":"2023-06-16T21:49:06","date_gmt":"2023-06-17T00:49:06","guid":{"rendered":"https:\/\/www.centraldenoticias.com.ar\/?p=87943"},"modified":"2023-06-16T21:49:06","modified_gmt":"2023-06-17T00:49:06","slug":"licencias-apocrifas-unidad-por-la-patria-acuso-de-falso-testimonio-al-taxista-que-los-implicaba","status":"publish","type":"post","link":"https:\/\/cdnoticias.com\/index.php\/2023\/06\/16\/licencias-apocrifas-unidad-por-la-patria-acuso-de-falso-testimonio-al-taxista-que-los-implicaba\/","title":{"rendered":"Licencias ap\u00f3crifas: Unidad por la Patria acus\u00f3 de \u201cfalso testimonio\u201d al taxista que los implicaba"},"content":{"rendered":"<p>Desmintieron, as\u00ed, a Hilario Galli, quien los implic\u00f3 con el testimonio que el taxista dio a la Justicia. C\u00e9sar Valicenti pidi\u00f3 que se retracte y se\u00f1alaron contar con un audio del encuentro en el Ateneo N\u00e9stor Kirchner que respalda la versi\u00f3n. <!--more--><\/p>\n<hr \/>\n<p>Luego de <a href=\"https:\/\/cdnoticias.com\/index.php\/2023\/06\/16\/licencias-apocrifas-denuncias-mails-anonimos-y-acusacion-de-causa-armada\/\" target=\"_blank\" rel=\"noopener\">denuncias por la venta de licencias ap\u00f3crifas y que un taxista implicara a tres integrantes de \u201cLa C\u00e1mpora\u201d por intentar modificar su testimonio a cambio de dinero<\/a>, una gran presencia del ahora<strong> Frente \u201cUnidad por la Patria\u201d desminti\u00f3 los dichos, realizaron una denuncia por falso testimonio al taxista en la Justicia, y cargaron duramente contra Hilario Galli, quien acus\u00f3 de \u201carmar la causa\u201d y de \u201coperar y mentir\u201d para perjudicar a funcionarios de la comuna.<\/strong><\/p>\n<p>&nbsp;<\/p>\n<p>Encabezados por el<strong> diputado provincial C\u00e9sar Valicenti, la concejal Mercedes Land\u00edvar, el subsecretario de Miner\u00eda Federico Aguilera y la responsable legal del Frente local, Daiana Tolosa<\/strong>, explicaron su versi\u00f3n de los hechos y confirmaron que, <strong>el encuentro que denunci\u00f3 el taxista meses atr\u00e1s, fue grabado y dicha grabaci\u00f3n presentada a la Justicia. All\u00ed, el di\u00e1logo que mantuvieron habr\u00eda sido totalmente distinto e incluso, consideraron que es v\u00e1lido de acusar de \u201cfalso testimonio\u201d a dicha v\u00edctima.<\/strong><\/p>\n<p>&nbsp;<\/p>\n<p><img data-recalc-dims=\"1\" loading=\"lazy\" decoding=\"async\" class=\"alignnone size-large wp-image-87947\" src=\"https:\/\/i0.wp.com\/cdnoticias.com\/wp-content\/uploads\/2023\/06\/landivar1.jpg?resize=800%2C480&#038;ssl=1\" alt=\"\" width=\"800\" height=\"480\" srcset=\"https:\/\/i0.wp.com\/cdnoticias.com\/wp-content\/uploads\/2023\/06\/landivar1.jpg?resize=1024%2C615&amp;ssl=1 1024w, https:\/\/i0.wp.com\/cdnoticias.com\/wp-content\/uploads\/2023\/06\/landivar1.jpg?resize=300%2C180&amp;ssl=1 300w, https:\/\/i0.wp.com\/cdnoticias.com\/wp-content\/uploads\/2023\/06\/landivar1.jpg?resize=768%2C461&amp;ssl=1 768w, https:\/\/i0.wp.com\/cdnoticias.com\/wp-content\/uploads\/2023\/06\/landivar1.jpg?w=1029&amp;ssl=1 1029w\" sizes=\"auto, (max-width: 800px) 100vw, 800px\" \/><\/p>\n<p>&nbsp;<\/p>\n<p>Land\u00edvar, la principal oradora de la conferencia, dijo que se trata de <em>\u201cuna situaci\u00f3n inc\u00f3moda, rara, lamentable que tengamos que llamar a una conferencia de prensa para hablar de lo que sucede desde ayer\u201d.<\/em><\/p>\n<p>&nbsp;<\/p>\n<p>Repas\u00f3 el trabajo realizado con las denuncias realizadas por el espacio como <em>\u201cla causa de venta ilegal de terrenos, las viviendas Tuvi industrializadas, el caso del concejal Fr\u00edas, con la venta de la calle de Cementos Avellaneda, el terreno de Industrial, con lo \u00faltimo que tuvimos que denunciar en Desarrollo Social\u201d.<\/em><\/p>\n<p>&nbsp;<\/p>\n<p>R\u00e1pidamente, dijo de Hilario Galli que<em> \u201celige entorpecer una causa, que hoy pudimos tomar conocimiento y tiene m\u00e1s de 9 casos testigos de lo que ser\u00eda la circulaci\u00f3n y venta ilegal de carnet de conducir. Se desv\u00eda la atenci\u00f3n y lo que a\u00fan m\u00e1s grave es, se inventa una historia sobre lo sucedido\u201d.<\/em> Tras el tuit realizado en la noche del jueves y las declaraciones en medios durante este viernes <em>\u201cmencion\u00f3 que era una causa armada contradiciendo de alguna manera a los abogados del Municipio que realizaron una denuncia penal por 5 carnet truchos y que adem\u00e1s hay que decir que de esos 5 carnet acreditan que se hicieron con insumos originales por lo que es un hecho irregular y grave\u201d.<\/em><\/p>\n<p>&nbsp;<\/p>\n<p>Land\u00edvar mencion\u00f3 que hasta el momento<em> \u201cno ten\u00eda conocimiento\u201d<\/em> de las causas y que no hab\u00edan tomado postura pol\u00edtica sobre el tema, ni siquiera hab\u00edan pensado una herramienta pol\u00edtica.<\/p>\n<p>&nbsp;<\/p>\n<p><span style=\"text-decoration: underline;\"><strong><em>\u201cLa verdad de los hechos\u201d<\/em><\/strong><\/span><\/p>\n<p>&nbsp;<\/p>\n<p><img data-recalc-dims=\"1\" loading=\"lazy\" decoding=\"async\" class=\"alignnone size-large wp-image-87946\" src=\"https:\/\/i0.wp.com\/cdnoticias.com\/wp-content\/uploads\/2023\/06\/conferencia2.jpg?resize=800%2C480&#038;ssl=1\" alt=\"\" width=\"800\" height=\"480\" srcset=\"https:\/\/i0.wp.com\/cdnoticias.com\/wp-content\/uploads\/2023\/06\/conferencia2.jpg?resize=1024%2C615&amp;ssl=1 1024w, https:\/\/i0.wp.com\/cdnoticias.com\/wp-content\/uploads\/2023\/06\/conferencia2.jpg?resize=300%2C180&amp;ssl=1 300w, https:\/\/i0.wp.com\/cdnoticias.com\/wp-content\/uploads\/2023\/06\/conferencia2.jpg?resize=768%2C461&amp;ssl=1 768w, https:\/\/i0.wp.com\/cdnoticias.com\/wp-content\/uploads\/2023\/06\/conferencia2.jpg?w=1029&amp;ssl=1 1029w\" sizes=\"auto, (max-width: 800px) 100vw, 800px\" \/><\/p>\n<p>&nbsp;<\/p>\n<p>En este punto, Land\u00edvar relat\u00f3 que <em>\u201cesta persona se acerc\u00f3 de manera voluntaria a este lugar, el Ateneo, en el que diariamente muchas personas se acercan a solicitar un asesoramiento, un acompa\u00f1amiento, o simplemente a tener una contenci\u00f3n y una escucha. Fue recibido por compa\u00f1eros que trabajan en la ma\u00f1ana. Ellos escucharon qu\u00e9 era lo que relataba esta persona, vinculado a lo que p\u00fablicamente se conoce. C\u00f3mo se hace del carnet, qu\u00e9 pasa en Mar del Plata, cu\u00e1nto dinero gast\u00f3, d\u00f3nde lo consigui\u00f3\u201d.<\/em><\/p>\n<p>&nbsp;<\/p>\n<p>La respuesta de los trabajadores fue<em> \u201cque le iba a transmitir a sus referentes lo que estaba comentando y que cualquier cosa se lo volv\u00eda a llamar. Y as\u00ed fue. Me transmitieron lo que sucedi\u00f3 y <strong>me manifestaron cierta intranquilidad que hab\u00eda generado una cuesti\u00f3n que no cerraba, con dudas. Me reun\u00ed con C\u00e9sar y Federico y tomamos la decisi\u00f3n de llamar a esta persona a que venga a relatar lo mismo. Y as\u00ed fue<\/strong>\u201d.<\/em><\/p>\n<p>&nbsp;<\/p>\n<blockquote><p>Como ten\u00edan dudas de los dichos \u201ctomamos la decisi\u00f3n para resguardarnos y porque no sab\u00edamos con qu\u00e9 nos \u00edbamos a encontrar, de grabar la conversaci\u00f3n desde que esta persona ingresa a la sala de reuniones que tenemos ac\u00e1, hasta que se retira. Es una conversaci\u00f3n que dura m\u00e1s de 35 minutos y ah\u00ed es donde comienza todo\u201d.<\/p><\/blockquote>\n<p>&nbsp;<\/p>\n<p>Dej\u00f3 en claro que<em> \u201cac\u00e1 no se cit\u00f3 a nadie, no hacemos inteligencia, no seguimos a nadie, no sab\u00edamos que estaba sucediendo esto. Simplemente, lo llamamos como a cualquier vecino o vecina que llamamos para escuchar y ver c\u00f3mo podemos colaborar\u201d.<\/em> De la grabaci\u00f3n, seg\u00fan dijo, <strong><em>\u201ces clar\u00edsima: todo el tiempo le dijimos que ten\u00eda que hacer la denuncia, y era lo que correspond\u00eda. Como pas\u00f3 con la causa de los terrenos, fue lo que pedimos, que haga la denuncia y cuente en fiscal\u00eda lo que nos relataba a nosotros\u201d.<\/em><\/strong><\/p>\n<p>&nbsp;<\/p>\n<blockquote><p>\u201cEn ning\u00fan momento inducimos ni intimidamos a esta persona ni para que perjudique al Municipio ni ning\u00fan funcionario. Es m\u00e1s, tengo que decir que C\u00e9sar en una parte de la grabaci\u00f3n de manera clara le dice a esta persona \u2018no s\u00e9 si ten\u00e9s que hacerlo p\u00fablico, porque lo que va a suceder es que se convierta en un esc\u00e1ndalo y quede en la nada\u2019. Claramente lo dice en la grabaci\u00f3n\u201d.<\/p><\/blockquote>\n<p>&nbsp;<\/p>\n<p>Se\u00f1alaron que s\u00f3lo el taxista implicado <em>\u201chabla de dinero. De lo que pag\u00f3 por el carnet, por lo sucedido en Mar del Plata, y habla, tengo que decirlo, que uno de los funcionarios le ofreci\u00f3 dinero a cambio de entregar la licencia de conducir. No voy a decir qu\u00e9 funcionario, es la Justicia la que tendr\u00e1 que investigar esto. No voy a tener la irresponsabilidad que s\u00ed est\u00e1 teniendo este funcionario de decir algo que no es\u201d.<\/em><\/p>\n<p>&nbsp;<\/p>\n<p>Tampoco<em> \u201cofrecimos un abogado. <strong>S\u00ed menciona en una o m\u00e1s de una oportunidad que \u00e9l tiene un abogado, que hab\u00eda hablado con ese abogado y que le hab\u00eda dicho que ten\u00eda que salir p\u00fablicamente<\/strong>\u201d. \u00a0<\/em><\/p>\n<p>&nbsp;<\/p>\n<blockquote><p>\u201cLa \u00fanica persona que habla de funcionarios en esta grabaci\u00f3n en estos 35 minutos es este se\u00f1or taxista\u201d.<\/p><\/blockquote>\n<p>&nbsp;<\/p>\n<p>Con respecto a los dichos en el encuentro <strong><em>\u201cle pone nombre y apellido a los funcionarios. Hay dos que nombra con nombre y apellido: uno que dice que le ofreci\u00f3 dinero, y hay un tercer funcionario que no quiere dar el nombre, pero es el que trabaja dentro del Municipio con esta red de venta ilegal de carnet de conducir\u201d.<\/em><\/strong><\/p>\n<p>&nbsp;<\/p>\n<p>Por todo ello, este viernes los implicados se presentaron en fiscal\u00eda y <em>\u201cfuimos recibidos por el fiscal quien nos atendi\u00f3 amablemente, pudimos hacer una presentaci\u00f3n y tomar vista de la causa e hicimos la declaraci\u00f3n testimonial correspondiente y adjuntar la grabaci\u00f3n como corresponde\u201d.<\/em><\/p>\n<p>&nbsp;<\/p>\n<p><span style=\"text-decoration: underline;\"><strong>&#8220;Utilizaci\u00f3n pol\u00edtica&#8221;<\/strong><\/span><\/p>\n<p>&nbsp;<\/p>\n<p><img data-recalc-dims=\"1\" loading=\"lazy\" decoding=\"async\" class=\"alignnone size-large wp-image-87948\" src=\"https:\/\/i0.wp.com\/cdnoticias.com\/wp-content\/uploads\/2023\/06\/valicenti1.jpg?resize=800%2C480&#038;ssl=1\" alt=\"\" width=\"800\" height=\"480\" srcset=\"https:\/\/i0.wp.com\/cdnoticias.com\/wp-content\/uploads\/2023\/06\/valicenti1.jpg?resize=1024%2C614&amp;ssl=1 1024w, https:\/\/i0.wp.com\/cdnoticias.com\/wp-content\/uploads\/2023\/06\/valicenti1.jpg?resize=300%2C180&amp;ssl=1 300w, https:\/\/i0.wp.com\/cdnoticias.com\/wp-content\/uploads\/2023\/06\/valicenti1.jpg?resize=768%2C461&amp;ssl=1 768w, https:\/\/i0.wp.com\/cdnoticias.com\/wp-content\/uploads\/2023\/06\/valicenti1.jpg?w=1029&amp;ssl=1 1029w\" sizes=\"auto, (max-width: 800px) 100vw, 800px\" \/><\/p>\n<p>&nbsp;<\/p>\n<p>En este punto, y visiblemente conmocionada, Land\u00edvar expres\u00f3 que <em>\u201ccontamos con este audio hace un par de meses, <strong>\u00bfqu\u00e9 utilizaci\u00f3n pol\u00edtica hicimos? Ninguna<\/strong>. Porque no ten\u00edamos pruebas de lo que esta persona nos manifest\u00f3 en estos 35 minutos. Solo acusaciones, menciones de funcionarios que le ofrec\u00edan dinero, funcionarios que menciona con nombre y apellido y dice que es su amigo, que lo conoce y por eso lo va a ver. Pero no ten\u00edamos pruebas. Podremos equivocarnos en un mont\u00f3n de cosas, pero cada vez que hemos querido poner sobre la mesa alg\u00fan hecho de corrupci\u00f3n o un hecho irregular que acontece en el Partido de Olavarr\u00eda siempre lo hicimos con los elementos suficientes\u201d.<\/em><\/p>\n<p>&nbsp;<\/p>\n<blockquote><p>\u201cPod\u00edamos hacer circular este audio por toda la ciudad, porque lo que dice es grav\u00edsimo, pero la Justicia tendr\u00e1 que investigar si esto es cierto o no\u201d.<\/p><\/blockquote>\n<p>&nbsp;<\/p>\n<p><strong><em>\u201c\u00bfQu\u00e9 hubiese pasado si no cont\u00e1bamos con el audio? Nuestras familias, nuestros amigos, compa\u00f1eros y compa\u00f1eras y nosotros hubi\u00e9ramos estado en una situaci\u00f3n total e indefensa, porque tenemos un funcionario municipal que sin ning\u00fan escr\u00fapulo y seguramente para desviar la atenci\u00f3n dice lo que dijo\u201d<\/em> <\/strong>cerr\u00f3 la concejala.<\/p>\n<p>&nbsp;<\/p>\n<p><strong>C\u00e9sar Valicenti,<\/strong> en tanto, se\u00f1al\u00f3 que situaciones as\u00ed <em>\u201catravesar un proceso electoral es un perjuicio para los vecinos y para aquellos que militamos ideas y proyectos de ciudad propositivos, por supuesto con cr\u00edticas<\/em>\u201d y pidi\u00f3 hacer \u00e9nfasis en la causa judicial:<strong><em> \u201cac\u00e1 hay alteraci\u00f3n de documentos p\u00fablicos muy delicados. Gente que en Olavarr\u00eda conduce veh\u00edculos sin tener capacitaci\u00f3n necesaria, todo lo que hay que hacer para sacar una licencia de conducir\u201d.<\/em><\/strong><\/p>\n<p>&nbsp;<\/p>\n<p>Sobre Hilario Galli, dijo que<em> \u201cquiero creer que sali\u00f3 a culparme en lo personal y a mis compa\u00f1eros en funci\u00f3n de ese falso testimonio, y no con intenci\u00f3n pol\u00edtica. Quiero tener esa creencia. <strong>Y que a partir del acceso de esta informaci\u00f3n real del contenido de la conversaci\u00f3n y tome consciencia realmente de que lo que sucedi\u00f3 est\u00e1 plasmado en ese audio y no tiene nada que ver con lo que fue el testimonio de esta persona, recapacite y se retracte<\/strong>\u201d<\/em> pidi\u00f3.<\/p>\n<p>&nbsp;<\/p>\n<p><strong><em>\u201cNo generemos situaciones que nos afectan a todos y est\u00e1n basadas en la mentira\u201d<\/em><\/strong> cerr\u00f3.<\/p>\n","protected":false},"excerpt":{"rendered":"<p>Desmintieron, as\u00ed, a Hilario Galli, quien los implic\u00f3 con el testimonio que el taxista dio a la Justicia. C\u00e9sar Valicenti<\/p>\n","protected":false},"author":2,"featured_media":87945,"comment_status":"closed","ping_status":"closed","sticky":false,"template":"","format":"standard","meta":{"_jetpack_memberships_contains_paid_content":false,"footnotes":""},"categories":[4,1],"tags":[],"class_list":["post-87943","post","type-post","status-publish","format-standard","has-post-thumbnail","hentry","category-politica","category-portada"],"jetpack_featured_media_url":"https:\/\/i0.wp.com\/cdnoticias.com\/wp-content\/uploads\/2023\/06\/conferencia1.jpg?fit=1029%2C618&ssl=1","jetpack_sharing_enabled":true,"_links":{"self":[{"href":"https:\/\/cdnoticias.com\/index.php\/wp-json\/wp\/v2\/posts\/87943","targetHints":{"allow":["GET"]}}],"collection":[{"href":"https:\/\/cdnoticias.com\/index.php\/wp-json\/wp\/v2\/posts"}],"about":[{"href":"https:\/\/cdnoticias.com\/index.php\/wp-json\/wp\/v2\/types\/post"}],"author":[{"embeddable":true,"href":"https:\/\/cdnoticias.com\/index.php\/wp-json\/wp\/v2\/users\/2"}],"replies":[{"embeddable":true,"href":"https:\/\/cdnoticias.com\/index.php\/wp-json\/wp\/v2\/comments?post=87943"}],"version-history":[{"count":0,"href":"https:\/\/cdnoticias.com\/index.php\/wp-json\/wp\/v2\/posts\/87943\/revisions"}],"wp:featuredmedia":[{"embeddable":true,"href":"https:\/\/cdnoticias.com\/index.php\/wp-json\/wp\/v2\/media\/87945"}],"wp:attachment":[{"href":"https:\/\/cdnoticias.com\/index.php\/wp-json\/wp\/v2\/media?parent=87943"}],"wp:term":[{"taxonomy":"category","embeddable":true,"href":"https:\/\/cdnoticias.com\/index.php\/wp-json\/wp\/v2\/categories?post=87943"},{"taxonomy":"post_tag","embeddable":true,"href":"https:\/\/cdnoticias.com\/index.php\/wp-json\/wp\/v2\/tags?post=87943"}],"curies":[{"name":"wp","href":"https:\/\/api.w.org\/{rel}","templated":true}]}}