{"id":87906,"date":"2023-06-16T17:53:03","date_gmt":"2023-06-16T20:53:03","guid":{"rendered":"https:\/\/www.centraldenoticias.com.ar\/?p=87906"},"modified":"2023-06-16T17:53:03","modified_gmt":"2023-06-16T20:53:03","slug":"licencias-apocrifas-denuncias-mails-anonimos-y-acusacion-de-causa-armada","status":"publish","type":"post","link":"https:\/\/cdnoticias.com\/index.php\/2023\/06\/16\/licencias-apocrifas-denuncias-mails-anonimos-y-acusacion-de-causa-armada\/","title":{"rendered":"Licencias ap\u00f3crifas: denuncias, mails an\u00f3nimos y acusaci\u00f3n de \u201ccausa armada\u201d"},"content":{"rendered":"<p>Una demanda impulsada por la Agencia Nacional de Seguridad Vial deriv\u00f3 en un esc\u00e1ndalo que tuvo al Secretario de Gobierno, Hilario Galli, acusando a integrantes de \u201cLa C\u00e1mpora\u201d de \u201carmar una causa\u201d. Aparec\u00eda un funcionario municipal mencionado. <!--more--><\/p>\n<hr \/>\n<p>Desde el pasado mi\u00e9rcoles, <strong>denuncias y contradenuncias salpicaron la institucionalidad pol\u00edtica de Olavarr\u00eda con una investigaci\u00f3n por una venta de licencias ap\u00f3crifas en la que se encuentra signada una persona que habr\u00eda mencionado a un funcionario municipal<\/strong>. Pero se puso en cuesti\u00f3n la fuente que deriv\u00f3 en la apertura de la causa y <strong>una declaraci\u00f3n testimonial de uno de los implicados deriv\u00f3 en la acusaci\u00f3n del Municipio a una agrupaci\u00f3n pol\u00edtica de \u201carmar\u201d una causa mediante la Agencia Nacional de Seguridad Vial.<\/strong><\/p>\n<p>&nbsp;<\/p>\n<p>En primera instancia, cabe recordar que<strong> semanas atr\u00e1s desde el Municipio se inici\u00f3 una demanda penal por haber encontrado varias licencias ap\u00f3crifas certificadas en diversos controles en la ciudad.<\/strong> Ello deriv\u00f3, en principio, en una denuncia penal formulada por Pablo Mart\u00ednez Carignano en su car\u00e1cter de Director Ejecutivo de la Agencia Nacional de Seguridad Vial.<\/p>\n<p>&nbsp;<\/p>\n<blockquote class=\"wp-embedded-content\" data-secret=\"YvVIEtUm6A\"><p><a href=\"https:\/\/cdnoticias.com\/index.php\/2023\/06\/10\/licencias-apocrifas-la-agencia-nacional-de-seguridad-vial-intervino-en-el-caso\/\">Licencias ap\u00f3crifas: la Agencia Nacional de Seguridad Vial intervino en el caso<\/a><\/p><\/blockquote>\n<p><iframe loading=\"lazy\" class=\"wp-embedded-content\" sandbox=\"allow-scripts\" security=\"restricted\" style=\"position: absolute; clip: rect(1px, 1px, 1px, 1px);\" title=\"&#8220;Licencias ap\u00f3crifas: la Agencia Nacional de Seguridad Vial intervino en el caso&#8221; &#8212; Central de Noticias | Olavarr\u00eda\" src=\"https:\/\/cdnoticias.com\/index.php\/2023\/06\/10\/licencias-apocrifas-la-agencia-nacional-de-seguridad-vial-intervino-en-el-caso\/embed\/#?secret=pONGYFfo2L#?secret=YvVIEtUm6A\" data-secret=\"YvVIEtUm6A\" width=\"600\" height=\"338\" frameborder=\"0\" marginwidth=\"0\" marginheight=\"0\" scrolling=\"no\"><\/iframe><\/p>\n<p>&nbsp;<\/p>\n<p><strong>La denuncia est\u00e1 basada en un mail an\u00f3nimo que lleg\u00f3 a la Agencia donde alguien denuncia a un vendedor de licencias truchas que tendr\u00eda vinculaci\u00f3n con un empleado o funcionario municipal.<\/strong> Ese alguien, seg\u00fan se puede deducir luego que la comuna haya accedido a la demanda seg\u00fan mostraron a Central de Noticias, es un taxista que habr\u00eda sido estafado y \u00e9l mismo tendr\u00eda una licencia presuntamente ap\u00f3crifa.<\/p>\n<p>&nbsp;<\/p>\n<blockquote><p>Lo curioso del caso, por esas horas, es que el Municipio se enter\u00f3, seg\u00fan indicaron, por una comunicaci\u00f3n con el titular de un medio local que les notific\u00f3 de una I.P.P que conten\u00eda dicha denuncia y que desconoc\u00edan por completo.<\/p><\/blockquote>\n<p>&nbsp;<\/p>\n<p>Horas despu\u00e9s, y tras deslizar que <strong>se tratar\u00eda de una \u201ccausa armada pol\u00edticamente\u201d el Secretario de Gobierno Hilario Galli denunci\u00f3, en redes sociales, que el taxista damnificado (que habr\u00eda emitido la denuncia an\u00f3nima) se present\u00f3 de forma espont\u00e1nea a declarar en Fiscal\u00eda y que habr\u00eda declarado, seg\u00fan un extracto de la declaraci\u00f3n que comparti\u00f3 en redes sociales, que se reuni\u00f3 con referentes pol\u00edticos de La C\u00e1mpora para que el taxista denuncie el hecho e incrimine al Municipio.<\/strong><\/p>\n<p>&nbsp;<\/p>\n<p>\u201cEscandaloso. Se les cay\u00f3 la careta. Se descubri\u00f3 como opera y miente La C\u00e1mpora en #Olavarr\u00eda. Se aprovecharon de una persona estafada y le ofrecieron plata para ensuciar a funcionarios municipales. #NoSomosloMismo\u201d dijo.<\/p>\n<p>&nbsp;<\/p>\n<blockquote class=\"twitter-tweet\">\n<p dir=\"ltr\" lang=\"es\">Escandaloso. Se les cay\u00f3 la careta. Se descubri\u00f3 como opera y miente La C\u00e1mpora en <a href=\"https:\/\/twitter.com\/hashtag\/Olavarr%C3%ADa?src=hash&amp;ref_src=twsrc%5Etfw\">#Olavarr\u00eda<\/a>.<br \/>\nSe aprovecharon de una persona estafada y le ofrecieron plata para ensuciar a funcionarios municipales. <a href=\"https:\/\/twitter.com\/hashtag\/NoSomosloMismo?src=hash&amp;ref_src=twsrc%5Etfw\">#NoSomosloMismo<\/a> <a href=\"https:\/\/t.co\/WBnM0fnN1X\">pic.twitter.com\/WBnM0fnN1X<\/a><\/p>\n<p>\u2014 Hilario Galli (@HilarioGalli) <a href=\"https:\/\/twitter.com\/HilarioGalli\/status\/1669479749943541760?ref_src=twsrc%5Etfw\">June 15, 2023<\/a><\/p><\/blockquote>\n<p><script async src=\"https:\/\/platform.twitter.com\/widgets.js\" charset=\"utf-8\"><\/script><\/p>\n<p>&nbsp;<\/p>\n<p>El <strong>funcionario Galli realiz\u00f3 en la ma\u00f1ana de este viernes un raid medi\u00e1tico<\/strong> en el que denunci\u00f3 c\u00f3mo sucedieron los hechos y carg\u00f3 contra <em>\u201cun diputado provincial y una concejal local\u201d.<\/em><\/p>\n<p>&nbsp;<\/p>\n<p>Describi\u00f3, en di\u00e1logo con \u201cLevantate\u201d por FM Sapiens 102.7, que<em> \u201cpor un lado tenemos la venta de carnets ap\u00f3crifos. Que eso es una realidad y por eso la municipalidad radic\u00f3 una denuncia para que la Justicia investigue al respecto porque es un delito federal\u201d<\/em>. En segundo lugar<em> \u201chay un taxista que fue estafado, no solamente fue estafado en Olavarr\u00eda sino que tambi\u00e9n por la polic\u00eda bonaerense dado que llegando a Mar del Plata le pidieron una coima por esa misma licencia que la hab\u00eda comprado de manera irregular\u201d <\/em>y despu\u00e9s<em> \u201chay una tercera pata en esta historia que es el intento de aprovechamiento de la situaci\u00f3n de esta persona y obviamente fue estafada y que lo llamaron a un local partidario y ofrecieron plata para que incrimine de un funcionario p\u00fablico\u201d.<\/em><\/p>\n<p>&nbsp;<\/p>\n<p>En la declaraci\u00f3n del taxista se dej\u00f3 expreso que fue al Municipio a contarle que<strong><em> \u201cnada de lo que se estaba diciendo era as\u00ed, no ten\u00eda nada que ver, todo lo contrario, era la persona que lo hab\u00eda atendido en la Municipalidad y que lo hab\u00eda intentado ayudar en su problema y que de repente se encontraba implicado en una causa penal que nada ten\u00eda que ver\u201d.<\/em> <\/strong>All\u00ed,<em> \u201cnos cuenta que tras haber venido al Municipio a en marzo lo llaman por tel\u00e9fono y lo convocan a un local partidario en la avenida Pringles casi Sarmiento. Ah\u00ed lo reciben tres personas, una mujer y dos varones y le ofrecen plata y ponerle una abogada\u201d<\/em> y a cambio deb\u00eda<strong><em> \u201cdenunciar e incriminar al Municipio\u201d.<\/em><\/strong><\/p>\n<p>&nbsp;<\/p>\n<p>Develado el caso, Galli reflexion\u00f3 y en el mismo tono de denuncia dijo que<em> \u201cimaginate que un diputado provincial, una concejal local, ponen al Estado y a la Justicia a disposici\u00f3n de su propia pol\u00edtica. Y para hacer el mal. Imaginate que si esto nos hacen a nosotros que somos el Estado Municipal cu\u00e1nto mal o cu\u00e1nto le pueden complicar la vida a un taxista\u201d<\/em> se\u00f1al\u00f3, <strong>tras dar cuenta de que tendr\u00eda \u201cmiedo\u201d de avanzar sobre este aspecto.<\/strong><\/p>\n<p>&nbsp;<\/p>\n<p><em>\u201cLo que veo es que cada vez el l\u00edmite se corre un poco m\u00e1s. Pero no es a m\u00ed a quien le ten\u00e9s que preguntar cu\u00e1les son los l\u00edmites. Yo tengo muy claro cu\u00e1l mi vocaci\u00f3n y cu\u00e1les son mis l\u00edmites. Habr\u00e1n escuchado muchas veces hablar de causas armadas. Esto es una causa armada. Nunca pens\u00e9 que nos iba a llegar a nosotros en Olavarr\u00eda. Pero claramente La C\u00e1mpora llega a todos lados\u201d<\/em> cerr\u00f3 en su alocuci\u00f3n con la misma dureza con la que lo comenz\u00f3.<\/p>\n","protected":false},"excerpt":{"rendered":"<p>Una demanda impulsada por la Agencia Nacional de Seguridad Vial deriv\u00f3 en un esc\u00e1ndalo que tuvo al Secretario de Gobierno,<\/p>\n","protected":false},"author":2,"featured_media":79456,"comment_status":"closed","ping_status":"closed","sticky":false,"template":"","format":"standard","meta":{"_jetpack_memberships_contains_paid_content":false,"footnotes":""},"categories":[14,1],"tags":[],"class_list":["post-87906","post","type-post","status-publish","format-standard","has-post-thumbnail","hentry","category-policiales","category-portada"],"jetpack_featured_media_url":"https:\/\/i0.wp.com\/cdnoticias.com\/wp-content\/uploads\/2023\/03\/poder-judicial-fiscalia.jpg?fit=800%2C445&ssl=1","jetpack_sharing_enabled":true,"_links":{"self":[{"href":"https:\/\/cdnoticias.com\/index.php\/wp-json\/wp\/v2\/posts\/87906","targetHints":{"allow":["GET"]}}],"collection":[{"href":"https:\/\/cdnoticias.com\/index.php\/wp-json\/wp\/v2\/posts"}],"about":[{"href":"https:\/\/cdnoticias.com\/index.php\/wp-json\/wp\/v2\/types\/post"}],"author":[{"embeddable":true,"href":"https:\/\/cdnoticias.com\/index.php\/wp-json\/wp\/v2\/users\/2"}],"replies":[{"embeddable":true,"href":"https:\/\/cdnoticias.com\/index.php\/wp-json\/wp\/v2\/comments?post=87906"}],"version-history":[{"count":0,"href":"https:\/\/cdnoticias.com\/index.php\/wp-json\/wp\/v2\/posts\/87906\/revisions"}],"wp:featuredmedia":[{"embeddable":true,"href":"https:\/\/cdnoticias.com\/index.php\/wp-json\/wp\/v2\/media\/79456"}],"wp:attachment":[{"href":"https:\/\/cdnoticias.com\/index.php\/wp-json\/wp\/v2\/media?parent=87906"}],"wp:term":[{"taxonomy":"category","embeddable":true,"href":"https:\/\/cdnoticias.com\/index.php\/wp-json\/wp\/v2\/categories?post=87906"},{"taxonomy":"post_tag","embeddable":true,"href":"https:\/\/cdnoticias.com\/index.php\/wp-json\/wp\/v2\/tags?post=87906"}],"curies":[{"name":"wp","href":"https:\/\/api.w.org\/{rel}","templated":true}]}}