{"id":87897,"date":"2023-06-17T17:00:07","date_gmt":"2023-06-17T20:00:07","guid":{"rendered":"https:\/\/www.centraldenoticias.com.ar\/?p=87897"},"modified":"2023-06-17T17:00:07","modified_gmt":"2023-06-17T20:00:07","slug":"activa-participacion-de-facso-en-uno-de-los-precongresos-de-ciencias-sociales-mas-importantes-del-pais","status":"publish","type":"post","link":"https:\/\/cdnoticias.com\/index.php\/2023\/06\/17\/activa-participacion-de-facso-en-uno-de-los-precongresos-de-ciencias-sociales-mas-importantes-del-pais\/","title":{"rendered":"Activa participaci\u00f3n de FACSO en uno de los precongresos de Ciencias Sociales m\u00e1s importantes del pa\u00eds"},"content":{"rendered":"<p>El encuentro fue el pasado mi\u00e9rcoles en la Facultad de Periodismo de la Universidad Nacional de La Plata. <!--more--><\/p>\n<hr \/>\n<p>El pasado mi\u00e9rcoles se llev\u00f3 adelante en la <strong>Facultad de Periodismo de la Universidad Nacional de La Plata<\/strong> el<strong> PreCongreso Argentino de Ciencias Sociales<\/strong> \u201c<em><strong>Democracia, desarrollo, igualdad y justicia social<\/strong><\/em>\u201d de las Regiones Bonaerense y Metropolitana, co-organizado por el Consejo de Decanas y Decanos de Facultades de Ciencias Sociales y Humanas (CODESOC), que integra la Facultad de Ciencias Sociales, CLACSO y el Ministerio de Educaci\u00f3n de la Naci\u00f3n a trav\u00e9s de la Secretar\u00eda de Pol\u00edticas Universitarias.<\/p>\n<p>&nbsp;<\/p>\n<p>El PreCongreso fue uno de los cuatro encuentros que se realizan en las diferentes regiones del pa\u00eds a lo largo del corriente mes (las restantes sedes son San Salvador de Jujuy, Villa Mar\u00eda, C\u00f3rdoba y Comodoro Rivadavia, Chubut) y que dar\u00e1 lugar al Congreso Argentino de Ciencias Sociales, a realizarse a fines del mes de septiembre en el <strong>Centro Cultural Kirchner de Capital Federal.<\/strong><\/p>\n<p>&nbsp;<\/p>\n<p>Por la Facultad de Ciencias Sociales estuvieron presentes la decana y vicedecana, Lic. Gabriela Gamberini y Dra. Mar\u00eda Luz Endere respectivamente; el secretario de Extensi\u00f3n, Bienestar y Transferencia, Lic. Nicol\u00e1s Casado, junto a los docentes de la carrera de Periodismo, Esp. Sebasti\u00e1n Benedetti y Lic. Andr\u00e9s L\u00f3pez, y estudiantes: Agust\u00edn Dal Poggetto, Magdalena del R\u00edo y Julieta De Luca. Adem\u00e1s participaron autoridades, investigadores\/as, docentes y estudiantes de universidades de la Regi\u00f3n Bonaerense y Metropolitana, representantes de CLACSO, la Defensor\u00eda del P\u00fablico de Servicio de Comunicaci\u00f3n Audiovisual, del Ministerio de Educaci\u00f3n de la Naci\u00f3n, entre otros.<\/p>\n<p>&nbsp;<\/p>\n<p><img data-recalc-dims=\"1\" loading=\"lazy\" decoding=\"async\" class=\"aligncenter wp-image-87898 size-full\" src=\"https:\/\/i0.wp.com\/cdnoticias.com\/wp-content\/uploads\/2023\/06\/Precongreso1.jpg?resize=800%2C642&#038;ssl=1\" alt=\"\" width=\"800\" height=\"642\" srcset=\"https:\/\/i0.wp.com\/cdnoticias.com\/wp-content\/uploads\/2023\/06\/Precongreso1.jpg?w=1600&amp;ssl=1 1600w, https:\/\/i0.wp.com\/cdnoticias.com\/wp-content\/uploads\/2023\/06\/Precongreso1.jpg?resize=300%2C241&amp;ssl=1 300w, https:\/\/i0.wp.com\/cdnoticias.com\/wp-content\/uploads\/2023\/06\/Precongreso1.jpg?resize=1024%2C821&amp;ssl=1 1024w, https:\/\/i0.wp.com\/cdnoticias.com\/wp-content\/uploads\/2023\/06\/Precongreso1.jpg?resize=768%2C616&amp;ssl=1 768w, https:\/\/i0.wp.com\/cdnoticias.com\/wp-content\/uploads\/2023\/06\/Precongreso1.jpg?resize=1536%2C1232&amp;ssl=1 1536w\" sizes=\"auto, (max-width: 800px) 100vw, 800px\" \/><\/p>\n<p>&nbsp;<\/p>\n<p>Luego de la apertura institucional, se llev\u00f3 adelante la conferencia inaugural, que estuvo a cargo de Eduardo Rinesi (UNGS), Mart\u00edn Unzu\u00e9 (CLACSO) y Mercedes Palumbo (UNLu), con la moderaci\u00f3n de Andrea Corrado (UNLu), quienes reflexionaron sobre temas vinculados a <strong>democracia, igualdad y justicia social a lo largo del siglo XX<\/strong> y en sus or\u00edgenes, contrapuntos y problemas actuales a partir del siguiente interrogante: \u00bfPodremos construir sociedades m\u00e1s justas e igualitarias?<\/p>\n<p>&nbsp;<\/p>\n<p>Posteriormente, se desarrollaron<strong> dos conversatorios.<\/strong> Uno de ellos fue moderado por la decana Gamberini (FACSO\/UNICEN) y Jerem\u00edas Pinedo (FHyCE\/UNLP), denominado \u201cAcerca de la formaci\u00f3n, la investigaci\u00f3n y la extensi\u00f3n en Ciencias Sociales, desde una perspectiva integral y con anclaje territorial. Una mirada a los desaf\u00edos que se vienen\u201d. El restante vers\u00f3 sobre las interacciones en la construcci\u00f3n de pol\u00edticas p\u00fablicas, coordinado por Ana Arias (UBA) y Sergio De Piero (UNAJ).<\/p>\n<p>&nbsp;<\/p>\n<p>El cierre estuvo a cargo de Daniel Gonz\u00e1lez (UNQ), Cynthia Ottaviano (Defensor\u00eda P\u00fablica) y Jesica Triten (Canal Encuentro), donde se debati\u00f3 acerca de la <strong>democracia en la era digital.<\/strong> A lo largo de la jornada, con un importante n\u00famero de asistentes y una activa participaci\u00f3n se construy\u00f3 colectivamente una agenda de temas, se debati\u00f3 sobre los procesos de institucionalizaci\u00f3n de las disciplinas en cuesti\u00f3n y se elabor\u00f3 una relator\u00eda que ser\u00e1 compartida, conjuntamente con las producciones elaboradas en las otras regiones, durante el pr\u00f3ximo encuentro federal del mes de septiembre.<\/p>\n<p>&nbsp;<\/p>\n<p>La Lic. Gamberini destac\u00f3 que \u201c<em>fue muy importante compartir este encuentro con parte del equipo de gesti\u00f3n de la FACSO, docentes y estudiantes, colegas y referentes de destacada trayectoria. Nos involucra y nos convoca a pensar en relaci\u00f3n al desarrollo de nuestro campo de conocimiento y los procesos de democracia en la Argentina durante estos 40 a\u00f1os, desde sus logros, deudas y proyecciones\u201d.<\/em><\/p>\n","protected":false},"excerpt":{"rendered":"<p>El encuentro fue el pasado mi\u00e9rcoles en la Facultad de Periodismo de la Universidad Nacional de La Plata.<\/p>\n","protected":false},"author":6,"featured_media":87899,"comment_status":"closed","ping_status":"closed","sticky":false,"template":"","format":"standard","meta":{"_jetpack_memberships_contains_paid_content":false,"footnotes":""},"categories":[5,1],"tags":[],"class_list":["post-87897","post","type-post","status-publish","format-standard","has-post-thumbnail","hentry","category-informacion-general","category-portada"],"jetpack_featured_media_url":"https:\/\/i0.wp.com\/cdnoticias.com\/wp-content\/uploads\/2023\/06\/Precongreso.jpg?fit=1500%2C1000&ssl=1","jetpack_sharing_enabled":true,"_links":{"self":[{"href":"https:\/\/cdnoticias.com\/index.php\/wp-json\/wp\/v2\/posts\/87897","targetHints":{"allow":["GET"]}}],"collection":[{"href":"https:\/\/cdnoticias.com\/index.php\/wp-json\/wp\/v2\/posts"}],"about":[{"href":"https:\/\/cdnoticias.com\/index.php\/wp-json\/wp\/v2\/types\/post"}],"author":[{"embeddable":true,"href":"https:\/\/cdnoticias.com\/index.php\/wp-json\/wp\/v2\/users\/6"}],"replies":[{"embeddable":true,"href":"https:\/\/cdnoticias.com\/index.php\/wp-json\/wp\/v2\/comments?post=87897"}],"version-history":[{"count":0,"href":"https:\/\/cdnoticias.com\/index.php\/wp-json\/wp\/v2\/posts\/87897\/revisions"}],"wp:featuredmedia":[{"embeddable":true,"href":"https:\/\/cdnoticias.com\/index.php\/wp-json\/wp\/v2\/media\/87899"}],"wp:attachment":[{"href":"https:\/\/cdnoticias.com\/index.php\/wp-json\/wp\/v2\/media?parent=87897"}],"wp:term":[{"taxonomy":"category","embeddable":true,"href":"https:\/\/cdnoticias.com\/index.php\/wp-json\/wp\/v2\/categories?post=87897"},{"taxonomy":"post_tag","embeddable":true,"href":"https:\/\/cdnoticias.com\/index.php\/wp-json\/wp\/v2\/tags?post=87897"}],"curies":[{"name":"wp","href":"https:\/\/api.w.org\/{rel}","templated":true}]}}