{"id":87880,"date":"2023-06-16T19:32:51","date_gmt":"2023-06-16T22:32:51","guid":{"rendered":"https:\/\/www.centraldenoticias.com.ar\/?p=87880"},"modified":"2023-06-16T21:49:40","modified_gmt":"2023-06-17T00:49:40","slug":"piden-reparacion-del-puente-canizo-en-colonia-san-miguel","status":"publish","type":"post","link":"https:\/\/cdnoticias.com\/index.php\/2023\/06\/16\/piden-reparacion-del-puente-canizo-en-colonia-san-miguel\/","title":{"rendered":"Piden reparaci\u00f3n del \u201cPuente Ca\u00f1izo\u201d en Colonia San Miguel"},"content":{"rendered":"<p>Es un proyecto del bloque Foro Olavarr\u00eda \u2013 FR que integran In\u00e9s Creimer y Gast\u00f3n Sarachu. Solicitan al Ejecutivo Municipal tareas de mantenimiento en el puente que conecta con el sector de canteras.<\/p>\n<p><!--more--><\/p>\n<hr \/>\n<p>Desde el <strong>bloque Foro Olavarr\u00eda &#8211; Frente Renovador en el Interbloque Uni\u00f3n por la Patria<\/strong> solicitan al Ejecutivo Municipal trabajos de <strong>mantenimiento en el puente Ca\u00f1izo de Colonia San Miguel<\/strong>, el cual se encuentra sobre la <strong>avenida De Los Fundadores y conecta el sector de canteras<\/strong> con la localidad.<\/p>\n<p>&nbsp;<\/p>\n<p>Desde el espacio integrado por la concejala In\u00e9s Creimer y el concejal Gast\u00f3n Sarachu, y que es liderado por Eduardo Rodr\u00edguez, elevaron al HCD un <strong>proyecto de resoluci\u00f3n<\/strong> con el pedido correspondiente. Ser\u00e1 tratado en la <strong>pr\u00f3xima sesi\u00f3n del Concejo Deliberante<\/strong>.<\/p>\n<p>&nbsp;<\/p>\n<blockquote><p>Seg\u00fan indicaron desde el bloque de concejales, la iniciativa del proyecto surge a trav\u00e9s de \u201clos reiterados reclamos vecinales ante el mal estado del puente, producto de la falta de mantenimiento, el cual presenta un importante desmoronamiento y hasta se teme su derrumbe\u201d.<\/p><\/blockquote>\n<p>&nbsp;<\/p>\n<p>\u201cEs responsabilidad de la Municipalidad del Partido de Olavarr\u00eda el <strong>buen mantenimiento y conservaci\u00f3n de las estructuras viales<\/strong>\u201d, se\u00f1alaron.<\/p>\n<p>&nbsp;<\/p>\n","protected":false},"excerpt":{"rendered":"<p>Es un proyecto del bloque Foro Olavarr\u00eda \u2013 FR que integran In\u00e9s Creimer y Gast\u00f3n Sarachu. Solicitan al Ejecutivo Municipal<\/p>\n","protected":false},"author":4,"featured_media":87863,"comment_status":"closed","ping_status":"closed","sticky":false,"template":"","format":"standard","meta":{"_jetpack_memberships_contains_paid_content":false,"footnotes":""},"categories":[4,1],"tags":[],"class_list":["post-87880","post","type-post","status-publish","format-standard","has-post-thumbnail","hentry","category-politica","category-portada"],"jetpack_featured_media_url":"https:\/\/i0.wp.com\/cdnoticias.com\/wp-content\/uploads\/2023\/06\/puente-canizo-colonia-san-miguel-a.jpg?fit=800%2C445&ssl=1","jetpack_sharing_enabled":true,"_links":{"self":[{"href":"https:\/\/cdnoticias.com\/index.php\/wp-json\/wp\/v2\/posts\/87880","targetHints":{"allow":["GET"]}}],"collection":[{"href":"https:\/\/cdnoticias.com\/index.php\/wp-json\/wp\/v2\/posts"}],"about":[{"href":"https:\/\/cdnoticias.com\/index.php\/wp-json\/wp\/v2\/types\/post"}],"author":[{"embeddable":true,"href":"https:\/\/cdnoticias.com\/index.php\/wp-json\/wp\/v2\/users\/4"}],"replies":[{"embeddable":true,"href":"https:\/\/cdnoticias.com\/index.php\/wp-json\/wp\/v2\/comments?post=87880"}],"version-history":[{"count":0,"href":"https:\/\/cdnoticias.com\/index.php\/wp-json\/wp\/v2\/posts\/87880\/revisions"}],"wp:featuredmedia":[{"embeddable":true,"href":"https:\/\/cdnoticias.com\/index.php\/wp-json\/wp\/v2\/media\/87863"}],"wp:attachment":[{"href":"https:\/\/cdnoticias.com\/index.php\/wp-json\/wp\/v2\/media?parent=87880"}],"wp:term":[{"taxonomy":"category","embeddable":true,"href":"https:\/\/cdnoticias.com\/index.php\/wp-json\/wp\/v2\/categories?post=87880"},{"taxonomy":"post_tag","embeddable":true,"href":"https:\/\/cdnoticias.com\/index.php\/wp-json\/wp\/v2\/tags?post=87880"}],"curies":[{"name":"wp","href":"https:\/\/api.w.org\/{rel}","templated":true}]}}