{"id":87857,"date":"2023-06-16T11:13:00","date_gmt":"2023-06-16T14:13:00","guid":{"rendered":"https:\/\/www.centraldenoticias.com.ar\/?p=87857"},"modified":"2023-06-16T11:13:00","modified_gmt":"2023-06-16T14:13:00","slug":"recuperan-una-moto-con-numeracion-de-motor-adulterada","status":"publish","type":"post","link":"https:\/\/cdnoticias.com\/index.php\/2023\/06\/16\/recuperan-una-moto-con-numeracion-de-motor-adulterada\/","title":{"rendered":"Recuperan una moto con numeraci\u00f3n de motor adulterada"},"content":{"rendered":"<p>Fue en calle 13 entre Dorrego y Necochea. El conductor, un menor de edad, fue aprehendido.<\/p>\n<p><!--more--><\/p>\n<hr \/>\n<p><strong>Personal policial aprehendi\u00f3 a un menor de edad<\/strong> y dio con <strong>una moto con irregularidades<\/strong> en un operativo de control de tr\u00e1nsito realizado este jueves.<\/p>\n<p>&nbsp;<\/p>\n<p>Seg\u00fan se indic\u00f3, sucedi\u00f3 <strong>en calle 13 entre Dorrego y Necochea<\/strong>. All\u00ed fue interceptado <strong>un menor de edad que circulaba en una motocicleta Motomel 110 cc<\/strong>. Se estableci\u00f3 que la <strong>numeraci\u00f3n del motor hab\u00eda sido adulterada<\/strong>.<\/p>\n<p>&nbsp;<\/p>\n<p>El conductor fue <strong>aprehendido<\/strong>.<\/p>\n<p>&nbsp;<\/p>\n<p>Se dio intervenci\u00f3n a la UFI N\u00ba 17 del Fuero de Responsabilidad Penal Juvenil. Las actuaciones fueron caratuladas <strong>\u201cinfracci\u00f3n al art\u00edculo 289 del C\u00f3digo Penal\u201d<\/strong>.<\/p>\n<p>&nbsp;<\/p>\n<p>La moto, que qued\u00f3 secuestrada, fue trasladada a la Comisar\u00eda Primera para realizar pericias.<\/p>\n<p>&nbsp;<\/p>\n","protected":false},"excerpt":{"rendered":"<p>Fue en calle 13 entre Dorrego y Necochea. El conductor, un menor de edad, fue aprehendido.<\/p>\n","protected":false},"author":4,"featured_media":87862,"comment_status":"closed","ping_status":"closed","sticky":false,"template":"","format":"standard","meta":{"_jetpack_memberships_contains_paid_content":false,"footnotes":""},"categories":[14,1],"tags":[],"class_list":["post-87857","post","type-post","status-publish","format-standard","has-post-thumbnail","hentry","category-policiales","category-portada"],"jetpack_featured_media_url":"https:\/\/i0.wp.com\/cdnoticias.com\/wp-content\/uploads\/2023\/06\/moto-calle-13a.jpg?fit=800%2C445&ssl=1","jetpack_sharing_enabled":true,"_links":{"self":[{"href":"https:\/\/cdnoticias.com\/index.php\/wp-json\/wp\/v2\/posts\/87857","targetHints":{"allow":["GET"]}}],"collection":[{"href":"https:\/\/cdnoticias.com\/index.php\/wp-json\/wp\/v2\/posts"}],"about":[{"href":"https:\/\/cdnoticias.com\/index.php\/wp-json\/wp\/v2\/types\/post"}],"author":[{"embeddable":true,"href":"https:\/\/cdnoticias.com\/index.php\/wp-json\/wp\/v2\/users\/4"}],"replies":[{"embeddable":true,"href":"https:\/\/cdnoticias.com\/index.php\/wp-json\/wp\/v2\/comments?post=87857"}],"version-history":[{"count":0,"href":"https:\/\/cdnoticias.com\/index.php\/wp-json\/wp\/v2\/posts\/87857\/revisions"}],"wp:featuredmedia":[{"embeddable":true,"href":"https:\/\/cdnoticias.com\/index.php\/wp-json\/wp\/v2\/media\/87862"}],"wp:attachment":[{"href":"https:\/\/cdnoticias.com\/index.php\/wp-json\/wp\/v2\/media?parent=87857"}],"wp:term":[{"taxonomy":"category","embeddable":true,"href":"https:\/\/cdnoticias.com\/index.php\/wp-json\/wp\/v2\/categories?post=87857"},{"taxonomy":"post_tag","embeddable":true,"href":"https:\/\/cdnoticias.com\/index.php\/wp-json\/wp\/v2\/tags?post=87857"}],"curies":[{"name":"wp","href":"https:\/\/api.w.org\/{rel}","templated":true}]}}