{"id":87853,"date":"2023-06-18T13:30:11","date_gmt":"2023-06-18T16:30:11","guid":{"rendered":"https:\/\/www.centraldenoticias.com.ar\/?p=87853"},"modified":"2023-06-18T18:21:14","modified_gmt":"2023-06-18T21:21:14","slug":"por-trabajos-de-pavimentacion-se-cerrara-la-entrada-a-colonia-san-miguel","status":"publish","type":"post","link":"https:\/\/cdnoticias.com\/index.php\/2023\/06\/18\/por-trabajos-de-pavimentacion-se-cerrara-la-entrada-a-colonia-san-miguel\/","title":{"rendered":"Por trabajos de pavimentaci\u00f3n, se cerrar\u00e1 la entrada a Colonia San Miguel"},"content":{"rendered":"<p>La medida se aplicar\u00e1 el mi\u00e9rcoles pr\u00f3ximo y se extender\u00e1 por tres semanas. El ingreso y salida a Colonia se efectuar\u00e1 por calle Los Patricios.<\/p>\n<p><!--more--><\/p>\n<hr \/>\n<p>La Municipalidad inform\u00f3 que<strong> el mi\u00e9rcoles pr\u00f3ximo, 21 de junio, se cerrar\u00e1 la entrada a Colonia San Miguel<\/strong>.<\/p>\n<p>&nbsp;<\/p>\n<p>Se detall\u00f3 que el corte de tr\u00e1nsito se har\u00e1 <strong>en calle Santa Rosa<\/strong>, para permitir la realizaci\u00f3n de <strong>los trabajos de pavimentaci\u00f3n<\/strong>.<\/p>\n<p>&nbsp;<\/p>\n<p><strong>El ingreso y salida a Colonia se efectuar\u00e1 por calle Los Patricios<\/strong>.<\/p>\n<p>&nbsp;<\/p>\n<p>Se adelant\u00f3 que se prev\u00e9 que este cambio en la circulaci\u00f3n se extienda por unas tres semanas: \u201cse ha previsto la culminaci\u00f3n de las tareas y <strong>habilitaci\u00f3n al tr\u00e1nsito en 20 d\u00edas\u201d<\/strong>.<\/p>\n<p>&nbsp;<\/p>\n","protected":false},"excerpt":{"rendered":"<p>La medida se aplicar\u00e1 el mi\u00e9rcoles pr\u00f3ximo y se extender\u00e1 por tres semanas. El ingreso y salida a Colonia se<\/p>\n","protected":false},"author":4,"featured_media":50282,"comment_status":"closed","ping_status":"closed","sticky":false,"template":"","format":"standard","meta":{"_jetpack_memberships_contains_paid_content":false,"footnotes":""},"categories":[5,1],"tags":[],"class_list":["post-87853","post","type-post","status-publish","format-standard","has-post-thumbnail","hentry","category-informacion-general","category-portada"],"jetpack_featured_media_url":"https:\/\/i0.wp.com\/cdnoticias.com\/wp-content\/uploads\/2022\/03\/colonia-san-miguel-800x445-1.jpg?fit=800%2C445&ssl=1","jetpack_sharing_enabled":true,"_links":{"self":[{"href":"https:\/\/cdnoticias.com\/index.php\/wp-json\/wp\/v2\/posts\/87853","targetHints":{"allow":["GET"]}}],"collection":[{"href":"https:\/\/cdnoticias.com\/index.php\/wp-json\/wp\/v2\/posts"}],"about":[{"href":"https:\/\/cdnoticias.com\/index.php\/wp-json\/wp\/v2\/types\/post"}],"author":[{"embeddable":true,"href":"https:\/\/cdnoticias.com\/index.php\/wp-json\/wp\/v2\/users\/4"}],"replies":[{"embeddable":true,"href":"https:\/\/cdnoticias.com\/index.php\/wp-json\/wp\/v2\/comments?post=87853"}],"version-history":[{"count":0,"href":"https:\/\/cdnoticias.com\/index.php\/wp-json\/wp\/v2\/posts\/87853\/revisions"}],"wp:featuredmedia":[{"embeddable":true,"href":"https:\/\/cdnoticias.com\/index.php\/wp-json\/wp\/v2\/media\/50282"}],"wp:attachment":[{"href":"https:\/\/cdnoticias.com\/index.php\/wp-json\/wp\/v2\/media?parent=87853"}],"wp:term":[{"taxonomy":"category","embeddable":true,"href":"https:\/\/cdnoticias.com\/index.php\/wp-json\/wp\/v2\/categories?post=87853"},{"taxonomy":"post_tag","embeddable":true,"href":"https:\/\/cdnoticias.com\/index.php\/wp-json\/wp\/v2\/tags?post=87853"}],"curies":[{"name":"wp","href":"https:\/\/api.w.org\/{rel}","templated":true}]}}