{"id":8783,"date":"2020-12-11T21:25:03","date_gmt":"2020-12-12T00:25:03","guid":{"rendered":"http:\/\/www.centraldenoticias.com.ar\/?p=8783"},"modified":"2020-12-12T06:42:01","modified_gmt":"2020-12-12T09:42:01","slug":"renovacion-peronista-tener-que-fijar-un-aumento-no-es-nada-grato","status":"publish","type":"post","link":"https:\/\/cdnoticias.com\/index.php\/2020\/12\/11\/renovacion-peronista-tener-que-fijar-un-aumento-no-es-nada-grato\/","title":{"rendered":"Renovaci\u00f3n Peronista: \u201cTener que fijar un aumento no es nada grato\u201d"},"content":{"rendered":"<p>&nbsp;<\/p>\n<p>Tras la votaci\u00f3n al aumento del agua, los concejales de Renovaci\u00f3n Peronista convocaron a una conferencia de prensa para explicar su voto positivo. Germ\u00e1n Aramburu resalt\u00f3 la obtenci\u00f3n de la Tarifa Social que beneficiar\u00eda en principio a 7 mil usuarios. Afirmaron que \u201csi bien la ordenanza no lo estipula\u201d, el aumento ser\u00e1 progresivo.<!--more--><\/p>\n<hr \/>\n<p>En un largo debate, con cruces y fuertes denuncias,<a href=\"https:\/\/cdnoticias.com\/index.php\/2020\/12\/10\/con-los-votos-de-aramburu-y-almada-el-oficialismo-destrabo-la-suba-del-agua\/\" target=\"_blank\" rel=\"noopener\"> el Concejo Deliberante aprob\u00f3, por mayor\u00eda, una suba del 97% del servicio de agua potable.<\/a> La paridad fue destrabada por Renovaci\u00f3n Peronista, dado que Germ\u00e1n Aramburu y Alicia Almada votaron a favor.<\/p>\n<p>&nbsp;<\/p>\n<p>Este viernes, los ediles convocaron a una conferencia de prensa para <strong>explicar la decisi\u00f3n adoptada.\u00a0<\/strong><\/p>\n<p>&nbsp;<\/p>\n<p>El primero en tomar la palabra fue Germ\u00e1n Aramburu, qui\u00e9n explic\u00f3 que<em> \u201ccuando inicia el proyecto, con Alicia concurrimos a Coopelectric y ah\u00ed surgi\u00f3 de nuestra parte la posibilidad de <strong>generar una Tarifa Social<\/strong> para aquellos hogares de menor recurso econ\u00f3mico\u201d.<\/em><\/p>\n<p>&nbsp;<\/p>\n<p>Con el nuevo pedido de aumento por parte de Coopelectric volvieron a insistir en esa posibilidad y <strong>esto signific\u00f3 para los concejales<em> \u201cel principal motivo\u201d<\/em> para apoyar el proyecto<\/strong> de Juntos por el Cambio, del aumento del servicio.<\/p>\n<p>&nbsp;<\/p>\n<p><img data-recalc-dims=\"1\" loading=\"lazy\" decoding=\"async\" class=\"alignnone size-large wp-image-8630\" src=\"https:\/\/i0.wp.com\/cdnoticias.com\/wp-content\/uploads\/2020\/12\/WhatsApp-Image-2020-12-10-at-11.00.48.jpeg?resize=800%2C600&#038;ssl=1\" alt=\"\" width=\"800\" height=\"600\" srcset=\"https:\/\/i0.wp.com\/cdnoticias.com\/wp-content\/uploads\/2020\/12\/WhatsApp-Image-2020-12-10-at-11.00.48.jpeg?resize=1024%2C768&amp;ssl=1 1024w, https:\/\/i0.wp.com\/cdnoticias.com\/wp-content\/uploads\/2020\/12\/WhatsApp-Image-2020-12-10-at-11.00.48.jpeg?resize=300%2C225&amp;ssl=1 300w, https:\/\/i0.wp.com\/cdnoticias.com\/wp-content\/uploads\/2020\/12\/WhatsApp-Image-2020-12-10-at-11.00.48.jpeg?resize=768%2C576&amp;ssl=1 768w, https:\/\/i0.wp.com\/cdnoticias.com\/wp-content\/uploads\/2020\/12\/WhatsApp-Image-2020-12-10-at-11.00.48.jpeg?w=1040&amp;ssl=1 1040w\" sizes=\"auto, (max-width: 800px) 100vw, 800px\" \/><\/p>\n<p>&nbsp;<\/p>\n<p>Respecto a la Tarifa Social, Aramburu explic\u00f3 que <em>\u201cesto es el art\u00edculo que nosotros agregamos como una moci\u00f3n y se incorpor\u00f3 en la Ordenanza. <strong>Ya son 7 mil medidores los que lo pueden tener directamente<\/strong> y estima la Cooperativa que completando algunos requisitos <strong>es muy probable que se llegue a 10 mil beneficiarios<\/strong>\u201d.<\/em><\/p>\n<p>&nbsp;<\/p>\n<p>Sin desconocer las cr\u00edticas que reciben por votar a favor del aumento, Aramburu asegur\u00f3 que <em>\u201clo que es importante es la posibilidad de tener una Tarifa Social que beneficie a una gran parte de la poblaci\u00f3n\u201d.<\/em><\/p>\n<p>&nbsp;<\/p>\n<p><strong>\u201cEl aumento va a ser progresivo\u201d<\/strong><\/p>\n<p>&nbsp;<\/p>\n<p>Un aspecto que se resalt\u00f3 durante la conferencia fue el <strong>desdoblamiento del aumento.<\/strong><em> \u201cSe hab\u00eda hablado con la Cooperativa, lo que pensamos es que ya estaba puesto en el proyecto y no, se agreg\u00f3 ah\u00ed\u201d<\/em>, resalt\u00f3 el concejal y agreg\u00f3: <strong><em>\u201ccon el ruido, con la participaci\u00f3n, no escuchamos bien y eso en realidad no sali\u00f3 en la Ordenanza\u201d.<\/em><\/strong><\/p>\n<p>&nbsp;<\/p>\n<p>Advertida esta situaci\u00f3n, afirm\u00f3 que <em>\u201ca la ma\u00f1ana habl\u00e9 con la Cooperativa, as\u00ed que va a ser progresivo. Si bien la Ordenanza estipula el aumento como si fuera de una sola vez, esto es a partir del consumo de enero y a pagar en marzo, eso hay que tenerlo claro, igual va a ser desdoblado, va a ser progresivo\u201d.<\/em><\/p>\n<p>&nbsp;<\/p>\n<blockquote><p>\u201cEn junio se estar\u00eda pagando el aumento completo\u201d, aseguraron.<\/p><\/blockquote>\n<p>&nbsp;<\/p>\n<p>Adem\u00e1s, Aramburu indic\u00f3 que <em>\u201cestamos hablando de un aumento desde una base muy baja, de 300 pesos. Est\u00e1 bien, habr\u00e1 gente que no podr\u00e1, estas son siempre cuestiones muy relativas, pero <strong>es un aumento de una cuota original de 335 pesos que pasa a 452<\/strong>\u201d.<\/em><\/p>\n<p>&nbsp;<\/p>\n<p>Y complet\u00f3: <em>\u201cno quiero quedar grosero de las cuestiones econ\u00f3micas y las valoraciones que se hacen a partir del bolsillo de cada uno, pero cuando vemos lo que pagamos en servicios en general, como telefon\u00eda, internet, cables, que son servicios b\u00e1sicos hoy en d\u00eda me parece que el agua, con la importancia que tiene como derecho humano, de la importancia del agua potable, tiene que mucho que ver la hora de nuestra decisi\u00f3n\u201d.<\/em><\/p>\n<p>&nbsp;<\/p>\n<p><img data-recalc-dims=\"1\" loading=\"lazy\" decoding=\"async\" class=\"alignnone size-full wp-image-8768\" src=\"https:\/\/i0.wp.com\/cdnoticias.com\/wp-content\/uploads\/2020\/12\/almada-aramburu-02.jpg?resize=800%2C471&#038;ssl=1\" alt=\"\" width=\"800\" height=\"471\" srcset=\"https:\/\/i0.wp.com\/cdnoticias.com\/wp-content\/uploads\/2020\/12\/almada-aramburu-02.jpg?w=952&amp;ssl=1 952w, https:\/\/i0.wp.com\/cdnoticias.com\/wp-content\/uploads\/2020\/12\/almada-aramburu-02.jpg?resize=300%2C176&amp;ssl=1 300w, https:\/\/i0.wp.com\/cdnoticias.com\/wp-content\/uploads\/2020\/12\/almada-aramburu-02.jpg?resize=768%2C452&amp;ssl=1 768w\" sizes=\"auto, (max-width: 800px) 100vw, 800px\" \/><\/p>\n<p>&nbsp;<\/p>\n<p>Por su parte, la concejala Alicia Almada sostuvo que <strong><em>\u201ctener que fijar un aumento no es nada grato\u201d<\/em><\/strong> y asumi\u00f3 <em>\u201cel costo pol\u00edtico que no se animaron otros\u201d<\/em>. Adem\u00e1s, se pregunt\u00f3<em> \u201c\u00bfcu\u00e1ndo ser\u00eda el momento \u00f3ptimo donde los trabajadores ganen buenos sueldos, haya una econom\u00eda saneada y podamos emitir desde el HCD un aumento acorde sin ser perseguidos de la manera que hemos sido perseguidos?\u201d.<\/em><\/p>\n<p>&nbsp;<\/p>\n<p><strong>\u201cNosotros seguimos en el interbloque\u201d<\/strong><\/p>\n<p>&nbsp;<\/p>\n<p>As\u00ed lo afirm\u00f3 Aramburu: <em>\u201csomos del bloque Renovaci\u00f3n Peronista, nosotros seguimos en el interbloque. Somos absolutamente peronistas, estamos de acuerdo con los lineamientos de Alberto Fern\u00e1ndez\u201d<\/em> y asegur\u00f3 que<strong><em> \u201cno vemos ning\u00fan obst\u00e1culo a seguir siendo integrantes del Frente de Todos\u201d.<\/em><\/strong><\/p>\n<p>&nbsp;<\/p>\n<p>Consultado respecto a las \u201cpresiones\u201d que se denunciaron en la propia sesi\u00f3n del Concejo Deliberante, Aramburu afirm\u00f3 que <strong><em>\u201cpersonalmente no tuve mayores presiones m\u00e1s que alg\u00fan llamado y las condenas en las redes y todo eso\u201d<\/em><\/strong> y respald\u00f3 a su compa\u00f1era quien tom\u00f3 la palabra para ampliar sobre lo sucedido.<\/p>\n<p>&nbsp;<\/p>\n<p><img data-recalc-dims=\"1\" loading=\"lazy\" decoding=\"async\" class=\"alignnone size-full wp-image-8767\" src=\"https:\/\/i0.wp.com\/cdnoticias.com\/wp-content\/uploads\/2020\/12\/almada-aramburu-01.jpg?resize=800%2C565&#038;ssl=1\" alt=\"\" width=\"800\" height=\"565\" srcset=\"https:\/\/i0.wp.com\/cdnoticias.com\/wp-content\/uploads\/2020\/12\/almada-aramburu-01.jpg?w=816&amp;ssl=1 816w, https:\/\/i0.wp.com\/cdnoticias.com\/wp-content\/uploads\/2020\/12\/almada-aramburu-01.jpg?resize=300%2C212&amp;ssl=1 300w, https:\/\/i0.wp.com\/cdnoticias.com\/wp-content\/uploads\/2020\/12\/almada-aramburu-01.jpg?resize=768%2C542&amp;ssl=1 768w\" sizes=\"auto, (max-width: 800px) 100vw, 800px\" \/><\/p>\n<p>&nbsp;<\/p>\n<p><em>\u201cEn una reuni\u00f3n del interbloque que tuvimos previa a la sesi\u00f3n manifestamos nuestra postura y se discuti\u00f3 en buenos t\u00e9rminos, sostuvimos nuestra postura y quedamos en comunicarnos en horas de la tarde si surg\u00eda alguna otra cuesti\u00f3n de \u00faltimo momento\u201d<\/em>, inici\u00f3 su menci\u00f3n a lo sucedido previo al debate en el recinto del HCD. <strong><em>\u201cA partir de esa noche, entre las 22 y las 2 de la madrugada del jueves comenzaron lo que yo dije aprietes, no me gusta el t\u00e9rmino, pero no lo puedo ver de otra manera\u201d<\/em><\/strong>, relat\u00f3.<\/p>\n<p>&nbsp;<\/p>\n<p>Adem\u00e1s, la concejala asegur\u00f3 respect\u00f3 a su decisi\u00f3n que <em>\u201clo que m\u00e1s motivo fue la negativa a que el servicio pudiera pasar a manos del Municipio. <strong>Yo no quiero que el Municipio tenga la concesi\u00f3n del servicio de cloaca y de agua, porque realmente no puede ni cortar el pasto.<\/strong> En ese sentido creo que estaba protegiendo a los usuarios y no s\u00e9 si lo han entendido de esa manera\u201d<\/em>, complet\u00f3.<\/p>\n","protected":false},"excerpt":{"rendered":"<p>&nbsp; Tras la votaci\u00f3n al aumento del agua, los concejales de Renovaci\u00f3n Peronista convocaron a una conferencia de prensa para<\/p>\n","protected":false},"author":5,"featured_media":8769,"comment_status":"closed","ping_status":"closed","sticky":false,"template":"","format":"standard","meta":{"_jetpack_memberships_contains_paid_content":false,"footnotes":""},"categories":[4,1],"tags":[],"class_list":["post-8783","post","type-post","status-publish","format-standard","has-post-thumbnail","hentry","category-politica","category-portada"],"jetpack_featured_media_url":"https:\/\/i0.wp.com\/cdnoticias.com\/wp-content\/uploads\/2020\/12\/almada-aramburu-03.jpg?fit=1040%2C620&ssl=1","jetpack_sharing_enabled":true,"_links":{"self":[{"href":"https:\/\/cdnoticias.com\/index.php\/wp-json\/wp\/v2\/posts\/8783","targetHints":{"allow":["GET"]}}],"collection":[{"href":"https:\/\/cdnoticias.com\/index.php\/wp-json\/wp\/v2\/posts"}],"about":[{"href":"https:\/\/cdnoticias.com\/index.php\/wp-json\/wp\/v2\/types\/post"}],"author":[{"embeddable":true,"href":"https:\/\/cdnoticias.com\/index.php\/wp-json\/wp\/v2\/users\/5"}],"replies":[{"embeddable":true,"href":"https:\/\/cdnoticias.com\/index.php\/wp-json\/wp\/v2\/comments?post=8783"}],"version-history":[{"count":0,"href":"https:\/\/cdnoticias.com\/index.php\/wp-json\/wp\/v2\/posts\/8783\/revisions"}],"wp:featuredmedia":[{"embeddable":true,"href":"https:\/\/cdnoticias.com\/index.php\/wp-json\/wp\/v2\/media\/8769"}],"wp:attachment":[{"href":"https:\/\/cdnoticias.com\/index.php\/wp-json\/wp\/v2\/media?parent=8783"}],"wp:term":[{"taxonomy":"category","embeddable":true,"href":"https:\/\/cdnoticias.com\/index.php\/wp-json\/wp\/v2\/categories?post=8783"},{"taxonomy":"post_tag","embeddable":true,"href":"https:\/\/cdnoticias.com\/index.php\/wp-json\/wp\/v2\/tags?post=8783"}],"curies":[{"name":"wp","href":"https:\/\/api.w.org\/{rel}","templated":true}]}}