{"id":87815,"date":"2023-06-15T18:00:05","date_gmt":"2023-06-15T21:00:05","guid":{"rendered":"https:\/\/www.centraldenoticias.com.ar\/?p=87815"},"modified":"2023-06-15T18:00:05","modified_gmt":"2023-06-15T21:00:05","slug":"comenzo-una-nueva-edicion-de-24-horas-de-innovacion-fio","status":"publish","type":"post","link":"https:\/\/cdnoticias.com\/index.php\/2023\/06\/15\/comenzo-una-nueva-edicion-de-24-horas-de-innovacion-fio\/","title":{"rendered":"Comenz\u00f3 una nueva edici\u00f3n de \u201c24 horas de Innovaci\u00f3n FIO\u201d"},"content":{"rendered":"<p>Este viernes a las 11 horas ser\u00e1 el cierre en el que se conocer\u00e1n las soluciones presentadas y los respectivos equipos ganadores.<!--more--><\/p>\n<hr \/>\n<p>En la ma\u00f1ana de este jueves comenz\u00f3 una nueva edici\u00f3n de las <strong>\u201c24 Horas de Innovaci\u00f3n FIO\u201d,<\/strong> competencia \u00fanica en Latinoam\u00e9rica en la que <strong>160 estudiantes<\/strong> -junto a sus docentes-, representando a 21 escuelas secundarias del partido de Olavarr\u00eda -tanto de gesti\u00f3n privada como estatal- <strong>pensar\u00e1n y dise\u00f1ar\u00e1n alternativas para problemas sociales, productivos, medioambientales y educativos,<\/strong> entre otros.<\/p>\n<p>&nbsp;<\/p>\n<p>La propuesta es organizada por el Centro de Desarrollo Emprendedor e Innovaci\u00f3n de la Facultad de Ingenier\u00eda junto con el Municipio de Olavarr\u00eda y la Fundaci\u00f3n Loma Negra. La actividad comenz\u00f3 en el SUM del Complejo Universitario, donde el director del Centro de Desarrollo Emprendedor e Innovaci\u00f3n (CDEI) de la FIO, Esteban Seibel, tuvo a su cargo la apertura oficial de esta edici\u00f3n. El directivo dio la bienvenida a los participantes y destac\u00f3 el valor del encuentro presencial.<\/p>\n<p>&nbsp;<\/p>\n<p>Continuaron con palabras de bienvenida a los estudiantes Mar\u00eda Hayde\u00e9 Peralta, Decana de la Facultad de Ingenier\u00eda (FIO), Julio Valettuto en representaci\u00f3n de la Municipalidad de Olavarr\u00eda, Agust\u00edn Escofet en representaci\u00f3n de Fundaci\u00f3n Loma Negra y Leonardo Rinaldi en representaci\u00f3n de la gesti\u00f3n de escuelas.<\/p>\n<p>&nbsp;<\/p>\n<p>Tambi\u00e9n se cont\u00f3 con la presencia de funcionarios de la Secretar\u00eda de Desarrollo Econ\u00f3mico del Municipio, as\u00ed como representantes de las 9 organizaciones y empresas que proponen los desaf\u00edos a resolver por los equipos de j\u00f3venes. Finalmente, se procedi\u00f3 a<strong> conformar los equipos y dar a conocer las problem\u00e1ticas a resolver.<\/strong> Este <strong>viernes a las 11 horas ser\u00e1 el cierre<\/strong> en el que se conocer\u00e1n las soluciones presentadas y los respectivos <strong>equipos ganadores.<\/strong><\/p>\n","protected":false},"excerpt":{"rendered":"<p>Este viernes a las 11 horas ser\u00e1 el cierre en el que se conocer\u00e1n las soluciones presentadas y los respectivos<\/p>\n","protected":false},"author":6,"featured_media":87816,"comment_status":"closed","ping_status":"closed","sticky":false,"template":"","format":"standard","meta":{"_jetpack_memberships_contains_paid_content":false,"footnotes":""},"categories":[5,1],"tags":[],"class_list":["post-87815","post","type-post","status-publish","format-standard","has-post-thumbnail","hentry","category-informacion-general","category-portada"],"jetpack_featured_media_url":"https:\/\/i0.wp.com\/cdnoticias.com\/wp-content\/uploads\/2023\/06\/DE-24-horas-de-innovacion-2-scaled-1.jpg?fit=2560%2C1920&ssl=1","jetpack_sharing_enabled":true,"_links":{"self":[{"href":"https:\/\/cdnoticias.com\/index.php\/wp-json\/wp\/v2\/posts\/87815","targetHints":{"allow":["GET"]}}],"collection":[{"href":"https:\/\/cdnoticias.com\/index.php\/wp-json\/wp\/v2\/posts"}],"about":[{"href":"https:\/\/cdnoticias.com\/index.php\/wp-json\/wp\/v2\/types\/post"}],"author":[{"embeddable":true,"href":"https:\/\/cdnoticias.com\/index.php\/wp-json\/wp\/v2\/users\/6"}],"replies":[{"embeddable":true,"href":"https:\/\/cdnoticias.com\/index.php\/wp-json\/wp\/v2\/comments?post=87815"}],"version-history":[{"count":0,"href":"https:\/\/cdnoticias.com\/index.php\/wp-json\/wp\/v2\/posts\/87815\/revisions"}],"wp:featuredmedia":[{"embeddable":true,"href":"https:\/\/cdnoticias.com\/index.php\/wp-json\/wp\/v2\/media\/87816"}],"wp:attachment":[{"href":"https:\/\/cdnoticias.com\/index.php\/wp-json\/wp\/v2\/media?parent=87815"}],"wp:term":[{"taxonomy":"category","embeddable":true,"href":"https:\/\/cdnoticias.com\/index.php\/wp-json\/wp\/v2\/categories?post=87815"},{"taxonomy":"post_tag","embeddable":true,"href":"https:\/\/cdnoticias.com\/index.php\/wp-json\/wp\/v2\/tags?post=87815"}],"curies":[{"name":"wp","href":"https:\/\/api.w.org\/{rel}","templated":true}]}}