{"id":87757,"date":"2023-06-14T19:26:58","date_gmt":"2023-06-14T22:26:58","guid":{"rendered":"https:\/\/www.centraldenoticias.com.ar\/?p=87757"},"modified":"2023-06-14T19:26:58","modified_gmt":"2023-06-14T22:26:58","slug":"inflacion-en-mayo-midio-78-y-marco-una-leve-desaceleracion","status":"publish","type":"post","link":"https:\/\/cdnoticias.com\/index.php\/2023\/06\/14\/inflacion-en-mayo-midio-78-y-marco-una-leve-desaceleracion\/","title":{"rendered":"Inflaci\u00f3n: en mayo midi\u00f3 7,8% y marc\u00f3 una leve desaceleraci\u00f3n"},"content":{"rendered":"<p>Con esta suba, la inflaci\u00f3n minorista de los primeros cinco meses del a\u00f1o fue del 42,2% y de 114,2% en los \u00faltimos 12 meses.<!--more--><\/p>\n<hr \/>\n<p>El \u00edndice de precios al consumidor (IPC) <strong>subi\u00f3 7,8% en mayo,<\/strong> por debajo del 8,4% que registr\u00f3 en abril pasado, inform\u00f3 este mi\u00e9rcoles el Instituto Nacional de Estad\u00edstica y Censos (Indec).<\/p>\n<p>&nbsp;<\/p>\n<p>Con este incremento, la inflaci\u00f3n minorista de los primeros cinco meses del a\u00f1o fue del 42,2% y de 114,2% en los \u00faltimos 12 meses. En mayo, la divisi\u00f3n de mayor aumento fue<strong> Vivienda, agua, electricidad<\/strong> y otros combustibles, con un <strong>avance de 11,9%<\/strong>, producto de la suba de tarifas en los servicios de electricidad y gas natural por red.<\/p>\n<p>&nbsp;<\/p>\n<p>Por detr\u00e1s se ubic\u00f3 el rubro Restaurantes y hoteles (9,3%) y Salud (9,0%), \u00e9sta \u00faltima por aumentos en medicamentos y en las cuotas de medicina prepaga. A su vez, la divisi\u00f3n con mayor incidencia en la evoluci\u00f3n del \u00edndice fue <strong>Alimentos y bebidas no alcoh\u00f3licas, con un incremento del 5,8%.<\/strong> Al interior de ese rubro se destacaron las subas de Pan y cereales y de la Leche, productos l\u00e1cteos y huevos.<\/p>\n<p>&nbsp;<\/p>\n<p>En el quinto mes del corriente a\u00f1o, los precios Regulados -que comprenden esencialmente a los servicios p\u00fablicos, gas, transporte y electricidad, entre otros- marcaron un aumento del 9%, mientras que el denominado IPC N\u00facleo subi\u00f3 7,8%; y los productos y servicios estacionales, 6% promedio.<\/p>\n<p>&nbsp;<\/p>\n<p><em>Fuente: DIB\u00a0<\/em><\/p>\n","protected":false},"excerpt":{"rendered":"<p>Con esta suba, la inflaci\u00f3n minorista de los primeros cinco meses del a\u00f1o fue del 42,2% y de 114,2% en<\/p>\n","protected":false},"author":6,"featured_media":75708,"comment_status":"closed","ping_status":"closed","sticky":false,"template":"","format":"standard","meta":{"_jetpack_memberships_contains_paid_content":false,"footnotes":""},"categories":[6,1],"tags":[],"class_list":["post-87757","post","type-post","status-publish","format-standard","has-post-thumbnail","hentry","category-nacionales","category-portada"],"jetpack_featured_media_url":"https:\/\/i0.wp.com\/cdnoticias.com\/wp-content\/uploads\/2023\/01\/inflacion.jpg?fit=696%2C466&ssl=1","jetpack_sharing_enabled":true,"_links":{"self":[{"href":"https:\/\/cdnoticias.com\/index.php\/wp-json\/wp\/v2\/posts\/87757","targetHints":{"allow":["GET"]}}],"collection":[{"href":"https:\/\/cdnoticias.com\/index.php\/wp-json\/wp\/v2\/posts"}],"about":[{"href":"https:\/\/cdnoticias.com\/index.php\/wp-json\/wp\/v2\/types\/post"}],"author":[{"embeddable":true,"href":"https:\/\/cdnoticias.com\/index.php\/wp-json\/wp\/v2\/users\/6"}],"replies":[{"embeddable":true,"href":"https:\/\/cdnoticias.com\/index.php\/wp-json\/wp\/v2\/comments?post=87757"}],"version-history":[{"count":0,"href":"https:\/\/cdnoticias.com\/index.php\/wp-json\/wp\/v2\/posts\/87757\/revisions"}],"wp:featuredmedia":[{"embeddable":true,"href":"https:\/\/cdnoticias.com\/index.php\/wp-json\/wp\/v2\/media\/75708"}],"wp:attachment":[{"href":"https:\/\/cdnoticias.com\/index.php\/wp-json\/wp\/v2\/media?parent=87757"}],"wp:term":[{"taxonomy":"category","embeddable":true,"href":"https:\/\/cdnoticias.com\/index.php\/wp-json\/wp\/v2\/categories?post=87757"},{"taxonomy":"post_tag","embeddable":true,"href":"https:\/\/cdnoticias.com\/index.php\/wp-json\/wp\/v2\/tags?post=87757"}],"curies":[{"name":"wp","href":"https:\/\/api.w.org\/{rel}","templated":true}]}}