{"id":87754,"date":"2023-06-14T19:06:01","date_gmt":"2023-06-14T22:06:01","guid":{"rendered":"https:\/\/www.centraldenoticias.com.ar\/?p=87754"},"modified":"2023-06-14T19:06:01","modified_gmt":"2023-06-14T22:06:01","slug":"santilli-y-elisa-carrio-acompanaran-a-larreta-en-su-visita-a-olavarria","status":"publish","type":"post","link":"https:\/\/cdnoticias.com\/index.php\/2023\/06\/14\/santilli-y-elisa-carrio-acompanaran-a-larreta-en-su-visita-a-olavarria\/","title":{"rendered":"Santilli y Elisa Carri\u00f3 acompa\u00f1ar\u00e1n a Larreta en su visita a Olavarr\u00eda"},"content":{"rendered":"<p>Fue confirmado en horas de la tarde por fuentes oficiales. Por ahora no se conoci\u00f3 la agenda de actividades, solo el di\u00e1logo con los medios por la tarde.<!--more--><\/p>\n<hr \/>\n<p>Tras el anuncio de la llegada de Horacio Rodr\u00edguez Larreta a Olavarr\u00eda \u2013por medio de convocatorias telef\u00f3nicas a vecinos de la ciudad-<strong> se confirm\u00f3 oficialmente que el precandidato a Presidente estar\u00e1 acompa\u00f1ado del diputado nacional (y precandidato a gobernador) Diego Santilli y la aliada dentro de Juntos por el Cambio Elisa \u201cLilita\u201d Carri\u00f3.<\/strong><\/p>\n<p>&nbsp;<\/p>\n<p>Por ahora<strong> no se brindaron detalles de la agenda que los tendr\u00e1 de visita, pero se prev\u00e9 el acompa\u00f1amiento en todo momento del intendente Ezequiel Galli,<\/strong> quien es la referencia local del espacio interno de Juntos por el Cambio, denominado como \u201cpalomar\u201d.<\/p>\n<p>&nbsp;<\/p>\n<blockquote><p>Solo se confirm\u00f3, en tanto, un di\u00e1logo con los medios en horas de la tarde en el Club Estudiantes.<\/p><\/blockquote>\n<p>&nbsp;<\/p>\n<p>Cabe se\u00f1alar que<strong> la llegada de los dirigentes es a horas del cierre de alianzas electorales de cara a los comicios de agosto y octubre.<\/strong> Carri\u00f3, quien es la titular de la Coalici\u00f3n C\u00edvica, ir\u00e1 nuevamente dentro de Juntos por el Cambio. <strong>Si bien se mostr\u00f3 como precandidata a Presidente, manifest\u00f3 apoyo a Larreta y Santilli e incluso pidi\u00f3 que dentro de JxC haya candidato \u00fanico.<\/strong><\/p>\n","protected":false},"excerpt":{"rendered":"<p>Fue confirmado en horas de la tarde por fuentes oficiales. Por ahora no se conoci\u00f3 la agenda de actividades, solo<\/p>\n","protected":false},"author":2,"featured_media":87755,"comment_status":"closed","ping_status":"closed","sticky":false,"template":"","format":"standard","meta":{"_jetpack_memberships_contains_paid_content":false,"footnotes":""},"categories":[4,1],"tags":[],"class_list":["post-87754","post","type-post","status-publish","format-standard","has-post-thumbnail","hentry","category-politica","category-portada"],"jetpack_featured_media_url":"https:\/\/i0.wp.com\/cdnoticias.com\/wp-content\/uploads\/2023\/06\/santilli-carrio-larreta.jpg?fit=702%2C396&ssl=1","jetpack_sharing_enabled":true,"_links":{"self":[{"href":"https:\/\/cdnoticias.com\/index.php\/wp-json\/wp\/v2\/posts\/87754","targetHints":{"allow":["GET"]}}],"collection":[{"href":"https:\/\/cdnoticias.com\/index.php\/wp-json\/wp\/v2\/posts"}],"about":[{"href":"https:\/\/cdnoticias.com\/index.php\/wp-json\/wp\/v2\/types\/post"}],"author":[{"embeddable":true,"href":"https:\/\/cdnoticias.com\/index.php\/wp-json\/wp\/v2\/users\/2"}],"replies":[{"embeddable":true,"href":"https:\/\/cdnoticias.com\/index.php\/wp-json\/wp\/v2\/comments?post=87754"}],"version-history":[{"count":0,"href":"https:\/\/cdnoticias.com\/index.php\/wp-json\/wp\/v2\/posts\/87754\/revisions"}],"wp:featuredmedia":[{"embeddable":true,"href":"https:\/\/cdnoticias.com\/index.php\/wp-json\/wp\/v2\/media\/87755"}],"wp:attachment":[{"href":"https:\/\/cdnoticias.com\/index.php\/wp-json\/wp\/v2\/media?parent=87754"}],"wp:term":[{"taxonomy":"category","embeddable":true,"href":"https:\/\/cdnoticias.com\/index.php\/wp-json\/wp\/v2\/categories?post=87754"},{"taxonomy":"post_tag","embeddable":true,"href":"https:\/\/cdnoticias.com\/index.php\/wp-json\/wp\/v2\/tags?post=87754"}],"curies":[{"name":"wp","href":"https:\/\/api.w.org\/{rel}","templated":true}]}}