{"id":87745,"date":"2023-06-14T19:02:06","date_gmt":"2023-06-14T22:02:06","guid":{"rendered":"https:\/\/www.centraldenoticias.com.ar\/?p=87745"},"modified":"2023-06-14T19:02:06","modified_gmt":"2023-06-14T22:02:06","slug":"el-silencio-y-el-dolor-fueron-corrosivos-para-las-historias-familiares","status":"publish","type":"post","link":"https:\/\/cdnoticias.com\/index.php\/2023\/06\/14\/el-silencio-y-el-dolor-fueron-corrosivos-para-las-historias-familiares\/","title":{"rendered":"El silencio y el dolor fueron corrosivos para las historias familiares"},"content":{"rendered":"<p>Se realiz\u00f3 la audiencia n\u00famero 34 del juicio por los delitos de lesa humanidad cometidos en el centro de la provincia de Buenos Aires. Con retrasmisi\u00f3n en Azul y Tandil, el viernes 9 de junio el Tribunal de Mar del Plata escuch\u00f3 nuevas declaraciones.<!--more--><\/p>\n<hr \/>\n<p><em>Por: Soledad Restivo &#8211; Agencia Comunica\/FACSO-UNICEN<\/em><\/p>\n<p>&nbsp;<\/p>\n<p>En la \u00faltima audiencia llevada adelante en el marco del <strong>juicio por los delitos de lesa humanidad<\/strong> cometidos en centros clandestinos de detenci\u00f3n y exterminio de<strong> Tandil, Azul y Olavarr\u00eda<\/strong> <strong>durante la \u00faltima dictadura c\u00edvico militar,<\/strong> conocido como J<strong>uicio \u201cLa Huerta\u201d<\/strong>, Fabio Galli declar\u00f3 por el secuestro de su padre \u00c1ngel Ra\u00fal Galli, Juan Dours hizo lo propio por su pap\u00e1 Jorge Silvano Dours y Norma Gim\u00e9nez declar\u00f3 por el secuestro de su marido H\u00e9ctor Sard\u00e9.<\/p>\n<p>&nbsp;<\/p>\n<p>El 29 de julio del a\u00f1o 1977, en momentos en que Jorge Silvano Dours llegaba a su casa de la ciudad de Azul en autom\u00f3vil, fue sorprendido por una persona quien lo encapuch\u00f3 y lo subi\u00f3 en el asiento del acompa\u00f1ante de su propio veh\u00edculo. En el rodado subieron una o dos personas m\u00e1s. Jorge Silvano Dours particip\u00f3 de la JUP en Mar del Plata mientras estudiaba abogac\u00eda y era abogado. Su hijo, Juan, asegur\u00f3 en el juicio que su pap\u00e1 <strong>nunca pudo hablar con nadie sobre lo que le sucedi\u00f3, siempre fue muy doloroso. <\/strong><\/p>\n<p>&nbsp;<\/p>\n<p>Parte de la historia asomaba en algunas oportunidades, como aquella en la cual le cont\u00f3 a su hijo que <em><strong>\u201ca mediados del a\u00f1o 80, volviendo de Tandil en micro, reconoci\u00f3 la voz de uno de sus captores y no pudo hacer nada, no pudo escaparse de esa situaci\u00f3n y tuvo que aguantarlo\u201d<\/strong><\/em>. Aquello de los que no se hablaba marc\u00f3 la comunicaci\u00f3n de toda la familia, sentenci\u00f3 Juan Dours.<\/p>\n<p>&nbsp;<\/p>\n<p>\u00c1ngel Ram\u00f3n Galli se desempe\u00f1\u00f3 en diferentes funciones pol\u00edticas en la Provincia de Buenos Aires. El 23 de marzo de 1976 lo detuvieron ilegalmente, era Director de Tel\u00e9grafos de la Provincia de Buenos Aires. Luego lo trasladaron a la Unidad 7 del SPB en Azul, en donde lo alojaron en un cuartito y le dieron un colch\u00f3n de paja y una frazada. <strong>En total permaneci\u00f3 detenido 181 d\u00edas.<\/strong> En ese lapso sufri\u00f3 simulacros de fusilamiento, amenazas, falta de alimentaci\u00f3n y de atenci\u00f3n m\u00e9dica. Estuvo detenido junto con diferentes personas del \u00e1mbito gremial y pol\u00edtico, y espec\u00edficamente con muchos de los casos que conforman la presente causa.<\/p>\n<p>&nbsp;<\/p>\n<p>Su hijo ten\u00eda 9 a\u00f1os cuando se llevaron a su pap\u00e1, a partir de ese momento le temi\u00f3 a la noche y padeci\u00f3 trastornos psicol\u00f3gicos. Dijo que no tiene recuerdos gratos de su infancia y adolescencia, su padre se hab\u00eda vuelto un hombre triste, \u201chubo cosas que nunca cont\u00f3 y con algunas palabras, sonidos o im\u00e1genes se pon\u00eda a llorar\u201d expres\u00f3 con pesar.<\/p>\n<p>&nbsp;<\/p>\n<p>H\u00e9ctor Sarde era concejal de Azul, la madrugada del 24 de marzo de 1976, un grupo armado de militares se present\u00f3 en su domicilio de esa ciudad, ingres\u00f3 y lo detuvo. De esta comisi\u00f3n tambi\u00e9n participaban polic\u00edas federales. H\u00e9ctor Sarde fue trasladado a la Unidad 7, en donde fue alojado en una celda individual, detenido en el mismo sector que los presos pol\u00edticos. Fue liberado entre una semana y diez d\u00edas despu\u00e9s de su detenci\u00f3n.<\/p>\n<p>&nbsp;<\/p>\n<p>Norma Gim\u00e9nez pudo hacer su declaraci\u00f3n desde su casa y por la plataforma zoom. Con algunas dificultades, por su edad avanzada, pudo realizar un detallado relato de lo que vivi\u00f3 cuando los militares se llevaron a su marido. H\u00e9ctor Sarde fue dirigente gremial en SMATA y concejal peronista en Azul.<\/p>\n<p>&nbsp;<\/p>\n<p>Sindicalistas, concejales y militantes peronistas fueron secuestrados de sus hogares, frente a sus familias, quienes fueron testigos de la violencia y sa\u00f1a con la que se llevaron a cabo los hechos. A pesar de haber sufrido tanto, decidieron callar detalles y contar poco de lo que vivieron, limit\u00e1ndose a llorar el dolor en soledad. Los testimonios que se brindaron dieron cuenta de los estragos que la mezcla de dolor y silencio causaron en las familias afectadas. <strong>El tribunal retomar\u00e1 el debate el pr\u00f3ximo 23 de junio desde las 11:30.<\/strong><\/p>\n","protected":false},"excerpt":{"rendered":"<p>Se realiz\u00f3 la audiencia n\u00famero 34 del juicio por los delitos de lesa humanidad cometidos en el centro de la<\/p>\n","protected":false},"author":6,"featured_media":65107,"comment_status":"closed","ping_status":"closed","sticky":false,"template":"","format":"standard","meta":{"_jetpack_memberships_contains_paid_content":false,"footnotes":""},"categories":[5,1],"tags":[],"class_list":["post-87745","post","type-post","status-publish","format-standard","has-post-thumbnail","hentry","category-informacion-general","category-portada"],"jetpack_featured_media_url":"https:\/\/i0.wp.com\/cdnoticias.com\/wp-content\/uploads\/2022\/09\/juicio-la-huerta-01-1.jpg?fit=1246%2C693&ssl=1","jetpack_sharing_enabled":true,"_links":{"self":[{"href":"https:\/\/cdnoticias.com\/index.php\/wp-json\/wp\/v2\/posts\/87745","targetHints":{"allow":["GET"]}}],"collection":[{"href":"https:\/\/cdnoticias.com\/index.php\/wp-json\/wp\/v2\/posts"}],"about":[{"href":"https:\/\/cdnoticias.com\/index.php\/wp-json\/wp\/v2\/types\/post"}],"author":[{"embeddable":true,"href":"https:\/\/cdnoticias.com\/index.php\/wp-json\/wp\/v2\/users\/6"}],"replies":[{"embeddable":true,"href":"https:\/\/cdnoticias.com\/index.php\/wp-json\/wp\/v2\/comments?post=87745"}],"version-history":[{"count":0,"href":"https:\/\/cdnoticias.com\/index.php\/wp-json\/wp\/v2\/posts\/87745\/revisions"}],"wp:featuredmedia":[{"embeddable":true,"href":"https:\/\/cdnoticias.com\/index.php\/wp-json\/wp\/v2\/media\/65107"}],"wp:attachment":[{"href":"https:\/\/cdnoticias.com\/index.php\/wp-json\/wp\/v2\/media?parent=87745"}],"wp:term":[{"taxonomy":"category","embeddable":true,"href":"https:\/\/cdnoticias.com\/index.php\/wp-json\/wp\/v2\/categories?post=87745"},{"taxonomy":"post_tag","embeddable":true,"href":"https:\/\/cdnoticias.com\/index.php\/wp-json\/wp\/v2\/tags?post=87745"}],"curies":[{"name":"wp","href":"https:\/\/api.w.org\/{rel}","templated":true}]}}