{"id":87721,"date":"2023-06-14T17:10:10","date_gmt":"2023-06-14T20:10:10","guid":{"rendered":"https:\/\/www.centraldenoticias.com.ar\/?p=87721"},"modified":"2023-06-14T19:26:37","modified_gmt":"2023-06-14T22:26:37","slug":"nos-hemos-reunido-mas-veces-con-axel-kicillof-que-con-desarrollo-economico-local","status":"publish","type":"post","link":"https:\/\/cdnoticias.com\/index.php\/2023\/06\/14\/nos-hemos-reunido-mas-veces-con-axel-kicillof-que-con-desarrollo-economico-local\/","title":{"rendered":"\u201cNos hemos reunido m\u00e1s veces con Axel Kicillof que con Desarrollo Econ\u00f3mico local\u201d"},"content":{"rendered":"<p>Lo dijo Jorge Sobarzo, presidente del PIO, en el acto de la entrega de la escritura del terreno de su empresa. Kicillof, aplaudido por la militancia y con pedido de ir por el segundo mandato.<\/p>\n<p><!--more--><\/p>\n<hr \/>\n<p><strong>El gobernador Axel Kicillof encabez\u00f3 un acto de entrega de una de las escrituras que se tramitan de los lotes del PIO V<\/strong>. Fue en ese parque industrial donde estuvieron las <strong>autoridades de las entidades industriales de Olavarr\u00eda<\/strong> y muchos<strong> dirigentes y militantes del Frente de Todos<\/strong>. En ese sentido, el acto no fue s\u00f3lo institucional sino que tuvo <strong>alto contenido \u201celectoral\u201d<\/strong> mediante el que el titular del Ejecutivo bonaerense expres\u00f3 sus definiciones de \u201cla Provincia\u201d, fiel a la premisa que hab\u00eda subrayado minutos antes de \u201cdiscutir modelos de provincia\u201d m\u00e1s all\u00e1 de las candidaturas.<\/p>\n<p>&nbsp;<\/p>\n<p>Kicillof junto al<strong> presidente del PIO, Jorge Sobarzo, titular de la empresa JS Servicios Olavarr\u00eda SA<\/strong>, quien recibi\u00f3 la escritura que tramit\u00f3 a trav\u00e9s de la Escriban\u00eda General de la provincia de Buenos Aires. Previo al acto, el gobernador recorri\u00f3 el predio de la empresa.<\/p>\n<p>&nbsp;<\/p>\n<p>Tambi\u00e9n estuvieron el <strong>presidente de la Uni\u00f3n Industrial de Olavarr\u00eda, C\u00e9sar Longo, el ministro de Justicia, Julio Alak<\/strong>, y el precandidato a <strong>intendente del Frente de Todos, Maximiliano Wesner<\/strong>.<\/p>\n<p>&nbsp;<\/p>\n<p><img data-recalc-dims=\"1\" loading=\"lazy\" decoding=\"async\" class=\"size-full wp-image-87723 aligncenter\" src=\"https:\/\/i0.wp.com\/cdnoticias.com\/wp-content\/uploads\/2023\/06\/kicillof-acto-PIO-04.jpg?resize=800%2C445&#038;ssl=1\" alt=\"\" width=\"800\" height=\"445\" srcset=\"https:\/\/i0.wp.com\/cdnoticias.com\/wp-content\/uploads\/2023\/06\/kicillof-acto-PIO-04.jpg?w=800&amp;ssl=1 800w, https:\/\/i0.wp.com\/cdnoticias.com\/wp-content\/uploads\/2023\/06\/kicillof-acto-PIO-04.jpg?resize=300%2C167&amp;ssl=1 300w, https:\/\/i0.wp.com\/cdnoticias.com\/wp-content\/uploads\/2023\/06\/kicillof-acto-PIO-04.jpg?resize=768%2C427&amp;ssl=1 768w\" sizes=\"auto, (max-width: 800px) 100vw, 800px\" \/><\/p>\n<p>&nbsp;<\/p>\n<p>En el PIO V se radican 35 empresas que generan m\u00e1s de 600 puestos de trabajo directos. <em>\u201cCon el objetivo de fomentar el acceso al financiamiento para la producci\u00f3n, la Provincia acompa\u00f1a a las firmas para que puedan regularizar su situaci\u00f3n dominial\u201d<\/em> se destac\u00f3 durante el acto. <strong>M\u00e1s del 50% de las compa\u00f1\u00edas que integran el polo industrial est\u00e1n tramitando sus escrituras<\/strong>.<\/p>\n<p>&nbsp;<\/p>\n<blockquote><p>El gobernador tuvo en cuenta que \u201cOlavarr\u00eda es uno de los corazones productivos de la provincia\u201d y se refiri\u00f3 a la oposici\u00f3n sin nombrar a nadie para cuestionar que \u201cvienen con la idea de que la provincia es inviable y que hay que romperla en pedazos. Con una idea equivocada de c\u00f3mo es la provincia\u201d. En ese marco, dej\u00f3 definiciones sobre el desarrollo industrial, agr\u00edcola ganadero y minero. \u201cNos desvalorizan, nos tiran abajo, desconocen e ignoran, pero tambi\u00e9n hay una mirada despectiva sobre la provincia de Buenos Aires\u201d consider\u00f3. \u201cLa dinamita no es el camino\u201d agreg\u00f3.<\/p><\/blockquote>\n<p>&nbsp;<\/p>\n<p>Su propuesta fue que <strong>\u201ca la provincia hay que unificarla e integrarla, la columna vertebral para eso es la producci\u00f3n\u201d<\/strong>. Y a\u00f1adi\u00f3 \u201cnecesitamos empresarios como los que estamos viendo ac\u00e1 que invierten en su ciudad, en su provincia y su pa\u00eds. No con la timba, no con la especulaci\u00f3n\u201d.<\/p>\n<p>&nbsp;<\/p>\n<p>\u201cEs falso el dilema entre el mercado y el Estado: en la provincia de Buenos Aires, cada vez que se retir\u00f3 el Estado nos dejaron tambi\u00e9n sin empresas\u201d, sostuvo Kicillof e indic\u00f3: <em>\u201cPara que haya un pa\u00eds productivo, tiene que haber un Estado puesto al servicio del trabajo<\/em>, que genere la infraestructura, facilite los tr\u00e1mites y utilice la banca p\u00fablica para brindar cr\u00e9dito a las y los empresarios nacionales\u201d.<\/p>\n<p>&nbsp;<\/p>\n<p><img data-recalc-dims=\"1\" loading=\"lazy\" decoding=\"async\" class=\"size-full wp-image-87725 aligncenter\" src=\"https:\/\/i0.wp.com\/cdnoticias.com\/wp-content\/uploads\/2023\/06\/kicillof-acto-PIO-02.jpg?resize=800%2C445&#038;ssl=1\" alt=\"\" width=\"800\" height=\"445\" srcset=\"https:\/\/i0.wp.com\/cdnoticias.com\/wp-content\/uploads\/2023\/06\/kicillof-acto-PIO-02.jpg?w=800&amp;ssl=1 800w, https:\/\/i0.wp.com\/cdnoticias.com\/wp-content\/uploads\/2023\/06\/kicillof-acto-PIO-02.jpg?resize=300%2C167&amp;ssl=1 300w, https:\/\/i0.wp.com\/cdnoticias.com\/wp-content\/uploads\/2023\/06\/kicillof-acto-PIO-02.jpg?resize=768%2C427&amp;ssl=1 768w\" sizes=\"auto, (max-width: 800px) 100vw, 800px\" \/><\/p>\n<p>&nbsp;<\/p>\n<p><span style=\"text-decoration: underline;\"><strong>Articulaci\u00f3n y \u00bfreelecci\u00f3n?<\/strong><\/span><\/p>\n<p>&nbsp;<\/p>\n<p>El primero en tomar la palabra en el acto fue<strong> Wesner<\/strong> quien destac\u00f3 que \u201ca partir del trabajo articulado con la Uni\u00f3n Industrial, <strong>hoy estamos dando respuesta a una demanda hist\u00f3rica para que todas las empresas empiecen el proceso de escrituraci\u00f3n\u201d<\/strong>. Adem\u00e1s, hizo hincapi\u00e9 en la labor del Ministerio de Producci\u00f3n provincial para llevar adelante las gestiones.<\/p>\n<p>&nbsp;<\/p>\n<blockquote><p>Wesner expres\u00f3 la intenci\u00f3n de que Kicillof se postule por un segundo mandato en la provincia y proyect\u00f3 su victoria en el plano local: \u201cPido de manera personal que contin\u00faes acompa\u00f1\u00e1ndonos Axel en la provincia de Buenos Aires. Los bonaerenses te necesitan, los olavarrienses te necesitamos. Porque no tengo dudas de que el a\u00f1o que viene que quien te habla va a estar gestionando Olavarr\u00eda\u201d cerr\u00f3 su intervenci\u00f3n entre aplausos.<\/p><\/blockquote>\n<p>&nbsp;<\/p>\n<p><img data-recalc-dims=\"1\" loading=\"lazy\" decoding=\"async\" class=\"size-full wp-image-87726 aligncenter\" src=\"https:\/\/i0.wp.com\/cdnoticias.com\/wp-content\/uploads\/2023\/06\/kicillof-acto-PIO-05.jpg?resize=800%2C445&#038;ssl=1\" alt=\"\" width=\"800\" height=\"445\" srcset=\"https:\/\/i0.wp.com\/cdnoticias.com\/wp-content\/uploads\/2023\/06\/kicillof-acto-PIO-05.jpg?w=800&amp;ssl=1 800w, https:\/\/i0.wp.com\/cdnoticias.com\/wp-content\/uploads\/2023\/06\/kicillof-acto-PIO-05.jpg?resize=300%2C167&amp;ssl=1 300w, https:\/\/i0.wp.com\/cdnoticias.com\/wp-content\/uploads\/2023\/06\/kicillof-acto-PIO-05.jpg?resize=768%2C427&amp;ssl=1 768w\" sizes=\"auto, (max-width: 800px) 100vw, 800px\" \/><\/p>\n<p>&nbsp;<\/p>\n<p><strong>Jorge Sobarzo<\/strong>, resalt\u00f3 que<strong> \u201cno s\u00e9 si tuvimos antes un gobernador que este tan vinculado con el interior<\/strong>, que escucha los problemas y trae soluciones: esta herramienta nos va a servir para generar m\u00e1s puestos de trabajo en el distrito\u201d, expres\u00f3.<\/p>\n<p>&nbsp;<\/p>\n<blockquote><p>El presidente del PIO contrast\u00f3 las gestiones provincial y local: \u201cnos hemos reunido m\u00e1s veces con Axel Kicillof que con el director de Desarrollo Econ\u00f3mico local. No es una postura pol\u00edtica, es la realidad\u201d.<\/p><\/blockquote>\n<p>&nbsp;<\/p>\n<p>Por \u00faltimo, <strong>C\u00e9sar Longo<\/strong>, presidente de la Uni\u00f3n Industrial de Olavarr\u00eda, remarc\u00f3 que<strong> \u201ccon esta pol\u00edtica se nos permite acceder a cr\u00e9ditos para seguir invirtiendo, generar empleo<\/strong> y, as\u00ed, aportar tambi\u00e9n al crecimiento de la econom\u00eda\u201d. \u201cTengo que agradecer. A veces en la pol\u00edtica se habla, pero esto son hechos\u201d cerr\u00f3 el dirigente y empresario.<\/p>\n<p>&nbsp;<\/p>\n<blockquote class=\"wp-embedded-content\" data-secret=\"ot9OXNyyqP\"><p><a href=\"https:\/\/cdnoticias.com\/index.php\/2023\/06\/14\/el-camino-de-la-reconstruccion-de-la-provincia-ya-lo-empezamos-a-transitar\/\">\u201cEl camino de la reconstrucci\u00f3n de la Provincia ya lo empezamos a transitar\u201d<\/a><\/p><\/blockquote>\n<p><iframe loading=\"lazy\" class=\"wp-embedded-content\" sandbox=\"allow-scripts\" security=\"restricted\" style=\"position: absolute; clip: rect(1px, 1px, 1px, 1px);\" title=\"&#8220;\u201cEl camino de la reconstrucci\u00f3n de la Provincia ya lo empezamos a transitar\u201d&#8221; &#8212; Central de Noticias | Olavarr\u00eda\" src=\"https:\/\/cdnoticias.com\/index.php\/2023\/06\/14\/el-camino-de-la-reconstruccion-de-la-provincia-ya-lo-empezamos-a-transitar\/embed\/#?secret=7P5dlIMvr6#?secret=ot9OXNyyqP\" data-secret=\"ot9OXNyyqP\" width=\"600\" height=\"338\" frameborder=\"0\" marginwidth=\"0\" marginheight=\"0\" scrolling=\"no\"><\/iframe><\/p>\n<p>&nbsp;<\/p>\n","protected":false},"excerpt":{"rendered":"<p>Lo dijo Jorge Sobarzo, presidente del PIO, en el acto de la entrega de la escritura del terreno de su<\/p>\n","protected":false},"author":4,"featured_media":87722,"comment_status":"closed","ping_status":"closed","sticky":false,"template":"","format":"standard","meta":{"_jetpack_memberships_contains_paid_content":false,"footnotes":""},"categories":[5,1],"tags":[],"class_list":["post-87721","post","type-post","status-publish","format-standard","has-post-thumbnail","hentry","category-informacion-general","category-portada"],"jetpack_featured_media_url":"https:\/\/i0.wp.com\/cdnoticias.com\/wp-content\/uploads\/2023\/06\/kicillof-acto-PIO-08.jpg?fit=800%2C445&ssl=1","jetpack_sharing_enabled":true,"_links":{"self":[{"href":"https:\/\/cdnoticias.com\/index.php\/wp-json\/wp\/v2\/posts\/87721","targetHints":{"allow":["GET"]}}],"collection":[{"href":"https:\/\/cdnoticias.com\/index.php\/wp-json\/wp\/v2\/posts"}],"about":[{"href":"https:\/\/cdnoticias.com\/index.php\/wp-json\/wp\/v2\/types\/post"}],"author":[{"embeddable":true,"href":"https:\/\/cdnoticias.com\/index.php\/wp-json\/wp\/v2\/users\/4"}],"replies":[{"embeddable":true,"href":"https:\/\/cdnoticias.com\/index.php\/wp-json\/wp\/v2\/comments?post=87721"}],"version-history":[{"count":0,"href":"https:\/\/cdnoticias.com\/index.php\/wp-json\/wp\/v2\/posts\/87721\/revisions"}],"wp:featuredmedia":[{"embeddable":true,"href":"https:\/\/cdnoticias.com\/index.php\/wp-json\/wp\/v2\/media\/87722"}],"wp:attachment":[{"href":"https:\/\/cdnoticias.com\/index.php\/wp-json\/wp\/v2\/media?parent=87721"}],"wp:term":[{"taxonomy":"category","embeddable":true,"href":"https:\/\/cdnoticias.com\/index.php\/wp-json\/wp\/v2\/categories?post=87721"},{"taxonomy":"post_tag","embeddable":true,"href":"https:\/\/cdnoticias.com\/index.php\/wp-json\/wp\/v2\/tags?post=87721"}],"curies":[{"name":"wp","href":"https:\/\/api.w.org\/{rel}","templated":true}]}}