{"id":87690,"date":"2023-06-14T18:30:49","date_gmt":"2023-06-14T21:30:49","guid":{"rendered":"https:\/\/www.centraldenoticias.com.ar\/?p=87690"},"modified":"2023-06-14T19:27:32","modified_gmt":"2023-06-14T22:27:32","slug":"el-camino-de-la-reconstruccion-de-la-provincia-ya-lo-empezamos-a-transitar","status":"publish","type":"post","link":"https:\/\/cdnoticias.com\/index.php\/2023\/06\/14\/el-camino-de-la-reconstruccion-de-la-provincia-ya-lo-empezamos-a-transitar\/","title":{"rendered":"\u201cEl camino de la reconstrucci\u00f3n de la Provincia ya lo empezamos a transitar\u201d"},"content":{"rendered":"<p>Lo destac\u00f3 el gobernador Axel Kicillof en el marco de la entrega de m\u00e1s de 500 escrituras. Adem\u00e1s, resalt\u00f3 la importancia de la obra p\u00fablica en Olavarr\u00eda y la Provincia.<\/p>\n<p><!--more--><\/p>\n<hr \/>\n<p>El <strong>gobernador Axel Kicillof<\/strong> afirm\u00f3 que <strong>\u201cel camino de la reconstrucci\u00f3n de la provincia de Buenos Aires ya lo empezamos a transitar y es un camino de ampliar derechos\u201d<\/strong>. Fue en nuestra ciudad en el acto de <a href=\"https:\/\/cdnoticias.com\/index.php\/2023\/06\/14\/en-olavarria-se-entrego-la-escritura-80-000-de-la-actual-gestion-provincial\/\" target=\"_blank\" rel=\"noopener\">entrega de m\u00e1s de 500 escrituras que se concret\u00f3 en la Sociedad de Fomento Mariano Moreno<\/a>.<\/p>\n<p>&nbsp;<\/p>\n<p>All\u00ed estuvo junto a referentes locales y funcionarios provinciales con un <strong>discurso centrado en la gesti\u00f3n de la Escriban\u00eda General de Gobierno<\/strong>, aunque tambi\u00e9n extendido a la <strong>importancia de a obra p\u00fablica para la provincia y para Olavarr\u00eda<\/strong>.<\/p>\n<p>&nbsp;<\/p>\n<p>Respecto del objetivo central del encuentro, el mandatario resalt\u00f3 la labor de los funcionarios provinciales y luego <strong>agradeci\u00f3 \u201ca los funcionarios del gobierno municipal\u201d<\/strong>. Indic\u00f3 que \u201cestaba invitado el Intendente, tuvo la deferencia de que nos acompa\u00f1a parte de su gabinete, as\u00ed que quiero celebrar que es un acto donde la provincia trabaja con todos los municipios sean oficialistas u opositores porque ustedes como olavarrienses y bonaerenses se merecen tener la escritura m\u00e1s all\u00e1 de qui\u00e9n gobierna cada municipio. Esto para nosotros es sagrado\u201d.<\/p>\n<p>&nbsp;<\/p>\n<p><img data-recalc-dims=\"1\" loading=\"lazy\" decoding=\"async\" class=\"aligncenter size-full wp-image-87696\" src=\"https:\/\/i0.wp.com\/cdnoticias.com\/wp-content\/uploads\/2023\/06\/kicillof-escrituras02.jpg?resize=742%2C445&#038;ssl=1\" alt=\"\" width=\"742\" height=\"445\" srcset=\"https:\/\/i0.wp.com\/cdnoticias.com\/wp-content\/uploads\/2023\/06\/kicillof-escrituras02.jpg?w=742&amp;ssl=1 742w, https:\/\/i0.wp.com\/cdnoticias.com\/wp-content\/uploads\/2023\/06\/kicillof-escrituras02.jpg?resize=300%2C180&amp;ssl=1 300w\" sizes=\"auto, (max-width: 742px) 100vw, 742px\" \/><\/p>\n<p>&nbsp;<\/p>\n<p>Luego hizo referencias al diputado provincial C\u00e9sar Valicenti y al precandidato a intendente local del Frente de Todos Maximiliano Wesner, quien tambi\u00e9n se expres\u00f3 en el acto.<\/p>\n<p>&nbsp;<\/p>\n<p>\u201c<strong>Quiero festejar que hoy venimos a hacer dos cosas, no solo entregar las escrituras sino tambi\u00e9n a poner en marcha proyectos de vivienda important\u00edsimos para Olavarr\u00eda.<\/strong> C\u00f3mo Olavarr\u00eda, capital del cemento, no va a tener obra y construcci\u00f3n. As\u00ed que es important\u00edsimo hacerlo ac\u00e1. Estamos terminando las 21 que quedaban (del barrio Educadores), estamos iniciando 100 m\u00e1s (del barrio CECO III). Hemos terminado ya y tambi\u00e9n en un n\u00famero significativo de 20.000 viviendas en la provincia. Tenemos en marcha 40.000 viviendas junto con la Naci\u00f3n\u201d repas\u00f3 Kicillof. Luego advirti\u00f3 que \u201cno se resuelve el problema total. Ni el de la vivienda ni el de las escrituras\u201d.<\/p>\n<p>&nbsp;<\/p>\n<p><img data-recalc-dims=\"1\" loading=\"lazy\" decoding=\"async\" class=\"aligncenter size-full wp-image-87695\" src=\"https:\/\/i0.wp.com\/cdnoticias.com\/wp-content\/uploads\/2023\/06\/kicillof-escrituras01.jpg?resize=742%2C445&#038;ssl=1\" alt=\"\" width=\"742\" height=\"445\" srcset=\"https:\/\/i0.wp.com\/cdnoticias.com\/wp-content\/uploads\/2023\/06\/kicillof-escrituras01.jpg?w=742&amp;ssl=1 742w, https:\/\/i0.wp.com\/cdnoticias.com\/wp-content\/uploads\/2023\/06\/kicillof-escrituras01.jpg?resize=300%2C180&amp;ssl=1 300w\" sizes=\"auto, (max-width: 742px) 100vw, 742px\" \/><\/p>\n<p><img data-recalc-dims=\"1\" loading=\"lazy\" decoding=\"async\" class=\"aligncenter size-full wp-image-87701\" src=\"https:\/\/i0.wp.com\/cdnoticias.com\/wp-content\/uploads\/2023\/06\/kicillof-escrituras07.jpg?resize=742%2C445&#038;ssl=1\" alt=\"\" width=\"742\" height=\"445\" srcset=\"https:\/\/i0.wp.com\/cdnoticias.com\/wp-content\/uploads\/2023\/06\/kicillof-escrituras07.jpg?w=742&amp;ssl=1 742w, https:\/\/i0.wp.com\/cdnoticias.com\/wp-content\/uploads\/2023\/06\/kicillof-escrituras07.jpg?resize=300%2C180&amp;ssl=1 300w\" sizes=\"auto, (max-width: 742px) 100vw, 742px\" \/><\/p>\n<p>&nbsp;<\/p>\n<p>Un apartado de su discurso lo dedic\u00f3 a la obra de la <strong>Casa de la Provincia.<\/strong> \u201cLas casas de la provincia de Buenos Aires fueron muy criticadas cuando las lanzamos\u201d dijo. Afirm\u00f3 que esas cr\u00edticas se leyeron \u201cen la prensa porte\u00f1a\u201d, y contrast\u00f3 que \u201cen todos los municipios hubo much\u00edsima aceptaci\u00f3n porque se comprendi\u00f3 que son una forma de acercar el estado provincial a cada uno de los y las bonaerenses\u201d.<\/p>\n<p>&nbsp;<\/p>\n<p>M\u00e1s adelante tambi\u00e9n se refiri\u00f3 a \u201creactivar la obra del <strong>Polo Judicial<\/strong> que nos cost\u00f3 tanto. Es una obra importante, que es construcci\u00f3n en Olavarr\u00eda, es para nosotros un gran anuncio, una gran meta\u201d.<\/p>\n<p>&nbsp;<\/p>\n<p><img data-recalc-dims=\"1\" loading=\"lazy\" decoding=\"async\" class=\"aligncenter size-full wp-image-87697\" src=\"https:\/\/i0.wp.com\/cdnoticias.com\/wp-content\/uploads\/2023\/06\/kicillof-escrituras05.jpg?resize=742%2C445&#038;ssl=1\" alt=\"\" width=\"742\" height=\"445\" srcset=\"https:\/\/i0.wp.com\/cdnoticias.com\/wp-content\/uploads\/2023\/06\/kicillof-escrituras05.jpg?w=742&amp;ssl=1 742w, https:\/\/i0.wp.com\/cdnoticias.com\/wp-content\/uploads\/2023\/06\/kicillof-escrituras05.jpg?resize=300%2C180&amp;ssl=1 300w\" sizes=\"auto, (max-width: 742px) 100vw, 742px\" \/><\/p>\n<p>&nbsp;<\/p>\n<p>Por \u00faltimo, cont\u00f3 que ya se entregaron los adelantos de fondos del programa<strong> \u201cMunicipios a la obra\u201d<\/strong> para tambi\u00e9n incentivar la obra p\u00fablica.<\/p>\n<p>&nbsp;<\/p>\n<p><img data-recalc-dims=\"1\" loading=\"lazy\" decoding=\"async\" class=\"aligncenter size-full wp-image-87698\" src=\"https:\/\/i0.wp.com\/cdnoticias.com\/wp-content\/uploads\/2023\/06\/wesner-escrituras.jpg?resize=742%2C445&#038;ssl=1\" alt=\"\" width=\"742\" height=\"445\" srcset=\"https:\/\/i0.wp.com\/cdnoticias.com\/wp-content\/uploads\/2023\/06\/wesner-escrituras.jpg?w=742&amp;ssl=1 742w, https:\/\/i0.wp.com\/cdnoticias.com\/wp-content\/uploads\/2023\/06\/wesner-escrituras.jpg?resize=300%2C180&amp;ssl=1 300w\" sizes=\"auto, (max-width: 742px) 100vw, 742px\" \/><\/p>\n<p><img data-recalc-dims=\"1\" loading=\"lazy\" decoding=\"async\" class=\"aligncenter size-full wp-image-87702\" src=\"https:\/\/i0.wp.com\/cdnoticias.com\/wp-content\/uploads\/2023\/06\/kicillof-escrituras08.jpg?resize=742%2C445&#038;ssl=1\" alt=\"\" width=\"742\" height=\"445\" srcset=\"https:\/\/i0.wp.com\/cdnoticias.com\/wp-content\/uploads\/2023\/06\/kicillof-escrituras08.jpg?w=742&amp;ssl=1 742w, https:\/\/i0.wp.com\/cdnoticias.com\/wp-content\/uploads\/2023\/06\/kicillof-escrituras08.jpg?resize=300%2C180&amp;ssl=1 300w\" sizes=\"auto, (max-width: 742px) 100vw, 742px\" \/><\/p>\n<p>&nbsp;<\/p>\n<p>Por su parte, <strong>Maximiliano Wesner,<\/strong> resalt\u00f3 al comienzo del acto la relevancia de esta acci\u00f3n ya que \u201cviene a dar un cierre a tantas viviendas que se han construido en nuestro partido\u201d y se\u00f1al\u00f3 la decisi\u00f3n pol\u00edtica de \u201csaldar una deuda pendiente que ten\u00eda la provincia con los vecinos de barrio Educadores, porque se pudo retomar la obra de las 21 viviendas que ya son menos. Quedan 8, se est\u00e1n construyendo y se van a terminar en breve esa obra que hab\u00eda quedado trunca hace a\u00f1os\u201d.<\/p>\n<p>&nbsp;<\/p>\n<p>Adem\u00e1s, destac\u00f3 el convenio firmado para la realizaci\u00f3n de 100 nuevas viviendas en lo que ser\u00e1 el barrio CECO III.<\/p>\n<p>&nbsp;<\/p>\n<blockquote class=\"wp-embedded-content\" data-secret=\"Z1OoIJBBHJ\"><p><a href=\"https:\/\/cdnoticias.com\/index.php\/2023\/06\/14\/en-olavarria-se-entrego-la-escritura-80-000-de-la-actual-gestion-provincial\/\">En Olavarr\u00eda se entreg\u00f3 la escritura 80.000 de la actual gesti\u00f3n provincial<\/a><\/p><\/blockquote>\n<p><iframe loading=\"lazy\" class=\"wp-embedded-content\" sandbox=\"allow-scripts\" security=\"restricted\" style=\"position: absolute; clip: rect(1px, 1px, 1px, 1px);\" title=\"&#8220;En Olavarr\u00eda se entreg\u00f3 la escritura 80.000 de la actual gesti\u00f3n provincial&#8221; &#8212; Central de Noticias | Olavarr\u00eda\" src=\"https:\/\/cdnoticias.com\/index.php\/2023\/06\/14\/en-olavarria-se-entrego-la-escritura-80-000-de-la-actual-gestion-provincial\/embed\/#?secret=Rf2E2tDuvc#?secret=Z1OoIJBBHJ\" data-secret=\"Z1OoIJBBHJ\" width=\"600\" height=\"338\" frameborder=\"0\" marginwidth=\"0\" marginheight=\"0\" scrolling=\"no\"><\/iframe><\/p>\n<p>&nbsp;<\/p>\n","protected":false},"excerpt":{"rendered":"<p>Lo destac\u00f3 el gobernador Axel Kicillof en el marco de la entrega de m\u00e1s de 500 escrituras. Adem\u00e1s, resalt\u00f3 la<\/p>\n","protected":false},"author":4,"featured_media":87694,"comment_status":"closed","ping_status":"closed","sticky":false,"template":"","format":"standard","meta":{"_jetpack_memberships_contains_paid_content":false,"footnotes":""},"categories":[5,1],"tags":[],"class_list":["post-87690","post","type-post","status-publish","format-standard","has-post-thumbnail","hentry","category-informacion-general","category-portada"],"jetpack_featured_media_url":"https:\/\/i0.wp.com\/cdnoticias.com\/wp-content\/uploads\/2023\/06\/kicillof-escrituras00.jpg?fit=742%2C445&ssl=1","jetpack_sharing_enabled":true,"_links":{"self":[{"href":"https:\/\/cdnoticias.com\/index.php\/wp-json\/wp\/v2\/posts\/87690","targetHints":{"allow":["GET"]}}],"collection":[{"href":"https:\/\/cdnoticias.com\/index.php\/wp-json\/wp\/v2\/posts"}],"about":[{"href":"https:\/\/cdnoticias.com\/index.php\/wp-json\/wp\/v2\/types\/post"}],"author":[{"embeddable":true,"href":"https:\/\/cdnoticias.com\/index.php\/wp-json\/wp\/v2\/users\/4"}],"replies":[{"embeddable":true,"href":"https:\/\/cdnoticias.com\/index.php\/wp-json\/wp\/v2\/comments?post=87690"}],"version-history":[{"count":0,"href":"https:\/\/cdnoticias.com\/index.php\/wp-json\/wp\/v2\/posts\/87690\/revisions"}],"wp:featuredmedia":[{"embeddable":true,"href":"https:\/\/cdnoticias.com\/index.php\/wp-json\/wp\/v2\/media\/87694"}],"wp:attachment":[{"href":"https:\/\/cdnoticias.com\/index.php\/wp-json\/wp\/v2\/media?parent=87690"}],"wp:term":[{"taxonomy":"category","embeddable":true,"href":"https:\/\/cdnoticias.com\/index.php\/wp-json\/wp\/v2\/categories?post=87690"},{"taxonomy":"post_tag","embeddable":true,"href":"https:\/\/cdnoticias.com\/index.php\/wp-json\/wp\/v2\/tags?post=87690"}],"curies":[{"name":"wp","href":"https:\/\/api.w.org\/{rel}","templated":true}]}}