{"id":87678,"date":"2023-06-14T18:30:07","date_gmt":"2023-06-14T21:30:07","guid":{"rendered":"https:\/\/www.centraldenoticias.com.ar\/?p=87678"},"modified":"2023-06-14T18:30:07","modified_gmt":"2023-06-14T21:30:07","slug":"horacio-rodriguez-larreta-volvera-a-olavarria","status":"publish","type":"post","link":"https:\/\/cdnoticias.com\/index.php\/2023\/06\/14\/horacio-rodriguez-larreta-volvera-a-olavarria\/","title":{"rendered":"Horacio Rodr\u00edguez Larreta, volver\u00e1 a Olavarr\u00eda"},"content":{"rendered":"<p>El precandidato a presidente del Pro llegar\u00e1 este jueves a la ciudad. Estar\u00e1 acompa\u00f1ado por el postulante a la gobernaci\u00f3n Diego Santilli.<\/p>\n<p><!--more--><\/p>\n<hr \/>\n<p><strong>Horacio Rodr\u00edguez Larreta<\/strong>, el precandidato a presidente del Pro, <strong>volver\u00e1 a Olavarr\u00eda.<\/strong><\/p>\n<p>&nbsp;<\/p>\n<p>Llegar\u00e1 <strong>este jueves<\/strong> a la ciudad. Desde el martes vecinos del distrito reciben llamados que, en la voz del actual jefe de gobierno de CABA, invitan a participar de una reuni\u00f3n aunque, cabe aclarar, <strong>desde el sector a\u00fan no se oficializ\u00f3 la agenda de actividades.<\/strong><\/p>\n<p>&nbsp;<\/p>\n<p>El dirigente nacional del Pro estar\u00e1 acompa\u00f1ado por el postulante a la gobernaci\u00f3n,<strong> Diego Santilli<\/strong>, y se espera que los acompa\u00f1e en la visita el <strong>intendente y precandidato Ezequiel Galli.<\/strong><\/p>\n<p>&nbsp;<\/p>\n","protected":false},"excerpt":{"rendered":"<p>El precandidato a presidente del Pro llegar\u00e1 este jueves a la ciudad. Estar\u00e1 acompa\u00f1ado por el postulante a la gobernaci\u00f3n<\/p>\n","protected":false},"author":4,"featured_media":62241,"comment_status":"closed","ping_status":"closed","sticky":false,"template":"","format":"standard","meta":{"_jetpack_memberships_contains_paid_content":false,"footnotes":""},"categories":[4,1],"tags":[],"class_list":["post-87678","post","type-post","status-publish","format-standard","has-post-thumbnail","hentry","category-politica","category-portada"],"jetpack_featured_media_url":"https:\/\/i0.wp.com\/cdnoticias.com\/wp-content\/uploads\/2022\/08\/larretaolava3-scaled.jpg?fit=2560%2C1536&ssl=1","jetpack_sharing_enabled":true,"_links":{"self":[{"href":"https:\/\/cdnoticias.com\/index.php\/wp-json\/wp\/v2\/posts\/87678","targetHints":{"allow":["GET"]}}],"collection":[{"href":"https:\/\/cdnoticias.com\/index.php\/wp-json\/wp\/v2\/posts"}],"about":[{"href":"https:\/\/cdnoticias.com\/index.php\/wp-json\/wp\/v2\/types\/post"}],"author":[{"embeddable":true,"href":"https:\/\/cdnoticias.com\/index.php\/wp-json\/wp\/v2\/users\/4"}],"replies":[{"embeddable":true,"href":"https:\/\/cdnoticias.com\/index.php\/wp-json\/wp\/v2\/comments?post=87678"}],"version-history":[{"count":0,"href":"https:\/\/cdnoticias.com\/index.php\/wp-json\/wp\/v2\/posts\/87678\/revisions"}],"wp:featuredmedia":[{"embeddable":true,"href":"https:\/\/cdnoticias.com\/index.php\/wp-json\/wp\/v2\/media\/62241"}],"wp:attachment":[{"href":"https:\/\/cdnoticias.com\/index.php\/wp-json\/wp\/v2\/media?parent=87678"}],"wp:term":[{"taxonomy":"category","embeddable":true,"href":"https:\/\/cdnoticias.com\/index.php\/wp-json\/wp\/v2\/categories?post=87678"},{"taxonomy":"post_tag","embeddable":true,"href":"https:\/\/cdnoticias.com\/index.php\/wp-json\/wp\/v2\/tags?post=87678"}],"curies":[{"name":"wp","href":"https:\/\/api.w.org\/{rel}","templated":true}]}}