{"id":87676,"date":"2023-06-14T17:47:56","date_gmt":"2023-06-14T20:47:56","guid":{"rendered":"https:\/\/www.centraldenoticias.com.ar\/?p=87676"},"modified":"2023-06-14T17:47:56","modified_gmt":"2023-06-14T20:47:56","slug":"feria-de-artesanos-por-el-dia-del-padre","status":"publish","type":"post","link":"https:\/\/cdnoticias.com\/index.php\/2023\/06\/14\/feria-de-artesanos-por-el-dia-del-padre\/","title":{"rendered":"Feria de artesanos por el D\u00eda del Padre"},"content":{"rendered":"<p>Ser\u00e1 desde este viernes 16 al domingo 18 de junio de 10 a 20 en la plaza central y el Paseo Jes\u00fas Mend\u00eda.<!--more--><\/p>\n<hr \/>\n<p>En el marco del D\u00eda del Padre, la plaza central y el Paseo \u201cJes\u00fas Mend\u00eda\u201d se convertir\u00e1n en una gran feria de artesanos, durante el<strong> viernes 16, s\u00e1bado 17 y domingo 18 de junio, de 10 a 20 horas.<\/strong><\/p>\n<p>&nbsp;<\/p>\n<p>Participar\u00e1n<strong> artesanos locales que utilizan diferentes t\u00e9cnicas<\/strong> tales como papel mach\u00e9, orfebrer\u00eda, tejido en telar, hilado, encuadernaci\u00f3n, cester\u00eda ecol\u00f3gica, tejido en paja vizcachera, cer\u00e1mica, vitrofusi\u00f3n, marroquiner\u00eda, madera, amigurumis, macram\u00e9, velas, pintura art\u00edstica, bordado, artesan\u00eda reciclada y resignificaci\u00f3n.<\/p>\n<p>&nbsp;<\/p>\n<p>El objetivo de esta propuesta es <strong>impulsar y reconocer la actividad artesanal en el Partido de Olavarr\u00eda<\/strong>, y que a trav\u00e9s de este tipo de eventos se permita dar un espacio de encuentro y sociabilizaci\u00f3n, generar v\u00ednculos y colaborar en la econom\u00eda social.<\/p>\n","protected":false},"excerpt":{"rendered":"<p>Ser\u00e1 desde este viernes 16 al domingo 18 de junio de 10 a 20 en la plaza central y el<\/p>\n","protected":false},"author":5,"featured_media":80633,"comment_status":"closed","ping_status":"closed","sticky":false,"template":"","format":"standard","meta":{"_jetpack_memberships_contains_paid_content":false,"footnotes":""},"categories":[9,1],"tags":[],"class_list":["post-87676","post","type-post","status-publish","format-standard","has-post-thumbnail","hentry","category-cultura","category-portada"],"jetpack_featured_media_url":"https:\/\/i0.wp.com\/cdnoticias.com\/wp-content\/uploads\/2023\/03\/feria-de-artesanos-00.jpg?fit=800%2C445&ssl=1","jetpack_sharing_enabled":true,"_links":{"self":[{"href":"https:\/\/cdnoticias.com\/index.php\/wp-json\/wp\/v2\/posts\/87676","targetHints":{"allow":["GET"]}}],"collection":[{"href":"https:\/\/cdnoticias.com\/index.php\/wp-json\/wp\/v2\/posts"}],"about":[{"href":"https:\/\/cdnoticias.com\/index.php\/wp-json\/wp\/v2\/types\/post"}],"author":[{"embeddable":true,"href":"https:\/\/cdnoticias.com\/index.php\/wp-json\/wp\/v2\/users\/5"}],"replies":[{"embeddable":true,"href":"https:\/\/cdnoticias.com\/index.php\/wp-json\/wp\/v2\/comments?post=87676"}],"version-history":[{"count":0,"href":"https:\/\/cdnoticias.com\/index.php\/wp-json\/wp\/v2\/posts\/87676\/revisions"}],"wp:featuredmedia":[{"embeddable":true,"href":"https:\/\/cdnoticias.com\/index.php\/wp-json\/wp\/v2\/media\/80633"}],"wp:attachment":[{"href":"https:\/\/cdnoticias.com\/index.php\/wp-json\/wp\/v2\/media?parent=87676"}],"wp:term":[{"taxonomy":"category","embeddable":true,"href":"https:\/\/cdnoticias.com\/index.php\/wp-json\/wp\/v2\/categories?post=87676"},{"taxonomy":"post_tag","embeddable":true,"href":"https:\/\/cdnoticias.com\/index.php\/wp-json\/wp\/v2\/tags?post=87676"}],"curies":[{"name":"wp","href":"https:\/\/api.w.org\/{rel}","templated":true}]}}