{"id":87670,"date":"2023-06-14T08:47:10","date_gmt":"2023-06-14T11:47:10","guid":{"rendered":"https:\/\/www.centraldenoticias.com.ar\/?p=87670"},"modified":"2023-06-14T08:47:10","modified_gmt":"2023-06-14T11:47:10","slug":"atraparon-a-un-hombre-que-tenia-pedido-de-detencion","status":"publish","type":"post","link":"https:\/\/cdnoticias.com\/index.php\/2023\/06\/14\/atraparon-a-un-hombre-que-tenia-pedido-de-detencion\/","title":{"rendered":"Atraparon a un hombre que ten\u00eda pedido de detenci\u00f3n"},"content":{"rendered":"<p>Fue en el marco de una causa penal por lesiones. Fue detenido en inmediaciones de su domicilio.<!--more--><\/p>\n<hr \/>\n<p>Efectivos policiales de la comisar\u00eda Primera detuvieron a un<strong> hombre de 25 a\u00f1os que ten\u00eda una orden de detenci\u00f3n<\/strong> dispuesta por el juez de Garant\u00edas N\u00b0 2 de Azul<\/p>\n<p>&nbsp;<\/p>\n<p>Es el marco de una causa penal por<strong> \u201clesiones doblemente agravadas y coacci\u00f3n simple en concurso real\u201d.<\/strong><\/p>\n<p>Seg\u00fan se inform\u00f3, la detenci\u00f3n se produjo en la v\u00eda p\u00fablica tras implementar un <strong>operativo encubierto<\/strong> en inmediaciones del domicilio del hombre.<\/p>\n<p>&nbsp;<\/p>\n<p>El detenido fue trasladado a la sede policial a espera de cupo en una unidad penitenciaria. <strong>Interviene la UFI N\u00b0 5.<\/strong><\/p>\n","protected":false},"excerpt":{"rendered":"<p>Fue en el marco de una causa penal por lesiones. Fue detenido en inmediaciones de su domicilio.<\/p>\n","protected":false},"author":5,"featured_media":87672,"comment_status":"closed","ping_status":"closed","sticky":false,"template":"","format":"standard","meta":{"_jetpack_memberships_contains_paid_content":false,"footnotes":""},"categories":[14,1],"tags":[],"class_list":["post-87670","post","type-post","status-publish","format-standard","has-post-thumbnail","hentry","category-policiales","category-portada"],"jetpack_featured_media_url":"https:\/\/i0.wp.com\/cdnoticias.com\/wp-content\/uploads\/2023\/06\/orden-detencion.jpg?fit=824%2C494&ssl=1","jetpack_sharing_enabled":true,"_links":{"self":[{"href":"https:\/\/cdnoticias.com\/index.php\/wp-json\/wp\/v2\/posts\/87670","targetHints":{"allow":["GET"]}}],"collection":[{"href":"https:\/\/cdnoticias.com\/index.php\/wp-json\/wp\/v2\/posts"}],"about":[{"href":"https:\/\/cdnoticias.com\/index.php\/wp-json\/wp\/v2\/types\/post"}],"author":[{"embeddable":true,"href":"https:\/\/cdnoticias.com\/index.php\/wp-json\/wp\/v2\/users\/5"}],"replies":[{"embeddable":true,"href":"https:\/\/cdnoticias.com\/index.php\/wp-json\/wp\/v2\/comments?post=87670"}],"version-history":[{"count":0,"href":"https:\/\/cdnoticias.com\/index.php\/wp-json\/wp\/v2\/posts\/87670\/revisions"}],"wp:featuredmedia":[{"embeddable":true,"href":"https:\/\/cdnoticias.com\/index.php\/wp-json\/wp\/v2\/media\/87672"}],"wp:attachment":[{"href":"https:\/\/cdnoticias.com\/index.php\/wp-json\/wp\/v2\/media?parent=87670"}],"wp:term":[{"taxonomy":"category","embeddable":true,"href":"https:\/\/cdnoticias.com\/index.php\/wp-json\/wp\/v2\/categories?post=87670"},{"taxonomy":"post_tag","embeddable":true,"href":"https:\/\/cdnoticias.com\/index.php\/wp-json\/wp\/v2\/tags?post=87670"}],"curies":[{"name":"wp","href":"https:\/\/api.w.org\/{rel}","templated":true}]}}