{"id":87669,"date":"2023-06-14T08:45:49","date_gmt":"2023-06-14T11:45:49","guid":{"rendered":"https:\/\/www.centraldenoticias.com.ar\/?p=87669"},"modified":"2023-06-14T11:48:08","modified_gmt":"2023-06-14T14:48:08","slug":"doble-entrega-de-escrituras-y-recorridas-de-kicillof-en-su-visita-a-olavarria","status":"publish","type":"post","link":"https:\/\/cdnoticias.com\/index.php\/2023\/06\/14\/doble-entrega-de-escrituras-y-recorridas-de-kicillof-en-su-visita-a-olavarria\/","title":{"rendered":"Doble entrega de escrituras y recorridas de Kicillof en su visita a Olavarr\u00eda"},"content":{"rendered":"<p>Llegar\u00e1 tambi\u00e9n el ministro de H\u00e1bitat y Desarrollo Urbano, Agust\u00edn Simone. El Polo Judicial y las viviendas del barrio CECO III, en la agenda.<\/p>\n<p><!--more--><\/p>\n<hr \/>\n<p><strong>Este mi\u00e9rcoles estar\u00e1 en Olavarr\u00eda el gobernador Axel Kicillof<\/strong> quien encabezar\u00e1 diversas actividades. Se espera su llegada durante la ma\u00f1ana y, en base a la agenda difundida, se espera su permanencia hasta las primeras horas de la tarde en la ciudad.<\/p>\n<p>&nbsp;<\/p>\n<p>Se anunci\u00f3 tambi\u00e9n la presencia del<strong> ministro de H\u00e1bitat y Desarrollo Urbano, Agust\u00edn Simone<\/strong>.<\/p>\n<p>&nbsp;<\/p>\n<p>A la 10, Kicillof encabezar\u00e1 un<strong> acto de entrega de 511 escrituras en la Sociedad de Fomento Mariano Moreno<\/strong> donde estar\u00e1n asimismo <strong>autoridades municipales<\/strong>.<\/p>\n<p>&nbsp;<\/p>\n<p>El acto se enmarc\u00f3 en el programa provincial &#8220;Mi escritura, mi casa&#8221;. <a href=\"https:\/\/cdnoticias.com\/index.php\/2023\/06\/13\/entrega-de-escrituras-en-la-sociedad-de-fomento-mariano-moreno\/\" target=\"_blank\" rel=\"noopener\">Desde la Municipalidad se difundi\u00f3 la lista de vecinos e instituciones citadas para la entrega<\/a>.<\/p>\n<p>&nbsp;<\/p>\n<p>A las 11.30 Kicillof comenzar\u00e1 las <strong>recorridas<\/strong>: primero en los <strong>avances de las obras del Polo Judicial<\/strong> y a las 12 por el loteo donde se avanza con la construcci\u00f3n de <strong>viviendas del barrio CECO III<\/strong>.<\/p>\n<p>&nbsp;<\/p>\n<p>A las 12.30 el mandatario <strong>visitar\u00e1 el Parque Industrial<\/strong> donde entregar\u00e1 las <strong>escrituras a los propietarios de terrenos del PIO V<\/strong>. El acto de entrega se har\u00e1 en una empresa ubicada en Los Jazmines y Pablo Fassina.<\/p>\n<p>&nbsp;<\/p>\n","protected":false},"excerpt":{"rendered":"<p>Llegar\u00e1 tambi\u00e9n el ministro de H\u00e1bitat y Desarrollo Urbano, Agust\u00edn Simone. El Polo Judicial y las viviendas del barrio CECO<\/p>\n","protected":false},"author":4,"featured_media":68385,"comment_status":"closed","ping_status":"closed","sticky":false,"template":"","format":"standard","meta":{"_jetpack_memberships_contains_paid_content":false,"footnotes":""},"categories":[4,1],"tags":[],"class_list":["post-87669","post","type-post","status-publish","format-standard","has-post-thumbnail","hentry","category-politica","category-portada"],"jetpack_featured_media_url":"https:\/\/i0.wp.com\/cdnoticias.com\/wp-content\/uploads\/2022\/10\/kicillof-confe4-scaled.jpg?fit=2560%2C1536&ssl=1","jetpack_sharing_enabled":true,"_links":{"self":[{"href":"https:\/\/cdnoticias.com\/index.php\/wp-json\/wp\/v2\/posts\/87669","targetHints":{"allow":["GET"]}}],"collection":[{"href":"https:\/\/cdnoticias.com\/index.php\/wp-json\/wp\/v2\/posts"}],"about":[{"href":"https:\/\/cdnoticias.com\/index.php\/wp-json\/wp\/v2\/types\/post"}],"author":[{"embeddable":true,"href":"https:\/\/cdnoticias.com\/index.php\/wp-json\/wp\/v2\/users\/4"}],"replies":[{"embeddable":true,"href":"https:\/\/cdnoticias.com\/index.php\/wp-json\/wp\/v2\/comments?post=87669"}],"version-history":[{"count":0,"href":"https:\/\/cdnoticias.com\/index.php\/wp-json\/wp\/v2\/posts\/87669\/revisions"}],"wp:featuredmedia":[{"embeddable":true,"href":"https:\/\/cdnoticias.com\/index.php\/wp-json\/wp\/v2\/media\/68385"}],"wp:attachment":[{"href":"https:\/\/cdnoticias.com\/index.php\/wp-json\/wp\/v2\/media?parent=87669"}],"wp:term":[{"taxonomy":"category","embeddable":true,"href":"https:\/\/cdnoticias.com\/index.php\/wp-json\/wp\/v2\/categories?post=87669"},{"taxonomy":"post_tag","embeddable":true,"href":"https:\/\/cdnoticias.com\/index.php\/wp-json\/wp\/v2\/tags?post=87669"}],"curies":[{"name":"wp","href":"https:\/\/api.w.org\/{rel}","templated":true}]}}